{"id":100946,"date":"2026-04-30T10:16:04","date_gmt":"2026-04-30T10:16:04","guid":{"rendered":"https:\/\/swisstrans.info\/2026\/04\/30\/strebel-hands-over-schneider-leadership-to-peigne\/"},"modified":"2026-04-30T12:26:37","modified_gmt":"2026-04-30T10:26:37","slug":"strebel-hands-over-schneider-leadership-to-peigne","status":"publish","type":"post","link":"https:\/\/swisstrans.info\/en\/2026\/04\/30\/strebel-hands-over-schneider-leadership-to-peigne\/","title":{"rendered":"Strebel hands over Schneider leadership to Peign\u00e9"},"content":{"rendered":"<p>Andr\u00e9 Strebel will hand over the operational management of Schneider Group, an international logistics service provider headquartered in Basel (Switzerland), to \u00c9ric Peign\u00e9 on July 1, 2026. Strebel has significantly shaped the company over the past eight years, greatly expanded its international presence, and successfully completed more than ten acquisitions. He is thanked for his commitment and valuable contribution to the development of the group.<\/p>\n<p>After stepping down from operational leadership, Andr\u00e9 Strebel will remain connected to the company in a strategic role as Senior Advisor and member of the Board of Directors. This continuity is intended to ensure that his experiences and knowledge continue to influence the strategic direction of Schneider Group.<\/p>\n<h3>New CEO brings extensive experience<\/h3>\n<p>\u00c9ric Peign\u00e9 is welcomed as the new CEO of Schneider Group. He brings extensive experience from the international freight forwarding and logistics industry, including from companies such as CEVA Logistics, Bollor\u00e9, and K\u00fchne + Nagel. His strong strategic skills and extensive leadership experience in larger organizations as well as in various regions make him a suitable successor.<\/p>\n<p>Schneider Group is optimistic about future developments. The focus is on scaling the international organization and continuing the Buy &amp; Build strategy, which aims to further drive growth through targeted acquisitions.<\/p>\n<p>&nbsp;<\/p>\n<p><a href=\"https:\/\/schneider-transport.com\/\" target=\"_blank\" rel=\"noopener noreferrer\">www.schneider-transport.com<\/a><\/p>\n<p>&nbsp;<\/p>\n","protected":false},"excerpt":{"rendered":"<p>Andr\u00e9 Strebel will hand over the operational leadership of the Schneider Group to \u00c9ric Peign\u00e9 on July 1, 2026, who brings extensive experience in the logistics industry.<\/p>\n","protected":false},"author":12,"featured_media":100947,"comment_status":"open","ping_status":"open","sticky":false,"template":"","format":"standard","meta":{"_acf_changed":false,"footnotes":""},"categories":[6742,6893,6739,6367],"tags":[10042,6307,10043,1784,2112,10044,10045,2211,2212,5089,2213,10046,2700,2123,10047,2909,6316,10048,10049,10050,10051,2659,2918,2133,2135,1831,2622,10052,1800,2925,6357,2720,2929,10053,2148,2153,6360,4144,2106,2641,2242,10054,5080,10055,2157,10056,10057],"class_list":["post-100946","post","type-post","status-publish","format-standard","has-post-thumbnail","hentry","category-europa","category-logistik-spedition","category-people-companies","category-switzerland","tag-andre-strebel","tag-augmentation-de-la-part-de-marche","tag-bollore","tag-ceva-logistics","tag-corporate-leadership","tag-croissance-par-acquisitions","tag-deutsch-schneider-group","tag-digital-transformation","tag-digitale-transformation","tag-direction-dentreprise","tag-economie-du-transport","tag-eric-peigne","tag-fachkraeftemangel-in-der-logistik","tag-gestion-de-la-chaine-dapprovisionnement","tag-growth-through-acquisitions","tag-hafenbetrieb","tag-increasing-market-share","tag-international-freight-forwarding","tag-international-presence","tag-internationale-praesenz","tag-internationale-spedition","tag-kuehne-nagel","tag-logistics-industry","tag-logistics-service-providers","tag-logistikbranche","tag-logistikdienstleister","tag-logistique-durable","tag-marktanteil-steigern","tag-nachhaltige-logistik","tag-operations-portuaires","tag-orientation-strategique","tag-penurie-de-main-doeuvre-dans-la-logistique","tag-port-operations","tag-presence-internationale","tag-prestataires-de-services-logistiques","tag-secteur-logistique","tag-strategic-direction","tag-strategische-ausrichtung","tag-supply-chain-management","tag-sustainable-logistics","tag-transformation-numerique","tag-transport-economy-francais-schneider-group","tag-transport-international","tag-transportwirtschaft-english-schneider-group","tag-unternehmensfuehrung","tag-wachstum-durch-akquisitionen","tag-workforce-shortage-in-logistics"],"acf":[],"yoast_head":"<!-- This site is optimized with the Yoast SEO plugin v27.3 - https:\/\/yoast.com\/product\/yoast-seo-wordpress\/ -->\n<title>Strebel hands over Schneider leadership to Peign\u00e9 - Swisstrans<\/title>\n<meta name=\"robots\" content=\"index, follow, max-snippet:-1, max-image-preview:large, max-video-preview:-1\" \/>\n<link rel=\"canonical\" href=\"https:\/\/swisstrans.info\/en\/2026\/04\/30\/strebel-hands-over-schneider-leadership-to-peigne\/\" \/>\n<meta property=\"og:locale\" content=\"en_US\" \/>\n<meta property=\"og:type\" content=\"article\" \/>\n<meta property=\"og:title\" content=\"Strebel hands over Schneider leadership to Peign\u00e9 - Swisstrans\" \/>\n<meta property=\"og:description\" content=\"Andr\u00e9 Strebel will hand over the operational leadership of the Schneider Group to \u00c9ric Peign\u00e9 on July 1, 2026, who brings extensive experience in the logistics industry.\" \/>\n<meta property=\"og:url\" content=\"https:\/\/swisstrans.info\/en\/2026\/04\/30\/strebel-hands-over-schneider-leadership-to-peigne\/\" \/>\n<meta property=\"og:site_name\" content=\"Swisstrans\" \/>\n<meta property=\"article:published_time\" content=\"2026-04-30T10:16:04+00:00\" \/>\n<meta property=\"article:modified_time\" content=\"2026-04-30T10:26:37+00:00\" \/>\n<meta property=\"og:image\" content=\"https:\/\/swisstrans.info\/wp-content\/uploads\/sites\/8\/2026\/04\/Andre-Eric_Schneider-Group-1024x929-1-aspect-ratio-1400-788.jpg\" \/>\n\t<meta property=\"og:image:width\" content=\"1024\" \/>\n\t<meta property=\"og:image:height\" content=\"576\" \/>\n\t<meta property=\"og:image:type\" content=\"image\/jpeg\" \/>\n<meta name=\"author\" content=\"Andreas Haug\" \/>\n<meta name=\"twitter:card\" content=\"summary_large_image\" \/>\n<meta name=\"twitter:label1\" content=\"Written by\" \/>\n\t<meta name=\"twitter:data1\" content=\"Andreas Haug\" \/>\n\t<meta name=\"twitter:label2\" content=\"Est. reading time\" \/>\n\t<meta name=\"twitter:data2\" content=\"1 minute\" \/>\n<script type=\"application\/ld+json\" class=\"yoast-schema-graph\">{\"@context\":\"https:\\\/\\\/schema.org\",\"@graph\":[{\"@type\":\"Article\",\"@id\":\"https:\\\/\\\/swisstrans.info\\\/en\\\/2026\\\/04\\\/30\\\/strebel-hands-over-schneider-leadership-to-peigne\\\/#article\",\"isPartOf\":{\"@id\":\"https:\\\/\\\/swisstrans.info\\\/en\\\/2026\\\/04\\\/30\\\/strebel-hands-over-schneider-leadership-to-peigne\\\/\"},\"author\":{\"name\":\"Andreas Haug\",\"@id\":\"https:\\\/\\\/swisstrans.info\\\/en\\\/#\\\/schema\\\/person\\\/cf538b3157f15afd7589245a4b3dbd25\"},\"headline\":\"Strebel hands over Schneider leadership to Peign\u00e9\",\"datePublished\":\"2026-04-30T10:16:04+00:00\",\"dateModified\":\"2026-04-30T10:26:37+00:00\",\"mainEntityOfPage\":{\"@id\":\"https:\\\/\\\/swisstrans.info\\\/en\\\/2026\\\/04\\\/30\\\/strebel-hands-over-schneider-leadership-to-peigne\\\/\"},\"wordCount\":216,\"commentCount\":0,\"publisher\":{\"@id\":\"https:\\\/\\\/swisstrans.info\\\/en\\\/#organization\"},\"image\":{\"@id\":\"https:\\\/\\\/swisstrans.info\\\/en\\\/2026\\\/04\\\/30\\\/strebel-hands-over-schneider-leadership-to-peigne\\\/#primaryimage\"},\"thumbnailUrl\":\"https:\\\/\\\/swisstrans.info\\\/wp-content\\\/uploads\\\/sites\\\/8\\\/2026\\\/04\\\/Andre-Eric_Schneider-Group-1024x929-1-aspect-ratio-1400-788.jpg\",\"keywords\":[\"Andr\u00e9 Strebel\",\"augmentation de la part de march\u00e9\",\"Bollor\u00e9\",\"CEVA Logistics\",\"corporate leadership\",\"croissance par acquisitions\",\"Deutsch Schneider Group\",\"digital transformation\",\"digitale Transformation\",\"direction d'entreprise\",\"\u00e9conomie du transport\",\"\u00c9ric Peign\u00e9\",\"Fachkr\u00e4ftemangel in der Logistik\",\"gestion de la cha\u00eene d'approvisionnement\",\"growth through acquisitions\",\"Hafenbetrieb\",\"increasing market share\",\"international freight forwarding\",\"international presence\",\"internationale Pr\u00e4senz\",\"internationale Spedition\",\"Kuehne + Nagel\",\"logistics industry\",\"logistics service providers\",\"Logistikbranche\",\"Logistikdienstleister\",\"logistique durable\",\"Marktanteil steigern\",\"nachhaltige Logistik\",\"op\u00e9rations portuaires\",\"orientation strat\u00e9gique\",\"p\u00e9nurie de main-d'\u0153uvre dans la logistique\",\"port operations\",\"pr\u00e9sence internationale\",\"prestataires de services logistiques\",\"secteur logistique\",\"strategic direction\",\"strategische Ausrichtung\",\"Supply Chain Management\",\"sustainable logistics\",\"transformation num\u00e9rique\",\"transport economy Fran\u00e7ais Schneider Group\",\"transport international\",\"Transportwirtschaft English Schneider Group\",\"Unternehmensf\u00fchrung\",\"Wachstum durch Akquisitionen\",\"workforce shortage in logistics\"],\"articleSection\":[\"Europa\",\"Logistik &amp; Spedition\",\"People &amp; Companies\",\"Switzerland\"],\"inLanguage\":\"en-US\",\"potentialAction\":[{\"@type\":\"CommentAction\",\"name\":\"Comment\",\"target\":[\"https:\\\/\\\/swisstrans.info\\\/en\\\/2026\\\/04\\\/30\\\/strebel-hands-over-schneider-leadership-to-peigne\\\/#respond\"]}]},{\"@type\":\"WebPage\",\"@id\":\"https:\\\/\\\/swisstrans.info\\\/en\\\/2026\\\/04\\\/30\\\/strebel-hands-over-schneider-leadership-to-peigne\\\/\",\"url\":\"https:\\\/\\\/swisstrans.info\\\/en\\\/2026\\\/04\\\/30\\\/strebel-hands-over-schneider-leadership-to-peigne\\\/\",\"name\":\"Strebel hands over Schneider leadership to Peign\u00e9 - Swisstrans\",\"isPartOf\":{\"@id\":\"https:\\\/\\\/swisstrans.info\\\/en\\\/#website\"},\"primaryImageOfPage\":{\"@id\":\"https:\\\/\\\/swisstrans.info\\\/en\\\/2026\\\/04\\\/30\\\/strebel-hands-over-schneider-leadership-to-peigne\\\/#primaryimage\"},\"image\":{\"@id\":\"https:\\\/\\\/swisstrans.info\\\/en\\\/2026\\\/04\\\/30\\\/strebel-hands-over-schneider-leadership-to-peigne\\\/#primaryimage\"},\"thumbnailUrl\":\"https:\\\/\\\/swisstrans.info\\\/wp-content\\\/uploads\\\/sites\\\/8\\\/2026\\\/04\\\/Andre-Eric_Schneider-Group-1024x929-1-aspect-ratio-1400-788.jpg\",\"datePublished\":\"2026-04-30T10:16:04+00:00\",\"dateModified\":\"2026-04-30T10:26:37+00:00\",\"breadcrumb\":{\"@id\":\"https:\\\/\\\/swisstrans.info\\\/en\\\/2026\\\/04\\\/30\\\/strebel-hands-over-schneider-leadership-to-peigne\\\/#breadcrumb\"},\"inLanguage\":\"en-US\",\"potentialAction\":[{\"@type\":\"ReadAction\",\"target\":[\"https:\\\/\\\/swisstrans.info\\\/en\\\/2026\\\/04\\\/30\\\/strebel-hands-over-schneider-leadership-to-peigne\\\/\"]}]},{\"@type\":\"ImageObject\",\"inLanguage\":\"en-US\",\"@id\":\"https:\\\/\\\/swisstrans.info\\\/en\\\/2026\\\/04\\\/30\\\/strebel-hands-over-schneider-leadership-to-peigne\\\/#primaryimage\",\"url\":\"https:\\\/\\\/swisstrans.info\\\/wp-content\\\/uploads\\\/sites\\\/8\\\/2026\\\/04\\\/Andre-Eric_Schneider-Group-1024x929-1-aspect-ratio-1400-788.jpg\",\"contentUrl\":\"https:\\\/\\\/swisstrans.info\\\/wp-content\\\/uploads\\\/sites\\\/8\\\/2026\\\/04\\\/Andre-Eric_Schneider-Group-1024x929-1-aspect-ratio-1400-788.jpg\",\"width\":1024,\"height\":576},{\"@type\":\"BreadcrumbList\",\"@id\":\"https:\\\/\\\/swisstrans.info\\\/en\\\/2026\\\/04\\\/30\\\/strebel-hands-over-schneider-leadership-to-peigne\\\/#breadcrumb\",\"itemListElement\":[{\"@type\":\"ListItem\",\"position\":1,\"name\":\"Startseite\",\"item\":\"https:\\\/\\\/swisstrans.info\\\/en\\\/\"},{\"@type\":\"ListItem\",\"position\":2,\"name\":\"Strebel hands over Schneider leadership to Peign\u00e9\"}]},{\"@type\":\"WebSite\",\"@id\":\"https:\\\/\\\/swisstrans.info\\\/en\\\/#website\",\"url\":\"https:\\\/\\\/swisstrans.info\\\/en\\\/\",\"name\":\"Swisstrans\",\"description\":\"Swisstrans is an information platform for transport and logistics in Switzerland, established in 2002, connecting shippers with providers of products and services.\",\"publisher\":{\"@id\":\"https:\\\/\\\/swisstrans.info\\\/en\\\/#organization\"},\"potentialAction\":[{\"@type\":\"SearchAction\",\"target\":{\"@type\":\"EntryPoint\",\"urlTemplate\":\"https:\\\/\\\/swisstrans.info\\\/en\\\/?s={search_term_string}\"},\"query-input\":{\"@type\":\"PropertyValueSpecification\",\"valueRequired\":true,\"valueName\":\"search_term_string\"}}],\"inLanguage\":\"en-US\"},{\"@type\":\"Organization\",\"@id\":\"https:\\\/\\\/swisstrans.info\\\/en\\\/#organization\",\"name\":\"Grupo Logismedia AG\",\"alternateName\":\"Logismedia Group AG\",\"url\":\"https:\\\/\\\/swisstrans.info\\\/en\\\/\",\"logo\":{\"@type\":\"ImageObject\",\"inLanguage\":\"en-US\",\"@id\":\"https:\\\/\\\/swisstrans.info\\\/en\\\/#\\\/schema\\\/logo\\\/image\\\/\",\"url\":\"https:\\\/\\\/swisstrans.info\\\/wp-content\\\/uploads\\\/sites\\\/8\\\/2026\\\/01\\\/swisstrans_logo.png\",\"contentUrl\":\"https:\\\/\\\/swisstrans.info\\\/wp-content\\\/uploads\\\/sites\\\/8\\\/2026\\\/01\\\/swisstrans_logo.png\",\"width\":823,\"height\":164,\"caption\":\"Grupo Logismedia AG\"},\"image\":{\"@id\":\"https:\\\/\\\/swisstrans.info\\\/en\\\/#\\\/schema\\\/logo\\\/image\\\/\"},\"sameAs\":[\"https:\\\/\\\/www.linkedin.com\\\/showcase\\\/swisstrans-info\\\/\"]},{\"@type\":\"Person\",\"@id\":\"https:\\\/\\\/swisstrans.info\\\/en\\\/#\\\/schema\\\/person\\\/cf538b3157f15afd7589245a4b3dbd25\",\"name\":\"Andreas Haug\",\"url\":\"https:\\\/\\\/swisstrans.info\\\/en\\\/author\\\/andreas\\\/\"}]}<\/script>\n<!-- \/ Yoast SEO plugin. -->","yoast_head_json":{"title":"Strebel hands over Schneider leadership to Peign\u00e9 - Swisstrans","robots":{"index":"index","follow":"follow","max-snippet":"max-snippet:-1","max-image-preview":"max-image-preview:large","max-video-preview":"max-video-preview:-1"},"canonical":"https:\/\/swisstrans.info\/en\/2026\/04\/30\/strebel-hands-over-schneider-leadership-to-peigne\/","og_locale":"en_US","og_type":"article","og_title":"Strebel hands over Schneider leadership to Peign\u00e9 - Swisstrans","og_description":"Andr\u00e9 Strebel will hand over the operational leadership of the Schneider Group to \u00c9ric Peign\u00e9 on July 1, 2026, who brings extensive experience in the logistics industry.","og_url":"https:\/\/swisstrans.info\/en\/2026\/04\/30\/strebel-hands-over-schneider-leadership-to-peigne\/","og_site_name":"Swisstrans","article_published_time":"2026-04-30T10:16:04+00:00","article_modified_time":"2026-04-30T10:26:37+00:00","og_image":[{"width":1024,"height":576,"url":"https:\/\/swisstrans.info\/wp-content\/uploads\/sites\/8\/2026\/04\/Andre-Eric_Schneider-Group-1024x929-1-aspect-ratio-1400-788.jpg","type":"image\/jpeg"}],"author":"Andreas Haug","twitter_card":"summary_large_image","twitter_misc":{"Written by":"Andreas Haug","Est. reading time":"1 minute"},"schema":{"@context":"https:\/\/schema.org","@graph":[{"@type":"Article","@id":"https:\/\/swisstrans.info\/en\/2026\/04\/30\/strebel-hands-over-schneider-leadership-to-peigne\/#article","isPartOf":{"@id":"https:\/\/swisstrans.info\/en\/2026\/04\/30\/strebel-hands-over-schneider-leadership-to-peigne\/"},"author":{"name":"Andreas Haug","@id":"https:\/\/swisstrans.info\/en\/#\/schema\/person\/cf538b3157f15afd7589245a4b3dbd25"},"headline":"Strebel hands over Schneider leadership to Peign\u00e9","datePublished":"2026-04-30T10:16:04+00:00","dateModified":"2026-04-30T10:26:37+00:00","mainEntityOfPage":{"@id":"https:\/\/swisstrans.info\/en\/2026\/04\/30\/strebel-hands-over-schneider-leadership-to-peigne\/"},"wordCount":216,"commentCount":0,"publisher":{"@id":"https:\/\/swisstrans.info\/en\/#organization"},"image":{"@id":"https:\/\/swisstrans.info\/en\/2026\/04\/30\/strebel-hands-over-schneider-leadership-to-peigne\/#primaryimage"},"thumbnailUrl":"https:\/\/swisstrans.info\/wp-content\/uploads\/sites\/8\/2026\/04\/Andre-Eric_Schneider-Group-1024x929-1-aspect-ratio-1400-788.jpg","keywords":["Andr\u00e9 Strebel","augmentation de la part de march\u00e9","Bollor\u00e9","CEVA Logistics","corporate leadership","croissance par acquisitions","Deutsch Schneider Group","digital transformation","digitale Transformation","direction d'entreprise","\u00e9conomie du transport","\u00c9ric Peign\u00e9","Fachkr\u00e4ftemangel in der Logistik","gestion de la cha\u00eene d'approvisionnement","growth through acquisitions","Hafenbetrieb","increasing market share","international freight forwarding","international presence","internationale Pr\u00e4senz","internationale Spedition","Kuehne + Nagel","logistics industry","logistics service providers","Logistikbranche","Logistikdienstleister","logistique durable","Marktanteil steigern","nachhaltige Logistik","op\u00e9rations portuaires","orientation strat\u00e9gique","p\u00e9nurie de main-d'\u0153uvre dans la logistique","port operations","pr\u00e9sence internationale","prestataires de services logistiques","secteur logistique","strategic direction","strategische Ausrichtung","Supply Chain Management","sustainable logistics","transformation num\u00e9rique","transport economy Fran\u00e7ais Schneider Group","transport international","Transportwirtschaft English Schneider Group","Unternehmensf\u00fchrung","Wachstum durch Akquisitionen","workforce shortage in logistics"],"articleSection":["Europa","Logistik &amp; Spedition","People &amp; Companies","Switzerland"],"inLanguage":"en-US","potentialAction":[{"@type":"CommentAction","name":"Comment","target":["https:\/\/swisstrans.info\/en\/2026\/04\/30\/strebel-hands-over-schneider-leadership-to-peigne\/#respond"]}]},{"@type":"WebPage","@id":"https:\/\/swisstrans.info\/en\/2026\/04\/30\/strebel-hands-over-schneider-leadership-to-peigne\/","url":"https:\/\/swisstrans.info\/en\/2026\/04\/30\/strebel-hands-over-schneider-leadership-to-peigne\/","name":"Strebel hands over Schneider leadership to Peign\u00e9 - Swisstrans","isPartOf":{"@id":"https:\/\/swisstrans.info\/en\/#website"},"primaryImageOfPage":{"@id":"https:\/\/swisstrans.info\/en\/2026\/04\/30\/strebel-hands-over-schneider-leadership-to-peigne\/#primaryimage"},"image":{"@id":"https:\/\/swisstrans.info\/en\/2026\/04\/30\/strebel-hands-over-schneider-leadership-to-peigne\/#primaryimage"},"thumbnailUrl":"https:\/\/swisstrans.info\/wp-content\/uploads\/sites\/8\/2026\/04\/Andre-Eric_Schneider-Group-1024x929-1-aspect-ratio-1400-788.jpg","datePublished":"2026-04-30T10:16:04+00:00","dateModified":"2026-04-30T10:26:37+00:00","breadcrumb":{"@id":"https:\/\/swisstrans.info\/en\/2026\/04\/30\/strebel-hands-over-schneider-leadership-to-peigne\/#breadcrumb"},"inLanguage":"en-US","potentialAction":[{"@type":"ReadAction","target":["https:\/\/swisstrans.info\/en\/2026\/04\/30\/strebel-hands-over-schneider-leadership-to-peigne\/"]}]},{"@type":"ImageObject","inLanguage":"en-US","@id":"https:\/\/swisstrans.info\/en\/2026\/04\/30\/strebel-hands-over-schneider-leadership-to-peigne\/#primaryimage","url":"https:\/\/swisstrans.info\/wp-content\/uploads\/sites\/8\/2026\/04\/Andre-Eric_Schneider-Group-1024x929-1-aspect-ratio-1400-788.jpg","contentUrl":"https:\/\/swisstrans.info\/wp-content\/uploads\/sites\/8\/2026\/04\/Andre-Eric_Schneider-Group-1024x929-1-aspect-ratio-1400-788.jpg","width":1024,"height":576},{"@type":"BreadcrumbList","@id":"https:\/\/swisstrans.info\/en\/2026\/04\/30\/strebel-hands-over-schneider-leadership-to-peigne\/#breadcrumb","itemListElement":[{"@type":"ListItem","position":1,"name":"Startseite","item":"https:\/\/swisstrans.info\/en\/"},{"@type":"ListItem","position":2,"name":"Strebel hands over Schneider leadership to Peign\u00e9"}]},{"@type":"WebSite","@id":"https:\/\/swisstrans.info\/en\/#website","url":"https:\/\/swisstrans.info\/en\/","name":"Swisstrans","description":"Swisstrans is an information platform for transport and logistics in Switzerland, established in 2002, connecting shippers with providers of products and services.","publisher":{"@id":"https:\/\/swisstrans.info\/en\/#organization"},"potentialAction":[{"@type":"SearchAction","target":{"@type":"EntryPoint","urlTemplate":"https:\/\/swisstrans.info\/en\/?s={search_term_string}"},"query-input":{"@type":"PropertyValueSpecification","valueRequired":true,"valueName":"search_term_string"}}],"inLanguage":"en-US"},{"@type":"Organization","@id":"https:\/\/swisstrans.info\/en\/#organization","name":"Grupo Logismedia AG","alternateName":"Logismedia Group AG","url":"https:\/\/swisstrans.info\/en\/","logo":{"@type":"ImageObject","inLanguage":"en-US","@id":"https:\/\/swisstrans.info\/en\/#\/schema\/logo\/image\/","url":"https:\/\/swisstrans.info\/wp-content\/uploads\/sites\/8\/2026\/01\/swisstrans_logo.png","contentUrl":"https:\/\/swisstrans.info\/wp-content\/uploads\/sites\/8\/2026\/01\/swisstrans_logo.png","width":823,"height":164,"caption":"Grupo Logismedia AG"},"image":{"@id":"https:\/\/swisstrans.info\/en\/#\/schema\/logo\/image\/"},"sameAs":["https:\/\/www.linkedin.com\/showcase\/swisstrans-info\/"]},{"@type":"Person","@id":"https:\/\/swisstrans.info\/en\/#\/schema\/person\/cf538b3157f15afd7589245a4b3dbd25","name":"Andreas Haug","url":"https:\/\/swisstrans.info\/en\/author\/andreas\/"}]}},"_links":{"self":[{"href":"https:\/\/swisstrans.info\/en\/wp-json\/wp\/v2\/posts\/100946","targetHints":{"allow":["GET"]}}],"collection":[{"href":"https:\/\/swisstrans.info\/en\/wp-json\/wp\/v2\/posts"}],"about":[{"href":"https:\/\/swisstrans.info\/en\/wp-json\/wp\/v2\/types\/post"}],"author":[{"embeddable":true,"href":"https:\/\/swisstrans.info\/en\/wp-json\/wp\/v2\/users\/12"}],"replies":[{"embeddable":true,"href":"https:\/\/swisstrans.info\/en\/wp-json\/wp\/v2\/comments?post=100946"}],"version-history":[{"count":4,"href":"https:\/\/swisstrans.info\/en\/wp-json\/wp\/v2\/posts\/100946\/revisions"}],"predecessor-version":[{"id":100975,"href":"https:\/\/swisstrans.info\/en\/wp-json\/wp\/v2\/posts\/100946\/revisions\/100975"}],"wp:featuredmedia":[{"embeddable":true,"href":"https:\/\/swisstrans.info\/en\/wp-json\/wp\/v2\/media\/100947"}],"wp:attachment":[{"href":"https:\/\/swisstrans.info\/en\/wp-json\/wp\/v2\/media?parent=100946"}],"wp:term":[{"taxonomy":"category","embeddable":true,"href":"https:\/\/swisstrans.info\/en\/wp-json\/wp\/v2\/categories?post=100946"},{"taxonomy":"post_tag","embeddable":true,"href":"https:\/\/swisstrans.info\/en\/wp-json\/wp\/v2\/tags?post=100946"}],"curies":[{"name":"wp","href":"https:\/\/api.w.org\/{rel}","templated":true}]}}