{"id":100208,"date":"2026-03-11T16:02:07","date_gmt":"2026-03-11T16:02:07","guid":{"rendered":"https:\/\/swisstrans.info\/2026\/03\/11\/sbb-cargo-sigue-siendo-el-nino-problematico-en-2025-a-pesar-de-la-transformacion\/"},"modified":"2026-03-11T16:02:07","modified_gmt":"2026-03-11T16:02:07","slug":"sbb-cargo-sigue-siendo-el-nino-problematico-en-2025-a-pesar-de-la-transformacion","status":"publish","type":"post","link":"https:\/\/swisstrans.info\/es\/2026\/03\/11\/sbb-cargo-sigue-siendo-el-nino-problematico-en-2025-a-pesar-de-la-transformacion\/","title":{"rendered":"SBB Cargo sigue siendo el ni\u00f1o problem\u00e1tico en 2025 a pesar de la transformaci\u00f3n"},"content":{"rendered":"<p>La SBB ha registrado en 2025 un aumento en el n\u00famero diario de pasajeros. Con 1,43 millones de viajeros por d\u00eda, la cifra supera los 1,39 millones del a\u00f1o 2024. Este desarrollo en el transporte de pasajeros ha llevado a mayores ingresos. Sin embargo, tambi\u00e9n han aumentado los costos operativos y de mantenimiento, as\u00ed como el consumo de energ\u00eda. En contraste, los ingresos del transporte de mercanc\u00edas han disminuido. A pesar de la transformaci\u00f3n, este sector sigue siendo un problema. Sin embargo, SBB Immobilien ha logrado obtener un resultado s\u00f3lido.<\/p>\n<h3>Resultado anual y efectos extraordinarios<\/h3>\n<p>El resultado anual de la SBB es de 496 millones de francos, lo que representa un aumento significativo en comparaci\u00f3n con los 275 millones de francos del a\u00f1o anterior. Sin embargo, alrededor de la mitad de esta cantidad se debe a efectos extraordinarios, que resultan principalmente de una reducci\u00f3n de la obligaci\u00f3n de pensiones. Estos efectos extraordinarios no afectan la deuda, que actualmente se sit\u00faa en 11,3 mil millones de francos, despu\u00e9s de haber sido de 12,1 mil millones de francos el a\u00f1o anterior.<\/p>\n<h3>SBB Cargo sigue siendo un desaf\u00edo<\/h3>\n<p>La SBB enfrenta el desaf\u00edo de financiar las inversiones necesarias en material rodante e instalaciones energ\u00e9ticas con recursos propios. Para permitir estas inversiones, se considera necesario un beneficio operativo anual de aproximadamente 500 millones de francos.<\/p>\n<p data-start=\"298\" data-end=\"572\">El transporte de mercanc\u00edas sigue siendo uno de los mayores desaf\u00edos dentro del grupo SBB. Mientras que el transporte de pasajeros contin\u00faa benefici\u00e1ndose de un aumento en el n\u00famero de viajeros, SBB Cargo est\u00e1 bajo presi\u00f3n econ\u00f3mica y se encuentra en una fase de transformaci\u00f3n profunda.<\/p>\n<p data-start=\"621\" data-end=\"1054\">SBB Cargo es el principal proveedor en el transporte ferroviario de mercanc\u00edas en Suiza. Diariamente, los trenes de mercanc\u00edas transportan alrededor de 170,000 toneladas de bienes a trav\u00e9s de Suiza. De este modo, el ferrocarril asume aproximadamente una s\u00e9ptima parte del transporte nacional de mercanc\u00edas y alivia las carreteras de alrededor de 15,000 viajes de camiones al d\u00eda. Al mismo tiempo, el transporte por ferrocarril permite un ahorro de CO\u2082 de aproximadamente el 80 % en comparaci\u00f3n con el transporte por carretera.<\/p>\n<p data-start=\"1056\" data-end=\"1466\">La empresa atiende diferentes segmentos de transporte. Estos incluyen trenes completos, el transporte combinado con contenedores y semirremolques, as\u00ed como el transporte de mercanc\u00edas en vagones individuales (EWLV), donde los vagones individuales se agrupan en trenes a trav\u00e9s de estaciones de clasificaci\u00f3n. Este \u00faltimo se considera tradicionalmente especialmente importante para el suministro de la industria, pero tambi\u00e9n es el segmento m\u00e1s dif\u00edcil econ\u00f3micamente.<\/p>\n<p data-start=\"1499\" data-end=\"1716\">En el transporte de mercanc\u00edas en vagones individuales, SBB Cargo transporta anualmente alrededor de 11 millones de toneladas de bienes con m\u00e1s de medio mill\u00f3n de vagones. Los clientes provienen de sectores como la qu\u00edmica, la construcci\u00f3n, el acero, los alimentos o la madera.<\/p>\n<p data-start=\"1718\" data-end=\"1927\">Sin embargo, el rendimiento del transporte es dependiente del ciclo econ\u00f3mico. Una demanda industrial m\u00e1s d\u00e9bil, as\u00ed como cambios estructurales en la log\u00edstica, han llevado recientemente a una disminuci\u00f3n de las cantidades en el transporte interno y de tr\u00e1nsito.<\/p>\n<p data-start=\"1929\" data-end=\"2224\">Adem\u00e1s del transporte nacional, SBB Cargo tambi\u00e9n opera transportes ferroviarios internacionales a trav\u00e9s de su filial <span class=\"hover:entity-accent entity-underline inline cursor-pointer align-baseline\"><span class=\"whitespace-normal\">SBB Cargo International<\/span><\/span>. Mientras que este sector vuelve a ser rentable, el transporte interno suizo sigue siendo el principal desaf\u00edo econ\u00f3mico.<\/p>\n<h2 data-section-id=\"16im8ij\" data-start=\"2226\" data-end=\"2254\">Situaci\u00f3n econ\u00f3mica<\/h2>\n<p data-start=\"2256\" data-end=\"2639\">En el a\u00f1o fiscal 2024, <span class=\"hover:entity-accent entity-underline inline cursor-pointer align-baseline\"><span class=\"whitespace-normal\">SBB Cargo<\/span><\/span> registr\u00f3 una p\u00e9rdida de alrededor de 76 millones de francos. Tambi\u00e9n en el a\u00f1o fiscal en curso, la situaci\u00f3n sigue siendo tensa. Los observadores de la industria estiman que el d\u00e9ficit podr\u00eda alcanzar alrededor de 100 millones de francos en 2025, si los problemas estructurales en el transporte de mercanc\u00edas no se resuelven r\u00e1pidamente.<\/p>\n<p data-start=\"2641\" data-end=\"2806\">Sin embargo, el gobierno como propietario espera que el transporte de mercanc\u00edas se opere de manera sostenible a largo plazo, ya que no se considera un \u00e1rea cl\u00e1sica de servicio p\u00fablico.<\/p>\n<p data-start=\"2808\" data-end=\"3039\">Las dificultades financieras est\u00e1n relacionadas principalmente con tres factores: el d\u00e9ficit estructural en el transporte de mercanc\u00edas en vagones individuales, la fuerte competencia con el transporte por carretera y las cantidades de transporte m\u00e1s d\u00e9biles debido al ciclo econ\u00f3mico.<\/p>\n<p data-start=\"3041\" data-end=\"3160\">Para reducir costos, ya se han eliminado puestos de trabajo. En total, SBB Cargo emplea a alrededor de 2,250 personas.<\/p>\n<p data-start=\"3194\" data-end=\"3426\">En respuesta a las p\u00e9rdidas continuas, la SBB est\u00e1 trabajando en una reorientaci\u00f3n integral del transporte de mercanc\u00edas. El objetivo es hacer el sistema m\u00e1s eficiente y adaptar la producci\u00f3n m\u00e1s estrechamente a la demanda real.<\/p>\n<p data-start=\"3428\" data-end=\"3629\">El enfoque est\u00e1 especialmente en la modernizaci\u00f3n del transporte de mercanc\u00edas en vagones individuales, la expansi\u00f3n de trenes completos eficientes y una mayor integraci\u00f3n del transporte ferroviario y por carretera en el transporte combinado.<\/p>\n<p data-start=\"3631\" data-end=\"3770\">Una parte de esta estrategia es el concepto &#8222;Suisse Cargo Logistics&#8220;, que tiene como objetivo estabilizar econ\u00f3micamente el transporte de mercanc\u00edas a largo plazo.<\/p>\n<p data-start=\"3785\" data-end=\"4072\">SBB Cargo se encuentra, por lo tanto, en un punto de inflexi\u00f3n. Por un lado, el transporte ferroviario de mercanc\u00edas sigue siendo una parte central de la log\u00edstica suiza y juega un papel importante en la protecci\u00f3n del clima y el cambio modal. Por otro lado, la creciente presi\u00f3n competitiva requiere ajustes estructurales.<\/p>\n<p data-start=\"4074\" data-end=\"4266\">El \u00e9xito de la transformaci\u00f3n ser\u00e1 decisivo para determinar si el transporte ferroviario de mercanc\u00edas en Suiza puede mantener su papel como columna vertebral de una pol\u00edtica de transporte sostenible a largo plazo.<\/p>\n<h3 data-start=\"4074\" data-end=\"4266\"><a href=\"http:\/\/Die genauen Gesch\u00e4ftszahlen finden Sie auf der\" target=\"_blank\" rel=\"noopener noreferrer\"><strong>Aqu\u00ed se encuentra el informe anual<\/strong><\/a><\/h3>\n","protected":false},"excerpt":{"rendered":"<p>SBB registr\u00f3 en 2025 un aumento en el n\u00famero de pasajeros a 1,43 millones por d\u00eda y logr\u00f3 un resultado anual de 496 millones de francos.<\/p>\n","protected":false},"author":7,"featured_media":100205,"comment_status":"open","ping_status":"open","sticky":false,"template":"","format":"standard","meta":{"_acf_changed":false,"footnotes":""},"categories":[6740,6742,7588,6366],"tags":[7839,7840,7841,7842,7843,7844,7845,7846,6947,2115,2116,7847,7848,7849,7850,7851,7852,7853,6835,2125,7854,7855,7856,7857,7858,2133,1831,7859,7860,7861,3157,7862,7863,7864,7865,7866,2148,2193,6976,7867,7868,7869,1916,7870,7871,7872,7873,7874,7875,6861,3125,2155,7876,1837,7877,7878],"class_list":["post-100208","post","type-post","status-publish","format-standard","has-post-thumbnail","hentry","category-bahn-binnenschifffahrt-strasse","category-europa","category-finanzberichte","category-suiza","tag-betriebs-und-instandhaltungskosten","tag-changements-structurels-logistique","tag-co-savings-rail","tag-co-einsparung-schiene","tag-combined-transport","tag-consommation-denergie","tag-couts-dexploitation-et-de-maintenance","tag-defis-economiques","tag-deutsch-sbb-cargo","tag-digitalisierung-in-der-logistik","tag-digitalization-in-logistics","tag-economic-challenges","tag-economies-de-co-rail","tag-einzelwagenladungsverkehr","tag-energieaufwand","tag-energy-expenditure","tag-fachkraeftemangel-im-transport","tag-goods-transport-switzerland","tag-guetertransport-schweiz","tag-industrie-du-transport","tag-investissements-dans-le-materiel-roulant","tag-investitionen-in-rollmaterial","tag-investments-in-rolling-stock","tag-kombinierter-verkehr","tag-labor-shortage-in-transport","tag-logistics-service-providers","tag-logistikdienstleister","tag-market-share-freight-transport","tag-marktanteil-gueterverkehr","tag-nachhaltige-transportpolitik","tag-numerisation-dans-la-logistique","tag-operating-and-maintenance-costs","tag-part-de-marche-transport-de-marchandises","tag-penurie-de-main-doeuvre-dans-le-transport","tag-performance-de-transport","tag-politique-de-transport-durable","tag-prestataires-de-services-logistiques","tag-rail-freight-transport","tag-sbb-cargo-international","tag-sbb-immobilien","tag-sbb-immobilier","tag-sbb-real-estate","tag-schienengueterverkehr","tag-single-wagon-load-traffic","tag-structural-changes-logistics-francais-sbb-cargo","tag-strukturelle-veraenderungen-logistik-english-sbb-cargo","tag-sustainable-transport-policy","tag-trafic-de-wagons-isoles","tag-transport-combine","tag-transport-de-marchandises-suisse","tag-transport-ferroviaire-de-marchandises","tag-transport-industry","tag-transport-performance","tag-transportwirtschaft","tag-verkehrsleistung","tag-wirtschaftliche-herausforderungen"],"acf":[],"yoast_head":"<!-- This site is optimized with the Yoast SEO plugin v27.3 - https:\/\/yoast.com\/product\/yoast-seo-wordpress\/ -->\n<title>SBB Cargo sigue siendo el ni\u00f1o problem\u00e1tico en 2025 a pesar de la transformaci\u00f3n - Swisstrans<\/title>\n<meta name=\"robots\" content=\"index, follow, max-snippet:-1, max-image-preview:large, max-video-preview:-1\" \/>\n<link rel=\"canonical\" href=\"https:\/\/swisstrans.info\/es\/2026\/03\/11\/sbb-cargo-sigue-siendo-el-nino-problematico-en-2025-a-pesar-de-la-transformacion\/\" \/>\n<meta property=\"og:locale\" content=\"es_ES\" \/>\n<meta property=\"og:type\" content=\"article\" \/>\n<meta property=\"og:title\" content=\"SBB Cargo sigue siendo el ni\u00f1o problem\u00e1tico en 2025 a pesar de la transformaci\u00f3n - Swisstrans\" \/>\n<meta property=\"og:description\" content=\"SBB registr\u00f3 en 2025 un aumento en el n\u00famero de pasajeros a 1,43 millones por d\u00eda y logr\u00f3 un resultado anual de 496 millones de francos.\" \/>\n<meta property=\"og:url\" content=\"https:\/\/swisstrans.info\/es\/2026\/03\/11\/sbb-cargo-sigue-siendo-el-nino-problematico-en-2025-a-pesar-de-la-transformacion\/\" \/>\n<meta property=\"og:site_name\" content=\"Swisstrans\" \/>\n<meta property=\"article:published_time\" content=\"2026-03-11T16:02:07+00:00\" \/>\n<meta property=\"og:image\" content=\"https:\/\/swisstrans.info\/wp-content\/uploads\/sites\/8\/2026\/03\/SBB_11.3.26-aspect-ratio-1400-788.jpg\" \/>\n\t<meta property=\"og:image:width\" content=\"1124\" \/>\n\t<meta property=\"og:image:height\" content=\"633\" \/>\n\t<meta property=\"og:image:type\" content=\"image\/jpeg\" \/>\n<meta name=\"author\" content=\"Andreas M\u00fcller\" \/>\n<meta name=\"twitter:card\" content=\"summary_large_image\" \/>\n<meta name=\"twitter:label1\" content=\"Escrito por\" \/>\n\t<meta name=\"twitter:data1\" content=\"Andreas M\u00fcller\" \/>\n\t<meta name=\"twitter:label2\" content=\"Tiempo de lectura\" \/>\n\t<meta name=\"twitter:data2\" content=\"5 minuto\" \/>\n<script type=\"application\/ld+json\" class=\"yoast-schema-graph\">{\"@context\":\"https:\\\/\\\/schema.org\",\"@graph\":[{\"@type\":\"Article\",\"@id\":\"https:\\\/\\\/swisstrans.info\\\/es\\\/2026\\\/03\\\/11\\\/sbb-cargo-sigue-siendo-el-nino-problematico-en-2025-a-pesar-de-la-transformacion\\\/#article\",\"isPartOf\":{\"@id\":\"https:\\\/\\\/swisstrans.info\\\/es\\\/2026\\\/03\\\/11\\\/sbb-cargo-sigue-siendo-el-nino-problematico-en-2025-a-pesar-de-la-transformacion\\\/\"},\"author\":{\"name\":\"Andreas M\u00fcller\",\"@id\":\"https:\\\/\\\/swisstrans.info\\\/es\\\/#\\\/schema\\\/person\\\/7b1593b33567ba798d300c8a1b0b85b1\"},\"headline\":\"SBB Cargo sigue siendo el ni\u00f1o problem\u00e1tico en 2025 a pesar de la transformaci\u00f3n\",\"datePublished\":\"2026-03-11T16:02:07+00:00\",\"mainEntityOfPage\":{\"@id\":\"https:\\\/\\\/swisstrans.info\\\/es\\\/2026\\\/03\\\/11\\\/sbb-cargo-sigue-siendo-el-nino-problematico-en-2025-a-pesar-de-la-transformacion\\\/\"},\"wordCount\":964,\"commentCount\":0,\"publisher\":{\"@id\":\"https:\\\/\\\/swisstrans.info\\\/es\\\/#organization\"},\"image\":{\"@id\":\"https:\\\/\\\/swisstrans.info\\\/es\\\/2026\\\/03\\\/11\\\/sbb-cargo-sigue-siendo-el-nino-problematico-en-2025-a-pesar-de-la-transformacion\\\/#primaryimage\"},\"thumbnailUrl\":\"https:\\\/\\\/swisstrans.info\\\/wp-content\\\/uploads\\\/sites\\\/8\\\/2026\\\/03\\\/SBB_11.3.26-aspect-ratio-1400-788.jpg\",\"keywords\":[\"Betriebs- und Instandhaltungskosten\",\"changements structurels logistique\",\"CO\u2082 savings rail\",\"CO\u2082-Einsparung Schiene\",\"combined transport\",\"consommation d'\u00e9nergie\",\"co\u00fbts d'exploitation et de maintenance\",\"d\u00e9fis \u00e9conomiques\",\"Deutsch SBB Cargo\",\"Digitalisierung in der Logistik\",\"digitalization in logistics\",\"economic challenges\",\"\u00e9conomies de CO\u2082 rail\",\"Einzelwagenladungsverkehr\",\"Energieaufwand\",\"energy expenditure\",\"Fachkr\u00e4ftemangel im Transport\",\"goods transport Switzerland\",\"G\u00fctertransport Schweiz\",\"industrie du transport\",\"investissements dans le mat\u00e9riel roulant\",\"Investitionen in Rollmaterial\",\"investments in rolling stock\",\"kombinierter Verkehr\",\"labor shortage in transport\",\"logistics service providers\",\"Logistikdienstleister\",\"market share freight transport\",\"Marktanteil G\u00fcterverkehr\",\"nachhaltige Transportpolitik\",\"num\u00e9risation dans la logistique\",\"operating and maintenance costs\",\"part de march\u00e9 transport de marchandises\",\"p\u00e9nurie de main-d'\u0153uvre dans le transport\",\"performance de transport\",\"politique de transport durable\",\"prestataires de services logistiques\",\"rail freight transport\",\"SBB Cargo International\",\"SBB Immobilien\",\"SBB immobilier\",\"SBB real estate\",\"Schieneng\u00fcterverkehr\",\"single wagon load traffic\",\"structural changes logistics Fran\u00e7ais SBB Cargo\",\"strukturelle Ver\u00e4nderungen Logistik English SBB Cargo\",\"sustainable transport policy\",\"trafic de wagons isol\u00e9s\",\"transport combin\u00e9\",\"transport de marchandises Suisse\",\"transport ferroviaire de marchandises\",\"transport industry\",\"transport performance\",\"Transportwirtschaft\",\"Verkehrsleistung\",\"wirtschaftliche Herausforderungen\"],\"articleSection\":[\"Bahn \\\/ Binnenschifffahrt \\\/ Strasse\",\"Europa\",\"Finanz-\\\/Jahresberichte\",\"Suiza\"],\"inLanguage\":\"es\",\"potentialAction\":[{\"@type\":\"CommentAction\",\"name\":\"Comment\",\"target\":[\"https:\\\/\\\/swisstrans.info\\\/es\\\/2026\\\/03\\\/11\\\/sbb-cargo-sigue-siendo-el-nino-problematico-en-2025-a-pesar-de-la-transformacion\\\/#respond\"]}]},{\"@type\":\"WebPage\",\"@id\":\"https:\\\/\\\/swisstrans.info\\\/es\\\/2026\\\/03\\\/11\\\/sbb-cargo-sigue-siendo-el-nino-problematico-en-2025-a-pesar-de-la-transformacion\\\/\",\"url\":\"https:\\\/\\\/swisstrans.info\\\/es\\\/2026\\\/03\\\/11\\\/sbb-cargo-sigue-siendo-el-nino-problematico-en-2025-a-pesar-de-la-transformacion\\\/\",\"name\":\"SBB Cargo sigue siendo el ni\u00f1o problem\u00e1tico en 2025 a pesar de la transformaci\u00f3n - Swisstrans\",\"isPartOf\":{\"@id\":\"https:\\\/\\\/swisstrans.info\\\/es\\\/#website\"},\"primaryImageOfPage\":{\"@id\":\"https:\\\/\\\/swisstrans.info\\\/es\\\/2026\\\/03\\\/11\\\/sbb-cargo-sigue-siendo-el-nino-problematico-en-2025-a-pesar-de-la-transformacion\\\/#primaryimage\"},\"image\":{\"@id\":\"https:\\\/\\\/swisstrans.info\\\/es\\\/2026\\\/03\\\/11\\\/sbb-cargo-sigue-siendo-el-nino-problematico-en-2025-a-pesar-de-la-transformacion\\\/#primaryimage\"},\"thumbnailUrl\":\"https:\\\/\\\/swisstrans.info\\\/wp-content\\\/uploads\\\/sites\\\/8\\\/2026\\\/03\\\/SBB_11.3.26-aspect-ratio-1400-788.jpg\",\"datePublished\":\"2026-03-11T16:02:07+00:00\",\"breadcrumb\":{\"@id\":\"https:\\\/\\\/swisstrans.info\\\/es\\\/2026\\\/03\\\/11\\\/sbb-cargo-sigue-siendo-el-nino-problematico-en-2025-a-pesar-de-la-transformacion\\\/#breadcrumb\"},\"inLanguage\":\"es\",\"potentialAction\":[{\"@type\":\"ReadAction\",\"target\":[\"https:\\\/\\\/swisstrans.info\\\/es\\\/2026\\\/03\\\/11\\\/sbb-cargo-sigue-siendo-el-nino-problematico-en-2025-a-pesar-de-la-transformacion\\\/\"]}]},{\"@type\":\"ImageObject\",\"inLanguage\":\"es\",\"@id\":\"https:\\\/\\\/swisstrans.info\\\/es\\\/2026\\\/03\\\/11\\\/sbb-cargo-sigue-siendo-el-nino-problematico-en-2025-a-pesar-de-la-transformacion\\\/#primaryimage\",\"url\":\"https:\\\/\\\/swisstrans.info\\\/wp-content\\\/uploads\\\/sites\\\/8\\\/2026\\\/03\\\/SBB_11.3.26-aspect-ratio-1400-788.jpg\",\"contentUrl\":\"https:\\\/\\\/swisstrans.info\\\/wp-content\\\/uploads\\\/sites\\\/8\\\/2026\\\/03\\\/SBB_11.3.26-aspect-ratio-1400-788.jpg\",\"width\":1124,\"height\":633},{\"@type\":\"BreadcrumbList\",\"@id\":\"https:\\\/\\\/swisstrans.info\\\/es\\\/2026\\\/03\\\/11\\\/sbb-cargo-sigue-siendo-el-nino-problematico-en-2025-a-pesar-de-la-transformacion\\\/#breadcrumb\",\"itemListElement\":[{\"@type\":\"ListItem\",\"position\":1,\"name\":\"Startseite\",\"item\":\"https:\\\/\\\/swisstrans.info\\\/es\\\/\"},{\"@type\":\"ListItem\",\"position\":2,\"name\":\"SBB Cargo sigue siendo el ni\u00f1o problem\u00e1tico en 2025 a pesar de la transformaci\u00f3n\"}]},{\"@type\":\"WebSite\",\"@id\":\"https:\\\/\\\/swisstrans.info\\\/es\\\/#website\",\"url\":\"https:\\\/\\\/swisstrans.info\\\/es\\\/\",\"name\":\"Swisstrans\",\"description\":\"Swisstrans es una plataforma de informaci\u00f3n sobre transporte y log\u00edstica en Suiza, existente desde 2002, que conecta a cargadores con proveedores de productos y servicios.\",\"publisher\":{\"@id\":\"https:\\\/\\\/swisstrans.info\\\/es\\\/#organization\"},\"potentialAction\":[{\"@type\":\"SearchAction\",\"target\":{\"@type\":\"EntryPoint\",\"urlTemplate\":\"https:\\\/\\\/swisstrans.info\\\/es\\\/?s={search_term_string}\"},\"query-input\":{\"@type\":\"PropertyValueSpecification\",\"valueRequired\":true,\"valueName\":\"search_term_string\"}}],\"inLanguage\":\"es\"},{\"@type\":\"Organization\",\"@id\":\"https:\\\/\\\/swisstrans.info\\\/es\\\/#organization\",\"name\":\"Grupo Logismedia AG\",\"alternateName\":\"Logismedia Group AG\",\"url\":\"https:\\\/\\\/swisstrans.info\\\/es\\\/\",\"logo\":{\"@type\":\"ImageObject\",\"inLanguage\":\"es\",\"@id\":\"https:\\\/\\\/swisstrans.info\\\/es\\\/#\\\/schema\\\/logo\\\/image\\\/\",\"url\":\"https:\\\/\\\/swisstrans.info\\\/wp-content\\\/uploads\\\/sites\\\/8\\\/2026\\\/01\\\/swisstrans_logo.png\",\"contentUrl\":\"https:\\\/\\\/swisstrans.info\\\/wp-content\\\/uploads\\\/sites\\\/8\\\/2026\\\/01\\\/swisstrans_logo.png\",\"width\":823,\"height\":164,\"caption\":\"Grupo Logismedia AG\"},\"image\":{\"@id\":\"https:\\\/\\\/swisstrans.info\\\/es\\\/#\\\/schema\\\/logo\\\/image\\\/\"},\"sameAs\":[\"https:\\\/\\\/www.linkedin.com\\\/showcase\\\/swisstrans-info\\\/\"]},{\"@type\":\"Person\",\"@id\":\"https:\\\/\\\/swisstrans.info\\\/es\\\/#\\\/schema\\\/person\\\/7b1593b33567ba798d300c8a1b0b85b1\",\"name\":\"Andreas M\u00fcller\",\"url\":\"https:\\\/\\\/swisstrans.info\\\/es\\\/author\\\/logismedia\\\/\"}]}<\/script>\n<!-- \/ Yoast SEO plugin. -->","yoast_head_json":{"title":"SBB Cargo sigue siendo el ni\u00f1o problem\u00e1tico en 2025 a pesar de la transformaci\u00f3n - Swisstrans","robots":{"index":"index","follow":"follow","max-snippet":"max-snippet:-1","max-image-preview":"max-image-preview:large","max-video-preview":"max-video-preview:-1"},"canonical":"https:\/\/swisstrans.info\/es\/2026\/03\/11\/sbb-cargo-sigue-siendo-el-nino-problematico-en-2025-a-pesar-de-la-transformacion\/","og_locale":"es_ES","og_type":"article","og_title":"SBB Cargo sigue siendo el ni\u00f1o problem\u00e1tico en 2025 a pesar de la transformaci\u00f3n - Swisstrans","og_description":"SBB registr\u00f3 en 2025 un aumento en el n\u00famero de pasajeros a 1,43 millones por d\u00eda y logr\u00f3 un resultado anual de 496 millones de francos.","og_url":"https:\/\/swisstrans.info\/es\/2026\/03\/11\/sbb-cargo-sigue-siendo-el-nino-problematico-en-2025-a-pesar-de-la-transformacion\/","og_site_name":"Swisstrans","article_published_time":"2026-03-11T16:02:07+00:00","og_image":[{"width":1124,"height":633,"url":"https:\/\/swisstrans.info\/wp-content\/uploads\/sites\/8\/2026\/03\/SBB_11.3.26-aspect-ratio-1400-788.jpg","type":"image\/jpeg"}],"author":"Andreas M\u00fcller","twitter_card":"summary_large_image","twitter_misc":{"Escrito por":"Andreas M\u00fcller","Tiempo de lectura":"5 minuto"},"schema":{"@context":"https:\/\/schema.org","@graph":[{"@type":"Article","@id":"https:\/\/swisstrans.info\/es\/2026\/03\/11\/sbb-cargo-sigue-siendo-el-nino-problematico-en-2025-a-pesar-de-la-transformacion\/#article","isPartOf":{"@id":"https:\/\/swisstrans.info\/es\/2026\/03\/11\/sbb-cargo-sigue-siendo-el-nino-problematico-en-2025-a-pesar-de-la-transformacion\/"},"author":{"name":"Andreas M\u00fcller","@id":"https:\/\/swisstrans.info\/es\/#\/schema\/person\/7b1593b33567ba798d300c8a1b0b85b1"},"headline":"SBB Cargo sigue siendo el ni\u00f1o problem\u00e1tico en 2025 a pesar de la transformaci\u00f3n","datePublished":"2026-03-11T16:02:07+00:00","mainEntityOfPage":{"@id":"https:\/\/swisstrans.info\/es\/2026\/03\/11\/sbb-cargo-sigue-siendo-el-nino-problematico-en-2025-a-pesar-de-la-transformacion\/"},"wordCount":964,"commentCount":0,"publisher":{"@id":"https:\/\/swisstrans.info\/es\/#organization"},"image":{"@id":"https:\/\/swisstrans.info\/es\/2026\/03\/11\/sbb-cargo-sigue-siendo-el-nino-problematico-en-2025-a-pesar-de-la-transformacion\/#primaryimage"},"thumbnailUrl":"https:\/\/swisstrans.info\/wp-content\/uploads\/sites\/8\/2026\/03\/SBB_11.3.26-aspect-ratio-1400-788.jpg","keywords":["Betriebs- und Instandhaltungskosten","changements structurels logistique","CO\u2082 savings rail","CO\u2082-Einsparung Schiene","combined transport","consommation d'\u00e9nergie","co\u00fbts d'exploitation et de maintenance","d\u00e9fis \u00e9conomiques","Deutsch SBB Cargo","Digitalisierung in der Logistik","digitalization in logistics","economic challenges","\u00e9conomies de CO\u2082 rail","Einzelwagenladungsverkehr","Energieaufwand","energy expenditure","Fachkr\u00e4ftemangel im Transport","goods transport Switzerland","G\u00fctertransport Schweiz","industrie du transport","investissements dans le mat\u00e9riel roulant","Investitionen in Rollmaterial","investments in rolling stock","kombinierter Verkehr","labor shortage in transport","logistics service providers","Logistikdienstleister","market share freight transport","Marktanteil G\u00fcterverkehr","nachhaltige Transportpolitik","num\u00e9risation dans la logistique","operating and maintenance costs","part de march\u00e9 transport de marchandises","p\u00e9nurie de main-d'\u0153uvre dans le transport","performance de transport","politique de transport durable","prestataires de services logistiques","rail freight transport","SBB Cargo International","SBB Immobilien","SBB immobilier","SBB real estate","Schieneng\u00fcterverkehr","single wagon load traffic","structural changes logistics Fran\u00e7ais SBB Cargo","strukturelle Ver\u00e4nderungen Logistik English SBB Cargo","sustainable transport policy","trafic de wagons isol\u00e9s","transport combin\u00e9","transport de marchandises Suisse","transport ferroviaire de marchandises","transport industry","transport performance","Transportwirtschaft","Verkehrsleistung","wirtschaftliche Herausforderungen"],"articleSection":["Bahn \/ Binnenschifffahrt \/ Strasse","Europa","Finanz-\/Jahresberichte","Suiza"],"inLanguage":"es","potentialAction":[{"@type":"CommentAction","name":"Comment","target":["https:\/\/swisstrans.info\/es\/2026\/03\/11\/sbb-cargo-sigue-siendo-el-nino-problematico-en-2025-a-pesar-de-la-transformacion\/#respond"]}]},{"@type":"WebPage","@id":"https:\/\/swisstrans.info\/es\/2026\/03\/11\/sbb-cargo-sigue-siendo-el-nino-problematico-en-2025-a-pesar-de-la-transformacion\/","url":"https:\/\/swisstrans.info\/es\/2026\/03\/11\/sbb-cargo-sigue-siendo-el-nino-problematico-en-2025-a-pesar-de-la-transformacion\/","name":"SBB Cargo sigue siendo el ni\u00f1o problem\u00e1tico en 2025 a pesar de la transformaci\u00f3n - Swisstrans","isPartOf":{"@id":"https:\/\/swisstrans.info\/es\/#website"},"primaryImageOfPage":{"@id":"https:\/\/swisstrans.info\/es\/2026\/03\/11\/sbb-cargo-sigue-siendo-el-nino-problematico-en-2025-a-pesar-de-la-transformacion\/#primaryimage"},"image":{"@id":"https:\/\/swisstrans.info\/es\/2026\/03\/11\/sbb-cargo-sigue-siendo-el-nino-problematico-en-2025-a-pesar-de-la-transformacion\/#primaryimage"},"thumbnailUrl":"https:\/\/swisstrans.info\/wp-content\/uploads\/sites\/8\/2026\/03\/SBB_11.3.26-aspect-ratio-1400-788.jpg","datePublished":"2026-03-11T16:02:07+00:00","breadcrumb":{"@id":"https:\/\/swisstrans.info\/es\/2026\/03\/11\/sbb-cargo-sigue-siendo-el-nino-problematico-en-2025-a-pesar-de-la-transformacion\/#breadcrumb"},"inLanguage":"es","potentialAction":[{"@type":"ReadAction","target":["https:\/\/swisstrans.info\/es\/2026\/03\/11\/sbb-cargo-sigue-siendo-el-nino-problematico-en-2025-a-pesar-de-la-transformacion\/"]}]},{"@type":"ImageObject","inLanguage":"es","@id":"https:\/\/swisstrans.info\/es\/2026\/03\/11\/sbb-cargo-sigue-siendo-el-nino-problematico-en-2025-a-pesar-de-la-transformacion\/#primaryimage","url":"https:\/\/swisstrans.info\/wp-content\/uploads\/sites\/8\/2026\/03\/SBB_11.3.26-aspect-ratio-1400-788.jpg","contentUrl":"https:\/\/swisstrans.info\/wp-content\/uploads\/sites\/8\/2026\/03\/SBB_11.3.26-aspect-ratio-1400-788.jpg","width":1124,"height":633},{"@type":"BreadcrumbList","@id":"https:\/\/swisstrans.info\/es\/2026\/03\/11\/sbb-cargo-sigue-siendo-el-nino-problematico-en-2025-a-pesar-de-la-transformacion\/#breadcrumb","itemListElement":[{"@type":"ListItem","position":1,"name":"Startseite","item":"https:\/\/swisstrans.info\/es\/"},{"@type":"ListItem","position":2,"name":"SBB Cargo sigue siendo el ni\u00f1o problem\u00e1tico en 2025 a pesar de la transformaci\u00f3n"}]},{"@type":"WebSite","@id":"https:\/\/swisstrans.info\/es\/#website","url":"https:\/\/swisstrans.info\/es\/","name":"Swisstrans","description":"Swisstrans es una plataforma de informaci\u00f3n sobre transporte y log\u00edstica en Suiza, existente desde 2002, que conecta a cargadores con proveedores de productos y servicios.","publisher":{"@id":"https:\/\/swisstrans.info\/es\/#organization"},"potentialAction":[{"@type":"SearchAction","target":{"@type":"EntryPoint","urlTemplate":"https:\/\/swisstrans.info\/es\/?s={search_term_string}"},"query-input":{"@type":"PropertyValueSpecification","valueRequired":true,"valueName":"search_term_string"}}],"inLanguage":"es"},{"@type":"Organization","@id":"https:\/\/swisstrans.info\/es\/#organization","name":"Grupo Logismedia AG","alternateName":"Logismedia Group AG","url":"https:\/\/swisstrans.info\/es\/","logo":{"@type":"ImageObject","inLanguage":"es","@id":"https:\/\/swisstrans.info\/es\/#\/schema\/logo\/image\/","url":"https:\/\/swisstrans.info\/wp-content\/uploads\/sites\/8\/2026\/01\/swisstrans_logo.png","contentUrl":"https:\/\/swisstrans.info\/wp-content\/uploads\/sites\/8\/2026\/01\/swisstrans_logo.png","width":823,"height":164,"caption":"Grupo Logismedia AG"},"image":{"@id":"https:\/\/swisstrans.info\/es\/#\/schema\/logo\/image\/"},"sameAs":["https:\/\/www.linkedin.com\/showcase\/swisstrans-info\/"]},{"@type":"Person","@id":"https:\/\/swisstrans.info\/es\/#\/schema\/person\/7b1593b33567ba798d300c8a1b0b85b1","name":"Andreas M\u00fcller","url":"https:\/\/swisstrans.info\/es\/author\/logismedia\/"}]}},"_links":{"self":[{"href":"https:\/\/swisstrans.info\/es\/wp-json\/wp\/v2\/posts\/100208","targetHints":{"allow":["GET"]}}],"collection":[{"href":"https:\/\/swisstrans.info\/es\/wp-json\/wp\/v2\/posts"}],"about":[{"href":"https:\/\/swisstrans.info\/es\/wp-json\/wp\/v2\/types\/post"}],"author":[{"embeddable":true,"href":"https:\/\/swisstrans.info\/es\/wp-json\/wp\/v2\/users\/7"}],"replies":[{"embeddable":true,"href":"https:\/\/swisstrans.info\/es\/wp-json\/wp\/v2\/comments?post=100208"}],"version-history":[{"count":0,"href":"https:\/\/swisstrans.info\/es\/wp-json\/wp\/v2\/posts\/100208\/revisions"}],"wp:featuredmedia":[{"embeddable":true,"href":"https:\/\/swisstrans.info\/es\/wp-json\/wp\/v2\/media\/100205"}],"wp:attachment":[{"href":"https:\/\/swisstrans.info\/es\/wp-json\/wp\/v2\/media?parent=100208"}],"wp:term":[{"taxonomy":"category","embeddable":true,"href":"https:\/\/swisstrans.info\/es\/wp-json\/wp\/v2\/categories?post=100208"},{"taxonomy":"post_tag","embeddable":true,"href":"https:\/\/swisstrans.info\/es\/wp-json\/wp\/v2\/tags?post=100208"}],"curies":[{"name":"wp","href":"https:\/\/api.w.org\/{rel}","templated":true}]}}