{"id":100216,"date":"2026-03-11T16:46:19","date_gmt":"2026-03-11T16:46:19","guid":{"rendered":"https:\/\/swisstrans.info\/2026\/03\/11\/cargo-sous-terrain-con-nueva-orientacion\/"},"modified":"2026-03-11T16:46:19","modified_gmt":"2026-03-11T16:46:19","slug":"cargo-sous-terrain-con-nueva-orientacion","status":"publish","type":"post","link":"https:\/\/swisstrans.info\/es\/2026\/03\/11\/cargo-sous-terrain-con-nueva-orientacion\/","title":{"rendered":"Cargo sous Terrain con nueva orientaci\u00f3n"},"content":{"rendered":"<p data-start=\"90\" data-end=\"525\">Las soluciones de transporte de mercanc\u00edas est\u00e1n adquiriendo cada vez m\u00e1s importancia. En este contexto, la organizaci\u00f3n CST se est\u00e1 reorientando estrat\u00e9gicamente. Despu\u00e9s de que el gran proyecto de t\u00fanel originalmente planeado no pudiera seguir adelante el a\u00f1o pasado debido a las condiciones pol\u00edticas, ahora un reinicio con prioridades ajustadas est\u00e1 en el centro de atenci\u00f3n.<\/p>\n<p data-start=\"527\" data-end=\"873\">Desde hace m\u00e1s de una d\u00e9cada, CST se ocupa de las demandas de la log\u00edstica de mercanc\u00edas y desarrolla conceptos que buscan desbloquear capacidades de transporte adicionales. En este sentido, no se centra tanto en la construcci\u00f3n de nuevas infraestructuras, sino en c\u00f3mo se pueden utilizar de manera m\u00e1s eficiente los sistemas existentes y conectarlos entre s\u00ed.<\/p>\n<h3 data-section-id=\"ukfw8x\" data-start=\"875\" data-end=\"924\">Proyectos de infraestructura pol\u00edticamente desafiantes<\/h3>\n<p data-start=\"926\" data-end=\"1337\">La construcci\u00f3n de grandes infraestructuras de transporte se ha vuelto pol\u00edticamente m\u00e1s desafiante en Suiza. Los proyectos de esta magnitud requieren condiciones regulatorias estables, un amplio apoyo social y pol\u00edtico, as\u00ed como un beneficio de transporte claramente demostrado. Sin embargo, en el proyecto de t\u00fanel planeado, se mostr\u00f3 que estas condiciones a\u00fan no se cumplen completamente.<\/p>\n<p data-start=\"1339\" data-end=\"1633\">En los pr\u00f3ximos a\u00f1os, la pol\u00edtica de transporte se centrar\u00e1 m\u00e1s en la priorizaci\u00f3n, la viabilidad financiera y un mejor uso de la infraestructura existente. Dada la limitada disponibilidad de recursos financieros y la creciente presi\u00f3n para actuar, los proyectos de expansi\u00f3n est\u00e1n quedando cada vez m\u00e1s en segundo plano.<\/p>\n<p data-start=\"1635\" data-end=\"1866\">La reorientaci\u00f3n estrat\u00e9gica de CST se basa precisamente en este desarrollo. El enfoque est\u00e1 en el desarrollo de tecnolog\u00edas de transporte escalables que puedan desbloquear capacidades existentes, hasta ahora no utilizadas, en el sistema de transporte.<\/p>\n<h3 data-section-id=\"5mf6zk\" data-start=\"1868\" data-end=\"1909\">Sistemas fragmentados en el transporte de mercanc\u00edas<\/h3>\n<p data-start=\"1911\" data-end=\"2225\">El transporte de mercanc\u00edas actual est\u00e1 caracterizado por una fuerte fragmentaci\u00f3n. Diferentes actores optimizan sus procesos de transporte, generalmente de manera independiente, mientras que la infraestructura subyacente es escasa, compleja y solo est\u00e1 limitada en su coordinaci\u00f3n. Las soluciones conjuntas y transversales son hasta ahora raras.<\/p>\n<p data-start=\"2227\" data-end=\"2478\">En este contexto, surge la pregunta central de qu\u00e9 estrategia general puede permitir un desarrollo sostenible del transporte de mercanc\u00edas, sin estar determinado exclusivamente por los intereses a corto plazo de actores individuales del mercado.<\/p>\n<p data-start=\"2480\" data-end=\"2781\">Los enfoques posibles radican, en particular, en la agrupaci\u00f3n de demandas de transporte, una mayor integraci\u00f3n de cadenas de transporte y un uso econ\u00f3mico de los potenciales del sistema existente. Especialmente en el transporte de mercanc\u00edas por ferrocarril, a\u00fan existen oportunidades no aprovechadas en este sentido.<\/p>\n<h3 data-section-id=\"1qxd97m\" data-start=\"2783\" data-end=\"2840\">Whitepaper sobre el futuro del transporte multimodal de mercanc\u00edas<\/h3>\n<p data-start=\"2842\" data-end=\"3177\">Las consideraciones y an\u00e1lisis fundamentales se han resumido en un whitepaper que examina la situaci\u00f3n actual y las posibles perspectivas de desarrollo del transporte multimodal de mercanc\u00edas en Suiza. El estudio destaca las estructuras y factores de influencia centrales que moldean el proceso de transformaci\u00f3n del sistema de transporte.<\/p>\n<p data-start=\"3179\" data-end=\"3412\">Una conclusi\u00f3n central es que las optimizaciones aisladas de los participantes del mercado no son suficientes. En cambio, se necesita una coordinaci\u00f3n e integraci\u00f3n sist\u00e9mica m\u00e1s fuerte dentro de toda la red de transporte de mercanc\u00edas.<\/p>\n<p data-start=\"3414\" data-end=\"3765\" data-is-last-node=\"\" data-is-only-node=\"\">El whitepaper titulado <strong data-start=\"3443\" data-end=\"3559\">\u201eDe la optimizaci\u00f3n a la transformaci\u00f3n \u2013 Enfoques de desarrollo para la red de transporte multimodal de mercanc\u00edas de Suiza\u201c<\/strong> ahora debe ser discutido dentro del \u00e1mbito profesional. El editorial de la publicaci\u00f3n es de Ludwig H\u00e4berle, subdirector del Instituto de Gesti\u00f3n de Producci\u00f3n y Cadena de Suministro de la Universidad de San Galo.<\/p>\n<p data-start=\"3414\" data-end=\"3765\" data-is-last-node=\"\" data-is-only-node=\"\"><a href=\"https:\/\/www.cst.ch\/\" target=\"_blank\" rel=\"noopener noreferrer\">www.cst.ch<\/a><\/p>\n","protected":false},"excerpt":{"rendered":"<p data-start=\"90\" data-end=\"525\">Las soluciones de transporte de mercanc\u00edas est\u00e1n adquiriendo cada vez m\u00e1s importancia. En este contexto, la organizaci\u00f3n CST se est\u00e1 reorientando estrat\u00e9gicamente. Despu\u00e9s de que el gran proyecto de t\u00fanel originalmente planeado no pudiera ser continuado el a\u00f1o pasado debido a las condiciones pol\u00edticas, ahora un reinicio con prioridades ajustadas est\u00e1 en el centro.<\/p>\n<p data-start=\"527\" data-end=\"873\">Durante m\u00e1s de una d\u00e9cada, CST ha estado abordando las demandas de la log\u00edstica de mercanc\u00edas y desarrollando conceptos que buscan desbloquear capacidades de transporte adicionales. En este sentido, no se centra tanto en la construcci\u00f3n de nuevas infraestructuras, sino en c\u00f3mo se pueden utilizar de manera m\u00e1s eficiente los sistemas existentes y conectarlos entre s\u00ed.<\/p>\n<h3 data-section-id=\"ukfw8x\" data-start=\"875\" data-end=\"924\">Proyectos de infraestructura pol\u00edticamente desafiantes<\/h3>\n<p data-start=\"926\" data-end=\"1337\">La construcci\u00f3n de grandes infraestructuras de transporte se ha vuelto pol\u00edticamente m\u00e1s desafiante en Suiza. Los proyectos de esta magnitud requieren condiciones regulatorias estables, un amplio apoyo social y pol\u00edtico, as\u00ed como un beneficio de transporte claramente demostrado. Sin embargo, en el proyecto de t\u00fanel planeado, se mostr\u00f3 que estas condiciones a\u00fan no est\u00e1n completamente dadas.<\/p>\n<p data-start=\"1339\" data-end=\"1633\">En los pr\u00f3ximos a\u00f1os, la pol\u00edtica de transporte se centrar\u00e1 m\u00e1s en la priorizaci\u00f3n, la viabilidad financiera y un mejor uso de la infraestructura existente. Dada la limitada disponibilidad de recursos financieros y la creciente presi\u00f3n para actuar, los proyectos de expansi\u00f3n est\u00e1n quedando en un segundo plano.<\/p>\n<p data-start=\"1635\" data-end=\"1866\">La reorientaci\u00f3n estrat\u00e9gica de CST se basa precisamente en este desarrollo. El enfoque est\u00e1 en el desarrollo de tecnolog\u00edas de transporte escalables que puedan desbloquear capacidades existentes, hasta ahora no utilizadas, en el sistema de transporte.<\/p>\n<h3 data-section-id=\"5mf6zk\" data-start=\"1868\" data-end=\"1909\">Sistemas fragmentados en el transporte de mercanc\u00edas<\/h3>\n<p data-start=\"1911\" data-end=\"2225\">El transporte de mercanc\u00edas actual est\u00e1 caracterizado por una fuerte fragmentaci\u00f3n. Diferentes actores optimizan sus procesos de transporte generalmente de manera independiente, mientras que la infraestructura subyacente es escasa, compleja y solo est\u00e1 limitada en su coordinaci\u00f3n. Las soluciones comunes y transversales al sistema son hasta ahora raras.<\/p>\n<p data-start=\"2227\" data-end=\"2478\">En este contexto, surge la pregunta central de qu\u00e9 estrategia general puede permitir un desarrollo sostenible del transporte de mercanc\u00edas, sin estar determinado exclusivamente por los intereses a corto plazo de actores individuales del mercado.<\/p>\n<p data-start=\"2480\" data-end=\"2781\">Los enfoques posibles radican especialmente en la agrupaci\u00f3n de demandas de transporte, una mayor integraci\u00f3n de cadenas de transporte y un uso econ\u00f3mico de los potenciales del sistema existente. En particular, en el transporte ferroviario de mercanc\u00edas, a\u00fan existen oportunidades no aprovechadas en este sentido.<\/p>\n<h3 data-section-id=\"1qxd97m\" data-start=\"2783\" data-end=\"2840\">Whitepaper sobre el futuro del transporte multimodal de mercanc\u00edas<\/h3>\n<p data-start=\"2842\" data-end=\"3177\">Las consideraciones y an\u00e1lisis fundamentales se han resumido en un whitepaper que examina la situaci\u00f3n actual y las posibles perspectivas de desarrollo del transporte multimodal de mercanc\u00edas en Suiza. El estudio destaca las estructuras centrales y los factores de influencia que moldean el proceso de transformaci\u00f3n del sistema de transporte.<\/p>\n<p data-start=\"3179\" data-end=\"3412\">Una conclusi\u00f3n central es que las optimizaciones aisladas de los participantes del mercado no son suficientes. En cambio, se necesita una coordinaci\u00f3n y una integraci\u00f3n sist\u00e9mica m\u00e1s fuerte dentro de toda la red de transporte de mercanc\u00edas.<\/p>\n<p data-start=\"3414\" data-end=\"3765\" data-is-last-node=\"\" data-is-only-node=\"\">El whitepaper titulado <strong data-start=\"3443\" data-end=\"3559\">\u201eDe la optimizaci\u00f3n a la transformaci\u00f3n \u2013 Enfoques de desarrollo para la red de transporte multimodal de mercanc\u00edas de Suiza\u201c<\/strong> ahora debe ser discutido dentro del \u00e1mbito profesional. El editorial de la publicaci\u00f3n es de Ludwig H\u00e4berle, subdirector del Instituto de Gesti\u00f3n de Producci\u00f3n y Cadena de Suministro de la Universidad de San Galo.<\/p>\n<p data-start=\"3414\" data-end=\"3765\" data-is-last-node=\"\" data-is-only-node=\"\"><a href=\"https:\/\/www.cst.ch\/\" target=\"_blank\" rel=\"noopener noreferrer\">www.cst.ch<\/a><\/p>\n","protected":false},"author":7,"featured_media":100213,"comment_status":"open","ping_status":"open","sticky":false,"template":"","format":"standard","meta":{"_acf_changed":false,"footnotes":""},"categories":[6740,6366],"tags":[7879,7880,7881,7882,7883,4157,7884,7885,7886,7887,7888,7889,7890,3234,2123,7891,4166,4167,7892,2176,2622,7893,7894,1800,2232,7895,7896,7897,7898,4178,2193,7899,1916,7900,2106,2641,7901,7902,7903,7904,7905,7906,3125,7907,7908,7909,7910,7911,7912,7913,7914,7915,7916,7917,7918,7919,7920,7921],"class_list":["post-100216","post","type-post","status-publish","format-standard","has-post-thumbnail","hentry","category-bahn-binnenschifffahrt-strasse","category-suiza","tag-capacites-de-transport","tag-chaines-de-transport","tag-conditions-cadres-politiques","tag-coordination-systemique","tag-cst","tag-deutsch-gueterverkehr","tag-development-perspectives","tag-economic-utilization","tag-entwicklungsperspektiven","tag-fachkraeftemangel-english-freight-transport","tag-fragmentation-du-transport-de-marchandises","tag-fragmentation-in-freight-transport","tag-fragmentierung-im-gueterverkehr","tag-freight-logistics","tag-gestion-de-la-chaine-dapprovisionnement","tag-gueterlogistik","tag-infrastructure-projects","tag-infrastrukturprojekte","tag-livre-blanc-transport-de-marchandises","tag-logistique-de-fret","tag-logistique-durable","tag-multimodal-freight-transport","tag-multimodaler-gueterverkehr","tag-nachhaltige-logistik","tag-penurie-de-main-doeuvre","tag-perspectives-de-developpement","tag-political-framework-conditions","tag-politique-de-transport","tag-politische-rahmenbedingungen","tag-projets-dinfrastructure","tag-rail-freight-transport","tag-reseau-de-transport-suisse","tag-schienengueterverkehr","tag-skills-shortage-francais-transport-de-marchandises","tag-supply-chain-management","tag-sustainable-logistics","tag-systeme-de-transport","tag-systemic-coordination","tag-systemische-koordination","tag-technologies-de-transport","tag-transport-capacities","tag-transport-chains","tag-transport-ferroviaire-de-marchandises","tag-transport-multimodal-de-marchandises","tag-transport-network-switzerland","tag-transport-policy","tag-transport-system","tag-transport-technologies","tag-transportkapazitaeten","tag-transportketten","tag-transporttechnologien","tag-utilisation-economique","tag-verkehrsnetz-schweiz","tag-verkehrspolitik","tag-verkehrssystem","tag-white-paper-freight-transport","tag-whitepaper-gueterverkehr","tag-wirtschaftliche-nutzung"],"acf":[],"yoast_head":"<!-- This site is optimized with the Yoast SEO plugin v27.3 - https:\/\/yoast.com\/product\/yoast-seo-wordpress\/ -->\n<title>Cargo sous Terrain con nueva orientaci\u00f3n - Swisstrans<\/title>\n<meta name=\"robots\" content=\"index, follow, max-snippet:-1, max-image-preview:large, max-video-preview:-1\" \/>\n<link rel=\"canonical\" href=\"https:\/\/swisstrans.info\/es\/2026\/03\/11\/cargo-sous-terrain-con-nueva-orientacion\/\" \/>\n<meta property=\"og:locale\" content=\"es_ES\" \/>\n<meta property=\"og:type\" content=\"article\" \/>\n<meta property=\"og:title\" content=\"Cargo sous Terrain con nueva orientaci\u00f3n - Swisstrans\" \/>\n<meta property=\"og:description\" content=\"Las soluciones de transporte de mercanc\u00edas est\u00e1n adquiriendo cada vez m\u00e1s importancia. En este contexto, la organizaci\u00f3n CST se est\u00e1 reorientando estrat\u00e9gicamente. Despu\u00e9s de que el gran proyecto de t\u00fanel originalmente planeado no pudiera ser continuado el a\u00f1o pasado debido a las condiciones pol\u00edticas, ahora un reinicio con prioridades ajustadas est\u00e1 en el centro. Durante m\u00e1s de una d\u00e9cada, CST ha estado abordando las demandas de la log\u00edstica de mercanc\u00edas y desarrollando conceptos que buscan desbloquear capacidades de transporte adicionales. En este sentido, no se centra tanto en la construcci\u00f3n de nuevas infraestructuras, sino en c\u00f3mo se pueden utilizar de manera m\u00e1s eficiente los sistemas existentes y conectarlos entre s\u00ed.  Proyectos de infraestructura pol\u00edticamente desafiantes La construcci\u00f3n de grandes infraestructuras de transporte se ha vuelto pol\u00edticamente m\u00e1s desafiante en Suiza. Los proyectos de esta magnitud requieren condiciones regulatorias estables, un amplio apoyo social y pol\u00edtico, as\u00ed como un beneficio de transporte claramente demostrado. Sin embargo, en el proyecto de t\u00fanel planeado, se mostr\u00f3 que estas condiciones a\u00fan no est\u00e1n completamente dadas. En los pr\u00f3ximos a\u00f1os, la pol\u00edtica de transporte se centrar\u00e1 m\u00e1s en la priorizaci\u00f3n, la viabilidad financiera y un mejor uso de la infraestructura existente. Dada la limitada disponibilidad de recursos financieros y la creciente presi\u00f3n para actuar, los proyectos de expansi\u00f3n est\u00e1n quedando en un segundo plano. La reorientaci\u00f3n estrat\u00e9gica de CST se basa precisamente en este desarrollo. El enfoque est\u00e1 en el desarrollo de tecnolog\u00edas de transporte escalables que puedan desbloquear capacidades existentes, hasta ahora no utilizadas, en el sistema de transporte.  Sistemas fragmentados en el transporte de mercanc\u00edas El transporte de mercanc\u00edas actual est\u00e1 caracterizado por una fuerte fragmentaci\u00f3n. Diferentes actores optimizan sus procesos de transporte generalmente de manera independiente, mientras que la infraestructura subyacente es escasa, compleja y solo est\u00e1 limitada en su coordinaci\u00f3n. Las soluciones comunes y transversales al sistema son hasta ahora raras. En este contexto, surge la pregunta central de qu\u00e9 estrategia general puede permitir un desarrollo sostenible del transporte de mercanc\u00edas, sin estar determinado exclusivamente por los intereses a corto plazo de actores individuales del mercado. Los enfoques posibles radican especialmente en la agrupaci\u00f3n de demandas de transporte, una mayor integraci\u00f3n de cadenas de transporte y un uso econ\u00f3mico de los potenciales del sistema existente. En particular, en el transporte ferroviario de mercanc\u00edas, a\u00fan existen oportunidades no aprovechadas en este sentido.  Whitepaper sobre el futuro del transporte multimodal de mercanc\u00edas Las consideraciones y an\u00e1lisis fundamentales se han resumido en un whitepaper que examina la situaci\u00f3n actual y las posibles perspectivas de desarrollo del transporte multimodal de mercanc\u00edas en Suiza. El estudio destaca las estructuras centrales y los factores de influencia que moldean el proceso de transformaci\u00f3n del sistema de transporte. Una conclusi\u00f3n central es que las optimizaciones aisladas de los participantes del mercado no son suficientes. En cambio, se necesita una coordinaci\u00f3n y una integraci\u00f3n sist\u00e9mica m\u00e1s fuerte dentro de toda la red de transporte de mercanc\u00edas. El whitepaper titulado \u201eDe la optimizaci\u00f3n a la transformaci\u00f3n \u2013 Enfoques de desarrollo para la red de transporte multimodal de mercanc\u00edas de Suiza\u201c ahora debe ser discutido dentro del \u00e1mbito profesional. El editorial de la publicaci\u00f3n es de Ludwig H\u00e4berle, subdirector del Instituto de Gesti\u00f3n de Producci\u00f3n y Cadena de Suministro de la Universidad de San Galo. www.cst.ch\" \/>\n<meta property=\"og:url\" content=\"https:\/\/swisstrans.info\/es\/2026\/03\/11\/cargo-sous-terrain-con-nueva-orientacion\/\" \/>\n<meta property=\"og:site_name\" content=\"Swisstrans\" \/>\n<meta property=\"article:published_time\" content=\"2026-03-11T16:46:19+00:00\" \/>\n<meta property=\"og:image\" content=\"https:\/\/swisstrans.info\/wp-content\/uploads\/sites\/8\/2026\/03\/Cargo_sous_Terrain_11.3.26-aspect-ratio-1400-788.png\" \/>\n\t<meta property=\"og:image:width\" content=\"1179\" \/>\n\t<meta property=\"og:image:height\" content=\"664\" \/>\n\t<meta property=\"og:image:type\" content=\"image\/png\" \/>\n<meta name=\"author\" content=\"Andreas M\u00fcller\" \/>\n<meta name=\"twitter:card\" content=\"summary_large_image\" \/>\n<meta name=\"twitter:label1\" content=\"Escrito por\" \/>\n\t<meta name=\"twitter:data1\" content=\"Andreas M\u00fcller\" \/>\n\t<meta name=\"twitter:label2\" content=\"Tiempo de lectura\" \/>\n\t<meta name=\"twitter:data2\" content=\"3 minuto\" \/>\n<script type=\"application\/ld+json\" class=\"yoast-schema-graph\">{\"@context\":\"https:\\\/\\\/schema.org\",\"@graph\":[{\"@type\":\"Article\",\"@id\":\"https:\\\/\\\/swisstrans.info\\\/es\\\/2026\\\/03\\\/11\\\/cargo-sous-terrain-con-nueva-orientacion\\\/#article\",\"isPartOf\":{\"@id\":\"https:\\\/\\\/swisstrans.info\\\/es\\\/2026\\\/03\\\/11\\\/cargo-sous-terrain-con-nueva-orientacion\\\/\"},\"author\":{\"name\":\"Andreas M\u00fcller\",\"@id\":\"https:\\\/\\\/swisstrans.info\\\/es\\\/#\\\/schema\\\/person\\\/7b1593b33567ba798d300c8a1b0b85b1\"},\"headline\":\"Cargo sous Terrain con nueva orientaci\u00f3n\",\"datePublished\":\"2026-03-11T16:46:19+00:00\",\"mainEntityOfPage\":{\"@id\":\"https:\\\/\\\/swisstrans.info\\\/es\\\/2026\\\/03\\\/11\\\/cargo-sous-terrain-con-nueva-orientacion\\\/\"},\"wordCount\":618,\"commentCount\":0,\"publisher\":{\"@id\":\"https:\\\/\\\/swisstrans.info\\\/es\\\/#organization\"},\"image\":{\"@id\":\"https:\\\/\\\/swisstrans.info\\\/es\\\/2026\\\/03\\\/11\\\/cargo-sous-terrain-con-nueva-orientacion\\\/#primaryimage\"},\"thumbnailUrl\":\"https:\\\/\\\/swisstrans.info\\\/wp-content\\\/uploads\\\/sites\\\/8\\\/2026\\\/03\\\/Cargo_sous_Terrain_11.3.26-aspect-ratio-1400-788.png\",\"keywords\":[\"capacit\u00e9s de transport\",\"cha\u00eenes de transport\",\"conditions-cadres politiques\",\"coordination syst\u00e9mique\",\"CST\",\"Deutsch G\u00fcterverkehr\",\"development perspectives\",\"economic utilization\",\"Entwicklungsperspektiven\",\"Fachkr\u00e4ftemangel English freight transport\",\"fragmentation du transport de marchandises\",\"fragmentation in freight transport\",\"Fragmentierung im G\u00fcterverkehr\",\"freight logistics\",\"gestion de la cha\u00eene d'approvisionnement\",\"G\u00fcterlogistik\",\"infrastructure projects\",\"Infrastrukturprojekte\",\"livre blanc transport de marchandises\",\"logistique de fret\",\"logistique durable\",\"multimodal freight transport\",\"multimodaler G\u00fcterverkehr\",\"nachhaltige Logistik\",\"p\u00e9nurie de main-d'\u0153uvre\",\"perspectives de d\u00e9veloppement\",\"political framework conditions\",\"politique de transport\",\"politische Rahmenbedingungen\",\"projets d'infrastructure\",\"rail freight transport\",\"r\u00e9seau de transport Suisse\",\"Schieneng\u00fcterverkehr\",\"skills shortage Fran\u00e7ais transport de marchandises\",\"Supply Chain Management\",\"sustainable logistics\",\"syst\u00e8me de transport\",\"systemic coordination\",\"systemische Koordination\",\"technologies de transport\",\"transport capacities\",\"transport chains\",\"transport ferroviaire de marchandises\",\"transport multimodal de marchandises\",\"transport network Switzerland\",\"transport policy\",\"transport system\",\"transport technologies\",\"Transportkapazit\u00e4ten\",\"Transportketten\",\"Transporttechnologien\",\"utilisation \u00e9conomique\",\"Verkehrsnetz Schweiz\",\"Verkehrspolitik\",\"Verkehrssystem\",\"white paper freight transport\",\"Whitepaper G\u00fcterverkehr\",\"wirtschaftliche Nutzung\"],\"articleSection\":[\"Bahn \\\/ Binnenschifffahrt \\\/ Strasse\",\"Suiza\"],\"inLanguage\":\"es\",\"potentialAction\":[{\"@type\":\"CommentAction\",\"name\":\"Comment\",\"target\":[\"https:\\\/\\\/swisstrans.info\\\/es\\\/2026\\\/03\\\/11\\\/cargo-sous-terrain-con-nueva-orientacion\\\/#respond\"]}]},{\"@type\":\"WebPage\",\"@id\":\"https:\\\/\\\/swisstrans.info\\\/es\\\/2026\\\/03\\\/11\\\/cargo-sous-terrain-con-nueva-orientacion\\\/\",\"url\":\"https:\\\/\\\/swisstrans.info\\\/es\\\/2026\\\/03\\\/11\\\/cargo-sous-terrain-con-nueva-orientacion\\\/\",\"name\":\"Cargo sous Terrain con nueva orientaci\u00f3n - Swisstrans\",\"isPartOf\":{\"@id\":\"https:\\\/\\\/swisstrans.info\\\/es\\\/#website\"},\"primaryImageOfPage\":{\"@id\":\"https:\\\/\\\/swisstrans.info\\\/es\\\/2026\\\/03\\\/11\\\/cargo-sous-terrain-con-nueva-orientacion\\\/#primaryimage\"},\"image\":{\"@id\":\"https:\\\/\\\/swisstrans.info\\\/es\\\/2026\\\/03\\\/11\\\/cargo-sous-terrain-con-nueva-orientacion\\\/#primaryimage\"},\"thumbnailUrl\":\"https:\\\/\\\/swisstrans.info\\\/wp-content\\\/uploads\\\/sites\\\/8\\\/2026\\\/03\\\/Cargo_sous_Terrain_11.3.26-aspect-ratio-1400-788.png\",\"datePublished\":\"2026-03-11T16:46:19+00:00\",\"breadcrumb\":{\"@id\":\"https:\\\/\\\/swisstrans.info\\\/es\\\/2026\\\/03\\\/11\\\/cargo-sous-terrain-con-nueva-orientacion\\\/#breadcrumb\"},\"inLanguage\":\"es\",\"potentialAction\":[{\"@type\":\"ReadAction\",\"target\":[\"https:\\\/\\\/swisstrans.info\\\/es\\\/2026\\\/03\\\/11\\\/cargo-sous-terrain-con-nueva-orientacion\\\/\"]}]},{\"@type\":\"ImageObject\",\"inLanguage\":\"es\",\"@id\":\"https:\\\/\\\/swisstrans.info\\\/es\\\/2026\\\/03\\\/11\\\/cargo-sous-terrain-con-nueva-orientacion\\\/#primaryimage\",\"url\":\"https:\\\/\\\/swisstrans.info\\\/wp-content\\\/uploads\\\/sites\\\/8\\\/2026\\\/03\\\/Cargo_sous_Terrain_11.3.26-aspect-ratio-1400-788.png\",\"contentUrl\":\"https:\\\/\\\/swisstrans.info\\\/wp-content\\\/uploads\\\/sites\\\/8\\\/2026\\\/03\\\/Cargo_sous_Terrain_11.3.26-aspect-ratio-1400-788.png\",\"width\":1179,\"height\":664},{\"@type\":\"BreadcrumbList\",\"@id\":\"https:\\\/\\\/swisstrans.info\\\/es\\\/2026\\\/03\\\/11\\\/cargo-sous-terrain-con-nueva-orientacion\\\/#breadcrumb\",\"itemListElement\":[{\"@type\":\"ListItem\",\"position\":1,\"name\":\"Startseite\",\"item\":\"https:\\\/\\\/swisstrans.info\\\/es\\\/\"},{\"@type\":\"ListItem\",\"position\":2,\"name\":\"Cargo sous Terrain con nueva orientaci\u00f3n\"}]},{\"@type\":\"WebSite\",\"@id\":\"https:\\\/\\\/swisstrans.info\\\/es\\\/#website\",\"url\":\"https:\\\/\\\/swisstrans.info\\\/es\\\/\",\"name\":\"Swisstrans\",\"description\":\"Swisstrans es una plataforma de informaci\u00f3n sobre transporte y log\u00edstica en Suiza, existente desde 2002, que conecta a cargadores con proveedores de productos y servicios.\",\"publisher\":{\"@id\":\"https:\\\/\\\/swisstrans.info\\\/es\\\/#organization\"},\"potentialAction\":[{\"@type\":\"SearchAction\",\"target\":{\"@type\":\"EntryPoint\",\"urlTemplate\":\"https:\\\/\\\/swisstrans.info\\\/es\\\/?s={search_term_string}\"},\"query-input\":{\"@type\":\"PropertyValueSpecification\",\"valueRequired\":true,\"valueName\":\"search_term_string\"}}],\"inLanguage\":\"es\"},{\"@type\":\"Organization\",\"@id\":\"https:\\\/\\\/swisstrans.info\\\/es\\\/#organization\",\"name\":\"Grupo Logismedia AG\",\"alternateName\":\"Logismedia Group AG\",\"url\":\"https:\\\/\\\/swisstrans.info\\\/es\\\/\",\"logo\":{\"@type\":\"ImageObject\",\"inLanguage\":\"es\",\"@id\":\"https:\\\/\\\/swisstrans.info\\\/es\\\/#\\\/schema\\\/logo\\\/image\\\/\",\"url\":\"https:\\\/\\\/swisstrans.info\\\/wp-content\\\/uploads\\\/sites\\\/8\\\/2026\\\/01\\\/swisstrans_logo.png\",\"contentUrl\":\"https:\\\/\\\/swisstrans.info\\\/wp-content\\\/uploads\\\/sites\\\/8\\\/2026\\\/01\\\/swisstrans_logo.png\",\"width\":823,\"height\":164,\"caption\":\"Grupo Logismedia AG\"},\"image\":{\"@id\":\"https:\\\/\\\/swisstrans.info\\\/es\\\/#\\\/schema\\\/logo\\\/image\\\/\"},\"sameAs\":[\"https:\\\/\\\/www.linkedin.com\\\/showcase\\\/swisstrans-info\\\/\"]},{\"@type\":\"Person\",\"@id\":\"https:\\\/\\\/swisstrans.info\\\/es\\\/#\\\/schema\\\/person\\\/7b1593b33567ba798d300c8a1b0b85b1\",\"name\":\"Andreas M\u00fcller\",\"url\":\"https:\\\/\\\/swisstrans.info\\\/es\\\/author\\\/logismedia\\\/\"}]}<\/script>\n<!-- \/ Yoast SEO plugin. -->","yoast_head_json":{"title":"Cargo sous Terrain con nueva orientaci\u00f3n - Swisstrans","robots":{"index":"index","follow":"follow","max-snippet":"max-snippet:-1","max-image-preview":"max-image-preview:large","max-video-preview":"max-video-preview:-1"},"canonical":"https:\/\/swisstrans.info\/es\/2026\/03\/11\/cargo-sous-terrain-con-nueva-orientacion\/","og_locale":"es_ES","og_type":"article","og_title":"Cargo sous Terrain con nueva orientaci\u00f3n - Swisstrans","og_description":"Las soluciones de transporte de mercanc\u00edas est\u00e1n adquiriendo cada vez m\u00e1s importancia. En este contexto, la organizaci\u00f3n CST se est\u00e1 reorientando estrat\u00e9gicamente. Despu\u00e9s de que el gran proyecto de t\u00fanel originalmente planeado no pudiera ser continuado el a\u00f1o pasado debido a las condiciones pol\u00edticas, ahora un reinicio con prioridades ajustadas est\u00e1 en el centro. Durante m\u00e1s de una d\u00e9cada, CST ha estado abordando las demandas de la log\u00edstica de mercanc\u00edas y desarrollando conceptos que buscan desbloquear capacidades de transporte adicionales. En este sentido, no se centra tanto en la construcci\u00f3n de nuevas infraestructuras, sino en c\u00f3mo se pueden utilizar de manera m\u00e1s eficiente los sistemas existentes y conectarlos entre s\u00ed.  Proyectos de infraestructura pol\u00edticamente desafiantes La construcci\u00f3n de grandes infraestructuras de transporte se ha vuelto pol\u00edticamente m\u00e1s desafiante en Suiza. Los proyectos de esta magnitud requieren condiciones regulatorias estables, un amplio apoyo social y pol\u00edtico, as\u00ed como un beneficio de transporte claramente demostrado. Sin embargo, en el proyecto de t\u00fanel planeado, se mostr\u00f3 que estas condiciones a\u00fan no est\u00e1n completamente dadas. En los pr\u00f3ximos a\u00f1os, la pol\u00edtica de transporte se centrar\u00e1 m\u00e1s en la priorizaci\u00f3n, la viabilidad financiera y un mejor uso de la infraestructura existente. Dada la limitada disponibilidad de recursos financieros y la creciente presi\u00f3n para actuar, los proyectos de expansi\u00f3n est\u00e1n quedando en un segundo plano. La reorientaci\u00f3n estrat\u00e9gica de CST se basa precisamente en este desarrollo. El enfoque est\u00e1 en el desarrollo de tecnolog\u00edas de transporte escalables que puedan desbloquear capacidades existentes, hasta ahora no utilizadas, en el sistema de transporte.  Sistemas fragmentados en el transporte de mercanc\u00edas El transporte de mercanc\u00edas actual est\u00e1 caracterizado por una fuerte fragmentaci\u00f3n. Diferentes actores optimizan sus procesos de transporte generalmente de manera independiente, mientras que la infraestructura subyacente es escasa, compleja y solo est\u00e1 limitada en su coordinaci\u00f3n. Las soluciones comunes y transversales al sistema son hasta ahora raras. En este contexto, surge la pregunta central de qu\u00e9 estrategia general puede permitir un desarrollo sostenible del transporte de mercanc\u00edas, sin estar determinado exclusivamente por los intereses a corto plazo de actores individuales del mercado. Los enfoques posibles radican especialmente en la agrupaci\u00f3n de demandas de transporte, una mayor integraci\u00f3n de cadenas de transporte y un uso econ\u00f3mico de los potenciales del sistema existente. En particular, en el transporte ferroviario de mercanc\u00edas, a\u00fan existen oportunidades no aprovechadas en este sentido.  Whitepaper sobre el futuro del transporte multimodal de mercanc\u00edas Las consideraciones y an\u00e1lisis fundamentales se han resumido en un whitepaper que examina la situaci\u00f3n actual y las posibles perspectivas de desarrollo del transporte multimodal de mercanc\u00edas en Suiza. El estudio destaca las estructuras centrales y los factores de influencia que moldean el proceso de transformaci\u00f3n del sistema de transporte. Una conclusi\u00f3n central es que las optimizaciones aisladas de los participantes del mercado no son suficientes. En cambio, se necesita una coordinaci\u00f3n y una integraci\u00f3n sist\u00e9mica m\u00e1s fuerte dentro de toda la red de transporte de mercanc\u00edas. El whitepaper titulado \u201eDe la optimizaci\u00f3n a la transformaci\u00f3n \u2013 Enfoques de desarrollo para la red de transporte multimodal de mercanc\u00edas de Suiza\u201c ahora debe ser discutido dentro del \u00e1mbito profesional. El editorial de la publicaci\u00f3n es de Ludwig H\u00e4berle, subdirector del Instituto de Gesti\u00f3n de Producci\u00f3n y Cadena de Suministro de la Universidad de San Galo. www.cst.ch","og_url":"https:\/\/swisstrans.info\/es\/2026\/03\/11\/cargo-sous-terrain-con-nueva-orientacion\/","og_site_name":"Swisstrans","article_published_time":"2026-03-11T16:46:19+00:00","og_image":[{"url":"https:\/\/swisstrans.info\/wp-content\/uploads\/sites\/8\/2026\/03\/Cargo_sous_Terrain_11.3.26-aspect-ratio-1400-788.png","width":1179,"height":664,"type":"image\/png"}],"author":"Andreas M\u00fcller","twitter_card":"summary_large_image","twitter_misc":{"Escrito por":"Andreas M\u00fcller","Tiempo de lectura":"3 minuto"},"schema":{"@context":"https:\/\/schema.org","@graph":[{"@type":"Article","@id":"https:\/\/swisstrans.info\/es\/2026\/03\/11\/cargo-sous-terrain-con-nueva-orientacion\/#article","isPartOf":{"@id":"https:\/\/swisstrans.info\/es\/2026\/03\/11\/cargo-sous-terrain-con-nueva-orientacion\/"},"author":{"name":"Andreas M\u00fcller","@id":"https:\/\/swisstrans.info\/es\/#\/schema\/person\/7b1593b33567ba798d300c8a1b0b85b1"},"headline":"Cargo sous Terrain con nueva orientaci\u00f3n","datePublished":"2026-03-11T16:46:19+00:00","mainEntityOfPage":{"@id":"https:\/\/swisstrans.info\/es\/2026\/03\/11\/cargo-sous-terrain-con-nueva-orientacion\/"},"wordCount":618,"commentCount":0,"publisher":{"@id":"https:\/\/swisstrans.info\/es\/#organization"},"image":{"@id":"https:\/\/swisstrans.info\/es\/2026\/03\/11\/cargo-sous-terrain-con-nueva-orientacion\/#primaryimage"},"thumbnailUrl":"https:\/\/swisstrans.info\/wp-content\/uploads\/sites\/8\/2026\/03\/Cargo_sous_Terrain_11.3.26-aspect-ratio-1400-788.png","keywords":["capacit\u00e9s de transport","cha\u00eenes de transport","conditions-cadres politiques","coordination syst\u00e9mique","CST","Deutsch G\u00fcterverkehr","development perspectives","economic utilization","Entwicklungsperspektiven","Fachkr\u00e4ftemangel English freight transport","fragmentation du transport de marchandises","fragmentation in freight transport","Fragmentierung im G\u00fcterverkehr","freight logistics","gestion de la cha\u00eene d'approvisionnement","G\u00fcterlogistik","infrastructure projects","Infrastrukturprojekte","livre blanc transport de marchandises","logistique de fret","logistique durable","multimodal freight transport","multimodaler G\u00fcterverkehr","nachhaltige Logistik","p\u00e9nurie de main-d'\u0153uvre","perspectives de d\u00e9veloppement","political framework conditions","politique de transport","politische Rahmenbedingungen","projets d'infrastructure","rail freight transport","r\u00e9seau de transport Suisse","Schieneng\u00fcterverkehr","skills shortage Fran\u00e7ais transport de marchandises","Supply Chain Management","sustainable logistics","syst\u00e8me de transport","systemic coordination","systemische Koordination","technologies de transport","transport capacities","transport chains","transport ferroviaire de marchandises","transport multimodal de marchandises","transport network Switzerland","transport policy","transport system","transport technologies","Transportkapazit\u00e4ten","Transportketten","Transporttechnologien","utilisation \u00e9conomique","Verkehrsnetz Schweiz","Verkehrspolitik","Verkehrssystem","white paper freight transport","Whitepaper G\u00fcterverkehr","wirtschaftliche Nutzung"],"articleSection":["Bahn \/ Binnenschifffahrt \/ Strasse","Suiza"],"inLanguage":"es","potentialAction":[{"@type":"CommentAction","name":"Comment","target":["https:\/\/swisstrans.info\/es\/2026\/03\/11\/cargo-sous-terrain-con-nueva-orientacion\/#respond"]}]},{"@type":"WebPage","@id":"https:\/\/swisstrans.info\/es\/2026\/03\/11\/cargo-sous-terrain-con-nueva-orientacion\/","url":"https:\/\/swisstrans.info\/es\/2026\/03\/11\/cargo-sous-terrain-con-nueva-orientacion\/","name":"Cargo sous Terrain con nueva orientaci\u00f3n - Swisstrans","isPartOf":{"@id":"https:\/\/swisstrans.info\/es\/#website"},"primaryImageOfPage":{"@id":"https:\/\/swisstrans.info\/es\/2026\/03\/11\/cargo-sous-terrain-con-nueva-orientacion\/#primaryimage"},"image":{"@id":"https:\/\/swisstrans.info\/es\/2026\/03\/11\/cargo-sous-terrain-con-nueva-orientacion\/#primaryimage"},"thumbnailUrl":"https:\/\/swisstrans.info\/wp-content\/uploads\/sites\/8\/2026\/03\/Cargo_sous_Terrain_11.3.26-aspect-ratio-1400-788.png","datePublished":"2026-03-11T16:46:19+00:00","breadcrumb":{"@id":"https:\/\/swisstrans.info\/es\/2026\/03\/11\/cargo-sous-terrain-con-nueva-orientacion\/#breadcrumb"},"inLanguage":"es","potentialAction":[{"@type":"ReadAction","target":["https:\/\/swisstrans.info\/es\/2026\/03\/11\/cargo-sous-terrain-con-nueva-orientacion\/"]}]},{"@type":"ImageObject","inLanguage":"es","@id":"https:\/\/swisstrans.info\/es\/2026\/03\/11\/cargo-sous-terrain-con-nueva-orientacion\/#primaryimage","url":"https:\/\/swisstrans.info\/wp-content\/uploads\/sites\/8\/2026\/03\/Cargo_sous_Terrain_11.3.26-aspect-ratio-1400-788.png","contentUrl":"https:\/\/swisstrans.info\/wp-content\/uploads\/sites\/8\/2026\/03\/Cargo_sous_Terrain_11.3.26-aspect-ratio-1400-788.png","width":1179,"height":664},{"@type":"BreadcrumbList","@id":"https:\/\/swisstrans.info\/es\/2026\/03\/11\/cargo-sous-terrain-con-nueva-orientacion\/#breadcrumb","itemListElement":[{"@type":"ListItem","position":1,"name":"Startseite","item":"https:\/\/swisstrans.info\/es\/"},{"@type":"ListItem","position":2,"name":"Cargo sous Terrain con nueva orientaci\u00f3n"}]},{"@type":"WebSite","@id":"https:\/\/swisstrans.info\/es\/#website","url":"https:\/\/swisstrans.info\/es\/","name":"Swisstrans","description":"Swisstrans es una plataforma de informaci\u00f3n sobre transporte y log\u00edstica en Suiza, existente desde 2002, que conecta a cargadores con proveedores de productos y servicios.","publisher":{"@id":"https:\/\/swisstrans.info\/es\/#organization"},"potentialAction":[{"@type":"SearchAction","target":{"@type":"EntryPoint","urlTemplate":"https:\/\/swisstrans.info\/es\/?s={search_term_string}"},"query-input":{"@type":"PropertyValueSpecification","valueRequired":true,"valueName":"search_term_string"}}],"inLanguage":"es"},{"@type":"Organization","@id":"https:\/\/swisstrans.info\/es\/#organization","name":"Grupo Logismedia AG","alternateName":"Logismedia Group AG","url":"https:\/\/swisstrans.info\/es\/","logo":{"@type":"ImageObject","inLanguage":"es","@id":"https:\/\/swisstrans.info\/es\/#\/schema\/logo\/image\/","url":"https:\/\/swisstrans.info\/wp-content\/uploads\/sites\/8\/2026\/01\/swisstrans_logo.png","contentUrl":"https:\/\/swisstrans.info\/wp-content\/uploads\/sites\/8\/2026\/01\/swisstrans_logo.png","width":823,"height":164,"caption":"Grupo Logismedia AG"},"image":{"@id":"https:\/\/swisstrans.info\/es\/#\/schema\/logo\/image\/"},"sameAs":["https:\/\/www.linkedin.com\/showcase\/swisstrans-info\/"]},{"@type":"Person","@id":"https:\/\/swisstrans.info\/es\/#\/schema\/person\/7b1593b33567ba798d300c8a1b0b85b1","name":"Andreas M\u00fcller","url":"https:\/\/swisstrans.info\/es\/author\/logismedia\/"}]}},"_links":{"self":[{"href":"https:\/\/swisstrans.info\/es\/wp-json\/wp\/v2\/posts\/100216","targetHints":{"allow":["GET"]}}],"collection":[{"href":"https:\/\/swisstrans.info\/es\/wp-json\/wp\/v2\/posts"}],"about":[{"href":"https:\/\/swisstrans.info\/es\/wp-json\/wp\/v2\/types\/post"}],"author":[{"embeddable":true,"href":"https:\/\/swisstrans.info\/es\/wp-json\/wp\/v2\/users\/7"}],"replies":[{"embeddable":true,"href":"https:\/\/swisstrans.info\/es\/wp-json\/wp\/v2\/comments?post=100216"}],"version-history":[{"count":0,"href":"https:\/\/swisstrans.info\/es\/wp-json\/wp\/v2\/posts\/100216\/revisions"}],"wp:featuredmedia":[{"embeddable":true,"href":"https:\/\/swisstrans.info\/es\/wp-json\/wp\/v2\/media\/100213"}],"wp:attachment":[{"href":"https:\/\/swisstrans.info\/es\/wp-json\/wp\/v2\/media?parent=100216"}],"wp:term":[{"taxonomy":"category","embeddable":true,"href":"https:\/\/swisstrans.info\/es\/wp-json\/wp\/v2\/categories?post=100216"},{"taxonomy":"post_tag","embeddable":true,"href":"https:\/\/swisstrans.info\/es\/wp-json\/wp\/v2\/tags?post=100216"}],"curies":[{"name":"wp","href":"https:\/\/api.w.org\/{rel}","templated":true}]}}