{"id":100232,"date":"2026-03-12T13:07:30","date_gmt":"2026-03-12T13:07:30","guid":{"rendered":"https:\/\/swisstrans.info\/2026\/03\/12\/swiss-post-con-disminucion-de-ingresos-2025\/"},"modified":"2026-03-12T13:07:30","modified_gmt":"2026-03-12T13:07:30","slug":"swiss-post-con-disminucion-de-ingresos-2025","status":"publish","type":"post","link":"https:\/\/swisstrans.info\/es\/2026\/03\/12\/swiss-post-con-disminucion-de-ingresos-2025\/","title":{"rendered":"Swiss Post con disminuci\u00f3n de ingresos 2025"},"content":{"rendered":"<p>La Posta ha presentado su cierre anual en condiciones dif\u00edciles, ensombrecidas por una tr\u00e1gica desgracia. En un incendio de un veh\u00edculo postal en la comuna de Kerzers, varios individuos perdieron la vida, incluido el conductor del veh\u00edculo. El consejo de administraci\u00f3n y la direcci\u00f3n del grupo expresan sus condolencias a los familiares y apoyan las investigaciones en curso de las autoridades competentes. A pesar de estas circunstancias tr\u00e1gicas, la Posta presenta su balance anual, demostrando as\u00ed su responsabilidad hacia la poblaci\u00f3n.<\/p>\n<h3>Resultados financieros en resumen<\/h3>\n<p>En el negocio operativo, la Posta logr\u00f3 un resultado operativo de 332 millones de francos, lo que representa una disminuci\u00f3n de 82 millones de francos en comparaci\u00f3n con el a\u00f1o anterior. La ganancia del grupo cay\u00f3 en 20 millones de francos a 315 millones de francos. El \u00e9xito de PostFinance contribuy\u00f3 significativamente a este resultado, a pesar de los desaf\u00edos de un entorno de tipos de inter\u00e9s dif\u00edcil. El director del grupo, Pascal Grieder, enfatiza que sin la contribuci\u00f3n de PostFinance, el resultado operativo habr\u00eda estado casi equilibrado. Alex Glanzmann, director de Finanzas, destaca que la Posta ha permanecido eficiente a pesar de las dif\u00edciles condiciones del entorno.<\/p>\n<p>La transformaci\u00f3n digital muestra desarrollos positivos. La nueva aplicaci\u00f3n de la Posta est\u00e1 ganando popularidad, y el n\u00famero de env\u00edos enviados digitalmente aument\u00f3 en 2025 en un 60 por ciento, alcanzando los 4,5 millones. Adem\u00e1s, 360,000 clientes privados han suscrito la recepci\u00f3n de env\u00edos digitales, lo que representa un aumento del 90 por ciento en comparaci\u00f3n con el a\u00f1o anterior. Estos desarrollos subrayan la creciente importancia de la comunicaci\u00f3n digital.<\/p>\n<h3>Desarrollos en el mercado de log\u00edstica y cartas<\/h3>\n<p>En el \u00e1rea de log\u00edstica, la Posta registr\u00f3 un aumento en la cantidad de paquetes a 186,6 millones de env\u00edos, lo que equivale a un incremento del 3,7 por ciento. PostFinance logr\u00f3 un resultado operativo de 290 millones de francos, apoyado por nuevas soluciones digitales de inversi\u00f3n y ahorro. En contraste, el mercado de cartas experiment\u00f3 una disminuci\u00f3n del 4,2 por ciento en los env\u00edos dirigidos, lo que llev\u00f3 a una ca\u00edda de ingresos de 85 millones de francos en el negocio de cartas y peri\u00f3dicos.<\/p>\n<p>Para enfrentar los desaf\u00edos financieros, la Posta planea afinar su estrategia hasta 2030. El enfoque est\u00e1 en fortalecer las \u00e1reas clave de log\u00edstica, comunicaci\u00f3n, movilidad y servicios financieros. El director del grupo, Grieder, explica que la Posta desea trabajar menos, pero con m\u00e1s enfoque y efectividad. El objetivo es aumentar la contribuci\u00f3n de ganancias del negocio de paquetes y acelerar el crecimiento en el negocio de inversiones.<\/p>\n<h3>Perspectivas y medidas estrat\u00e9gicas<\/h3>\n<p>La Posta continuar\u00e1 realizando ajustes de precios y deber\u00e1 reducir costos internos para garantizar un suministro b\u00e1sico financieramente viable. Hasta 2030, se simplificar\u00e1n los procesos en las \u00e1reas internas para trabajar de manera m\u00e1s eficiente. Adem\u00e1s, la Posta depender\u00e1 del apoyo de la pol\u00edtica para llevar a cabo un di\u00e1logo sobre el alcance del suministro b\u00e1sico y preservar la libertad empresarial.<\/p>\n<p>El director del grupo, Grieder, elogia la cohesi\u00f3n dentro de la empresa y destaca la fortaleza del equipo, especialmente en tiempos dif\u00edciles. La Posta seguir\u00e1 ofreciendo sus servicios y enfrentando los desaf\u00edos del mercado, mientras mantiene en sus pensamientos a las v\u00edctimas de la tr\u00e1gica desgracia.<\/p>\n<p><a href=\"http:\/\/www.post.ch\" target=\"_blank\" rel=\"noopener noreferrer\">www.post.ch<\/a><\/p>\n","protected":false},"excerpt":{"rendered":"<p>Cantidades de paquetes de 186,6 millones de env\u00edos, lo que corresponde a un aumento del 3,7 por ciento.<\/p>\n","protected":false},"author":7,"featured_media":100229,"comment_status":"open","ping_status":"open","sticky":false,"template":"","format":"standard","meta":{"_acf_changed":false,"footnotes":""},"categories":[6740,6742,6366],"tags":[7963,7964,7965,7966,7967,7968,7969,7970,7971,7972,7973,7974,7975,7546,7976,2211,7977,2212,7978,7979,7980,7981,7982,7983,7984,7985,7986,2133,1831,3750,7987,7988,7989,7990,7991,7992,7993,7994,3756,3757,7995,7996,2148,7997,7998,7999,8000,8001,7622,8002,8003,8004,8005,8006,8007,2242,8008],"class_list":["post-100232","post","type-post","status-publish","format-standard","has-post-thumbnail","hentry","category-bahn-binnenschifffahrt-strasse","category-europa","category-suiza","tag-accident-tragique","tag-activite-dinvestissement","tag-ajustements-de-prix","tag-anlagegeschaeft","tag-annual-report","tag-baisse-de-revenus","tag-baisse-des-revenus-2025","tag-basic-services","tag-betriebsergebnis","tag-briefmarkt","tag-challenges-of-the-post-francais-poste-suisse","tag-communication-numerique","tag-defis-de-la-poste","tag-deutsch-schweizerische-post","tag-digital-communication","tag-digital-transformation","tag-digitale-kommunikation","tag-digitale-transformation","tag-ertragsrueckgang-2025","tag-financial-services","tag-finanzdienstleistungen","tag-grundversorgung","tag-herausforderungen-der-post-english-swiss-post","tag-interne-kosten-senken","tag-investment-business","tag-jahresbilanz","tag-kerzers","tag-logistics-service-providers","tag-logistikdienstleister","tag-logistique-de-colis","tag-mail-market","tag-marche-postal","tag-market-strategies","tag-marktstrategien","tag-mobilitaet","tag-mobilite","tag-mobility","tag-operating-result","tag-paketlogistik","tag-parcel-logistics","tag-postfinance","tag-preisanpassungen","tag-prestataires-de-services-logistiques","tag-price-adjustments","tag-rapport-annuel","tag-reduce-internal-costs","tag-reduction-des-couts-internes","tag-resultat-dexploitation","tag-revenue-decline-2025","tag-revenue-drop","tag-services-de-base","tag-services-financiers","tag-strategies-de-marche","tag-tragic-accident","tag-tragisches-unglueck","tag-transformation-numerique","tag-umsatzrueckgang"],"acf":[],"yoast_head":"<!-- This site is optimized with the Yoast SEO plugin v27.3 - https:\/\/yoast.com\/product\/yoast-seo-wordpress\/ -->\n<title>Swiss Post con disminuci\u00f3n de ingresos 2025 - Swisstrans<\/title>\n<meta name=\"robots\" content=\"index, follow, max-snippet:-1, max-image-preview:large, max-video-preview:-1\" \/>\n<link rel=\"canonical\" href=\"https:\/\/swisstrans.info\/es\/2026\/03\/12\/swiss-post-con-disminucion-de-ingresos-2025\/\" \/>\n<meta property=\"og:locale\" content=\"es_ES\" \/>\n<meta property=\"og:type\" content=\"article\" \/>\n<meta property=\"og:title\" content=\"Swiss Post con disminuci\u00f3n de ingresos 2025 - Swisstrans\" \/>\n<meta property=\"og:description\" content=\"Cantidades de paquetes de 186,6 millones de env\u00edos, lo que corresponde a un aumento del 3,7 por ciento.\" \/>\n<meta property=\"og:url\" content=\"https:\/\/swisstrans.info\/es\/2026\/03\/12\/swiss-post-con-disminucion-de-ingresos-2025\/\" \/>\n<meta property=\"og:site_name\" content=\"Swisstrans\" \/>\n<meta property=\"article:published_time\" content=\"2026-03-12T13:07:30+00:00\" \/>\n<meta property=\"og:image\" content=\"https:\/\/swisstrans.info\/wp-content\/uploads\/sites\/8\/2026\/03\/Post_CH_12.3.26-scaled-1.jpg\" \/>\n\t<meta property=\"og:image:width\" content=\"2560\" \/>\n\t<meta property=\"og:image:height\" content=\"1440\" \/>\n\t<meta property=\"og:image:type\" content=\"image\/jpeg\" \/>\n<meta name=\"author\" content=\"Andreas M\u00fcller\" \/>\n<meta name=\"twitter:card\" content=\"summary_large_image\" \/>\n<meta name=\"twitter:label1\" content=\"Escrito por\" \/>\n\t<meta name=\"twitter:data1\" content=\"Andreas M\u00fcller\" \/>\n\t<meta name=\"twitter:label2\" content=\"Tiempo de lectura\" \/>\n\t<meta name=\"twitter:data2\" content=\"3 minuto\" \/>\n<script type=\"application\/ld+json\" class=\"yoast-schema-graph\">{\"@context\":\"https:\\\/\\\/schema.org\",\"@graph\":[{\"@type\":\"Article\",\"@id\":\"https:\\\/\\\/swisstrans.info\\\/es\\\/2026\\\/03\\\/12\\\/swiss-post-con-disminucion-de-ingresos-2025\\\/#article\",\"isPartOf\":{\"@id\":\"https:\\\/\\\/swisstrans.info\\\/es\\\/2026\\\/03\\\/12\\\/swiss-post-con-disminucion-de-ingresos-2025\\\/\"},\"author\":{\"name\":\"Andreas M\u00fcller\",\"@id\":\"https:\\\/\\\/swisstrans.info\\\/es\\\/#\\\/schema\\\/person\\\/7b1593b33567ba798d300c8a1b0b85b1\"},\"headline\":\"Swiss Post con disminuci\u00f3n de ingresos 2025\",\"datePublished\":\"2026-03-12T13:07:30+00:00\",\"mainEntityOfPage\":{\"@id\":\"https:\\\/\\\/swisstrans.info\\\/es\\\/2026\\\/03\\\/12\\\/swiss-post-con-disminucion-de-ingresos-2025\\\/\"},\"wordCount\":582,\"commentCount\":0,\"publisher\":{\"@id\":\"https:\\\/\\\/swisstrans.info\\\/es\\\/#organization\"},\"image\":{\"@id\":\"https:\\\/\\\/swisstrans.info\\\/es\\\/2026\\\/03\\\/12\\\/swiss-post-con-disminucion-de-ingresos-2025\\\/#primaryimage\"},\"thumbnailUrl\":\"https:\\\/\\\/swisstrans.info\\\/wp-content\\\/uploads\\\/sites\\\/8\\\/2026\\\/03\\\/Post_CH_12.3.26-scaled-1.jpg\",\"keywords\":[\"accident tragique\",\"activit\u00e9 d'investissement\",\"ajustements de prix\",\"Anlagegesch\u00e4ft\",\"annual report\",\"baisse de revenus\",\"baisse des revenus 2025\",\"basic services\",\"Betriebsergebnis\",\"Briefmarkt\",\"challenges of the Post Fran\u00e7ais Poste suisse\",\"communication num\u00e9rique\",\"d\u00e9fis de la Poste\",\"Deutsch Schweizerische Post\",\"digital communication\",\"digital transformation\",\"digitale Kommunikation\",\"digitale Transformation\",\"Ertragsr\u00fcckgang 2025\",\"financial services\",\"Finanzdienstleistungen\",\"Grundversorgung\",\"Herausforderungen der Post English Swiss Post\",\"interne Kosten senken\",\"investment business\",\"Jahresbilanz\",\"Kerzers\",\"logistics service providers\",\"Logistikdienstleister\",\"logistique de colis\",\"mail market\",\"march\u00e9 postal\",\"market strategies\",\"Marktstrategien\",\"Mobilit\u00e4t\",\"mobilit\u00e9\",\"mobility\",\"operating result\",\"Paketlogistik\",\"parcel logistics\",\"PostFinance\",\"Preisanpassungen\",\"prestataires de services logistiques\",\"price adjustments\",\"rapport annuel\",\"reduce internal costs\",\"r\u00e9duction des co\u00fbts internes\",\"r\u00e9sultat d'exploitation\",\"revenue decline 2025\",\"revenue drop\",\"services de base\",\"services financiers\",\"strat\u00e9gies de march\u00e9\",\"tragic accident\",\"tragisches Ungl\u00fcck\",\"transformation num\u00e9rique\",\"Umsatzr\u00fcckgang\"],\"articleSection\":[\"Bahn \\\/ Binnenschifffahrt \\\/ Strasse\",\"Europa\",\"Suiza\"],\"inLanguage\":\"es\",\"potentialAction\":[{\"@type\":\"CommentAction\",\"name\":\"Comment\",\"target\":[\"https:\\\/\\\/swisstrans.info\\\/es\\\/2026\\\/03\\\/12\\\/swiss-post-con-disminucion-de-ingresos-2025\\\/#respond\"]}]},{\"@type\":\"WebPage\",\"@id\":\"https:\\\/\\\/swisstrans.info\\\/es\\\/2026\\\/03\\\/12\\\/swiss-post-con-disminucion-de-ingresos-2025\\\/\",\"url\":\"https:\\\/\\\/swisstrans.info\\\/es\\\/2026\\\/03\\\/12\\\/swiss-post-con-disminucion-de-ingresos-2025\\\/\",\"name\":\"Swiss Post con disminuci\u00f3n de ingresos 2025 - Swisstrans\",\"isPartOf\":{\"@id\":\"https:\\\/\\\/swisstrans.info\\\/es\\\/#website\"},\"primaryImageOfPage\":{\"@id\":\"https:\\\/\\\/swisstrans.info\\\/es\\\/2026\\\/03\\\/12\\\/swiss-post-con-disminucion-de-ingresos-2025\\\/#primaryimage\"},\"image\":{\"@id\":\"https:\\\/\\\/swisstrans.info\\\/es\\\/2026\\\/03\\\/12\\\/swiss-post-con-disminucion-de-ingresos-2025\\\/#primaryimage\"},\"thumbnailUrl\":\"https:\\\/\\\/swisstrans.info\\\/wp-content\\\/uploads\\\/sites\\\/8\\\/2026\\\/03\\\/Post_CH_12.3.26-scaled-1.jpg\",\"datePublished\":\"2026-03-12T13:07:30+00:00\",\"breadcrumb\":{\"@id\":\"https:\\\/\\\/swisstrans.info\\\/es\\\/2026\\\/03\\\/12\\\/swiss-post-con-disminucion-de-ingresos-2025\\\/#breadcrumb\"},\"inLanguage\":\"es\",\"potentialAction\":[{\"@type\":\"ReadAction\",\"target\":[\"https:\\\/\\\/swisstrans.info\\\/es\\\/2026\\\/03\\\/12\\\/swiss-post-con-disminucion-de-ingresos-2025\\\/\"]}]},{\"@type\":\"ImageObject\",\"inLanguage\":\"es\",\"@id\":\"https:\\\/\\\/swisstrans.info\\\/es\\\/2026\\\/03\\\/12\\\/swiss-post-con-disminucion-de-ingresos-2025\\\/#primaryimage\",\"url\":\"https:\\\/\\\/swisstrans.info\\\/wp-content\\\/uploads\\\/sites\\\/8\\\/2026\\\/03\\\/Post_CH_12.3.26-scaled-1.jpg\",\"contentUrl\":\"https:\\\/\\\/swisstrans.info\\\/wp-content\\\/uploads\\\/sites\\\/8\\\/2026\\\/03\\\/Post_CH_12.3.26-scaled-1.jpg\",\"width\":2560,\"height\":1440},{\"@type\":\"BreadcrumbList\",\"@id\":\"https:\\\/\\\/swisstrans.info\\\/es\\\/2026\\\/03\\\/12\\\/swiss-post-con-disminucion-de-ingresos-2025\\\/#breadcrumb\",\"itemListElement\":[{\"@type\":\"ListItem\",\"position\":1,\"name\":\"Startseite\",\"item\":\"https:\\\/\\\/swisstrans.info\\\/es\\\/\"},{\"@type\":\"ListItem\",\"position\":2,\"name\":\"Swiss Post con disminuci\u00f3n de ingresos 2025\"}]},{\"@type\":\"WebSite\",\"@id\":\"https:\\\/\\\/swisstrans.info\\\/es\\\/#website\",\"url\":\"https:\\\/\\\/swisstrans.info\\\/es\\\/\",\"name\":\"Swisstrans\",\"description\":\"Swisstrans es una plataforma de informaci\u00f3n sobre transporte y log\u00edstica en Suiza, existente desde 2002, que conecta a cargadores con proveedores de productos y servicios.\",\"publisher\":{\"@id\":\"https:\\\/\\\/swisstrans.info\\\/es\\\/#organization\"},\"potentialAction\":[{\"@type\":\"SearchAction\",\"target\":{\"@type\":\"EntryPoint\",\"urlTemplate\":\"https:\\\/\\\/swisstrans.info\\\/es\\\/?s={search_term_string}\"},\"query-input\":{\"@type\":\"PropertyValueSpecification\",\"valueRequired\":true,\"valueName\":\"search_term_string\"}}],\"inLanguage\":\"es\"},{\"@type\":\"Organization\",\"@id\":\"https:\\\/\\\/swisstrans.info\\\/es\\\/#organization\",\"name\":\"Grupo Logismedia AG\",\"alternateName\":\"Logismedia Group AG\",\"url\":\"https:\\\/\\\/swisstrans.info\\\/es\\\/\",\"logo\":{\"@type\":\"ImageObject\",\"inLanguage\":\"es\",\"@id\":\"https:\\\/\\\/swisstrans.info\\\/es\\\/#\\\/schema\\\/logo\\\/image\\\/\",\"url\":\"https:\\\/\\\/swisstrans.info\\\/wp-content\\\/uploads\\\/sites\\\/8\\\/2026\\\/01\\\/swisstrans_logo.png\",\"contentUrl\":\"https:\\\/\\\/swisstrans.info\\\/wp-content\\\/uploads\\\/sites\\\/8\\\/2026\\\/01\\\/swisstrans_logo.png\",\"width\":823,\"height\":164,\"caption\":\"Grupo Logismedia AG\"},\"image\":{\"@id\":\"https:\\\/\\\/swisstrans.info\\\/es\\\/#\\\/schema\\\/logo\\\/image\\\/\"},\"sameAs\":[\"https:\\\/\\\/www.linkedin.com\\\/showcase\\\/swisstrans-info\\\/\"]},{\"@type\":\"Person\",\"@id\":\"https:\\\/\\\/swisstrans.info\\\/es\\\/#\\\/schema\\\/person\\\/7b1593b33567ba798d300c8a1b0b85b1\",\"name\":\"Andreas M\u00fcller\",\"url\":\"https:\\\/\\\/swisstrans.info\\\/es\\\/author\\\/logismedia\\\/\"}]}<\/script>\n<!-- \/ Yoast SEO plugin. -->","yoast_head_json":{"title":"Swiss Post con disminuci\u00f3n de ingresos 2025 - Swisstrans","robots":{"index":"index","follow":"follow","max-snippet":"max-snippet:-1","max-image-preview":"max-image-preview:large","max-video-preview":"max-video-preview:-1"},"canonical":"https:\/\/swisstrans.info\/es\/2026\/03\/12\/swiss-post-con-disminucion-de-ingresos-2025\/","og_locale":"es_ES","og_type":"article","og_title":"Swiss Post con disminuci\u00f3n de ingresos 2025 - Swisstrans","og_description":"Cantidades de paquetes de 186,6 millones de env\u00edos, lo que corresponde a un aumento del 3,7 por ciento.","og_url":"https:\/\/swisstrans.info\/es\/2026\/03\/12\/swiss-post-con-disminucion-de-ingresos-2025\/","og_site_name":"Swisstrans","article_published_time":"2026-03-12T13:07:30+00:00","og_image":[{"width":2560,"height":1440,"url":"https:\/\/swisstrans.info\/wp-content\/uploads\/sites\/8\/2026\/03\/Post_CH_12.3.26-scaled-1.jpg","type":"image\/jpeg"}],"author":"Andreas M\u00fcller","twitter_card":"summary_large_image","twitter_misc":{"Escrito por":"Andreas M\u00fcller","Tiempo de lectura":"3 minuto"},"schema":{"@context":"https:\/\/schema.org","@graph":[{"@type":"Article","@id":"https:\/\/swisstrans.info\/es\/2026\/03\/12\/swiss-post-con-disminucion-de-ingresos-2025\/#article","isPartOf":{"@id":"https:\/\/swisstrans.info\/es\/2026\/03\/12\/swiss-post-con-disminucion-de-ingresos-2025\/"},"author":{"name":"Andreas M\u00fcller","@id":"https:\/\/swisstrans.info\/es\/#\/schema\/person\/7b1593b33567ba798d300c8a1b0b85b1"},"headline":"Swiss Post con disminuci\u00f3n de ingresos 2025","datePublished":"2026-03-12T13:07:30+00:00","mainEntityOfPage":{"@id":"https:\/\/swisstrans.info\/es\/2026\/03\/12\/swiss-post-con-disminucion-de-ingresos-2025\/"},"wordCount":582,"commentCount":0,"publisher":{"@id":"https:\/\/swisstrans.info\/es\/#organization"},"image":{"@id":"https:\/\/swisstrans.info\/es\/2026\/03\/12\/swiss-post-con-disminucion-de-ingresos-2025\/#primaryimage"},"thumbnailUrl":"https:\/\/swisstrans.info\/wp-content\/uploads\/sites\/8\/2026\/03\/Post_CH_12.3.26-scaled-1.jpg","keywords":["accident tragique","activit\u00e9 d'investissement","ajustements de prix","Anlagegesch\u00e4ft","annual report","baisse de revenus","baisse des revenus 2025","basic services","Betriebsergebnis","Briefmarkt","challenges of the Post Fran\u00e7ais Poste suisse","communication num\u00e9rique","d\u00e9fis de la Poste","Deutsch Schweizerische Post","digital communication","digital transformation","digitale Kommunikation","digitale Transformation","Ertragsr\u00fcckgang 2025","financial services","Finanzdienstleistungen","Grundversorgung","Herausforderungen der Post English Swiss Post","interne Kosten senken","investment business","Jahresbilanz","Kerzers","logistics service providers","Logistikdienstleister","logistique de colis","mail market","march\u00e9 postal","market strategies","Marktstrategien","Mobilit\u00e4t","mobilit\u00e9","mobility","operating result","Paketlogistik","parcel logistics","PostFinance","Preisanpassungen","prestataires de services logistiques","price adjustments","rapport annuel","reduce internal costs","r\u00e9duction des co\u00fbts internes","r\u00e9sultat d'exploitation","revenue decline 2025","revenue drop","services de base","services financiers","strat\u00e9gies de march\u00e9","tragic accident","tragisches Ungl\u00fcck","transformation num\u00e9rique","Umsatzr\u00fcckgang"],"articleSection":["Bahn \/ Binnenschifffahrt \/ Strasse","Europa","Suiza"],"inLanguage":"es","potentialAction":[{"@type":"CommentAction","name":"Comment","target":["https:\/\/swisstrans.info\/es\/2026\/03\/12\/swiss-post-con-disminucion-de-ingresos-2025\/#respond"]}]},{"@type":"WebPage","@id":"https:\/\/swisstrans.info\/es\/2026\/03\/12\/swiss-post-con-disminucion-de-ingresos-2025\/","url":"https:\/\/swisstrans.info\/es\/2026\/03\/12\/swiss-post-con-disminucion-de-ingresos-2025\/","name":"Swiss Post con disminuci\u00f3n de ingresos 2025 - Swisstrans","isPartOf":{"@id":"https:\/\/swisstrans.info\/es\/#website"},"primaryImageOfPage":{"@id":"https:\/\/swisstrans.info\/es\/2026\/03\/12\/swiss-post-con-disminucion-de-ingresos-2025\/#primaryimage"},"image":{"@id":"https:\/\/swisstrans.info\/es\/2026\/03\/12\/swiss-post-con-disminucion-de-ingresos-2025\/#primaryimage"},"thumbnailUrl":"https:\/\/swisstrans.info\/wp-content\/uploads\/sites\/8\/2026\/03\/Post_CH_12.3.26-scaled-1.jpg","datePublished":"2026-03-12T13:07:30+00:00","breadcrumb":{"@id":"https:\/\/swisstrans.info\/es\/2026\/03\/12\/swiss-post-con-disminucion-de-ingresos-2025\/#breadcrumb"},"inLanguage":"es","potentialAction":[{"@type":"ReadAction","target":["https:\/\/swisstrans.info\/es\/2026\/03\/12\/swiss-post-con-disminucion-de-ingresos-2025\/"]}]},{"@type":"ImageObject","inLanguage":"es","@id":"https:\/\/swisstrans.info\/es\/2026\/03\/12\/swiss-post-con-disminucion-de-ingresos-2025\/#primaryimage","url":"https:\/\/swisstrans.info\/wp-content\/uploads\/sites\/8\/2026\/03\/Post_CH_12.3.26-scaled-1.jpg","contentUrl":"https:\/\/swisstrans.info\/wp-content\/uploads\/sites\/8\/2026\/03\/Post_CH_12.3.26-scaled-1.jpg","width":2560,"height":1440},{"@type":"BreadcrumbList","@id":"https:\/\/swisstrans.info\/es\/2026\/03\/12\/swiss-post-con-disminucion-de-ingresos-2025\/#breadcrumb","itemListElement":[{"@type":"ListItem","position":1,"name":"Startseite","item":"https:\/\/swisstrans.info\/es\/"},{"@type":"ListItem","position":2,"name":"Swiss Post con disminuci\u00f3n de ingresos 2025"}]},{"@type":"WebSite","@id":"https:\/\/swisstrans.info\/es\/#website","url":"https:\/\/swisstrans.info\/es\/","name":"Swisstrans","description":"Swisstrans es una plataforma de informaci\u00f3n sobre transporte y log\u00edstica en Suiza, existente desde 2002, que conecta a cargadores con proveedores de productos y servicios.","publisher":{"@id":"https:\/\/swisstrans.info\/es\/#organization"},"potentialAction":[{"@type":"SearchAction","target":{"@type":"EntryPoint","urlTemplate":"https:\/\/swisstrans.info\/es\/?s={search_term_string}"},"query-input":{"@type":"PropertyValueSpecification","valueRequired":true,"valueName":"search_term_string"}}],"inLanguage":"es"},{"@type":"Organization","@id":"https:\/\/swisstrans.info\/es\/#organization","name":"Grupo Logismedia AG","alternateName":"Logismedia Group AG","url":"https:\/\/swisstrans.info\/es\/","logo":{"@type":"ImageObject","inLanguage":"es","@id":"https:\/\/swisstrans.info\/es\/#\/schema\/logo\/image\/","url":"https:\/\/swisstrans.info\/wp-content\/uploads\/sites\/8\/2026\/01\/swisstrans_logo.png","contentUrl":"https:\/\/swisstrans.info\/wp-content\/uploads\/sites\/8\/2026\/01\/swisstrans_logo.png","width":823,"height":164,"caption":"Grupo Logismedia AG"},"image":{"@id":"https:\/\/swisstrans.info\/es\/#\/schema\/logo\/image\/"},"sameAs":["https:\/\/www.linkedin.com\/showcase\/swisstrans-info\/"]},{"@type":"Person","@id":"https:\/\/swisstrans.info\/es\/#\/schema\/person\/7b1593b33567ba798d300c8a1b0b85b1","name":"Andreas M\u00fcller","url":"https:\/\/swisstrans.info\/es\/author\/logismedia\/"}]}},"_links":{"self":[{"href":"https:\/\/swisstrans.info\/es\/wp-json\/wp\/v2\/posts\/100232","targetHints":{"allow":["GET"]}}],"collection":[{"href":"https:\/\/swisstrans.info\/es\/wp-json\/wp\/v2\/posts"}],"about":[{"href":"https:\/\/swisstrans.info\/es\/wp-json\/wp\/v2\/types\/post"}],"author":[{"embeddable":true,"href":"https:\/\/swisstrans.info\/es\/wp-json\/wp\/v2\/users\/7"}],"replies":[{"embeddable":true,"href":"https:\/\/swisstrans.info\/es\/wp-json\/wp\/v2\/comments?post=100232"}],"version-history":[{"count":0,"href":"https:\/\/swisstrans.info\/es\/wp-json\/wp\/v2\/posts\/100232\/revisions"}],"wp:featuredmedia":[{"embeddable":true,"href":"https:\/\/swisstrans.info\/es\/wp-json\/wp\/v2\/media\/100229"}],"wp:attachment":[{"href":"https:\/\/swisstrans.info\/es\/wp-json\/wp\/v2\/media?parent=100232"}],"wp:term":[{"taxonomy":"category","embeddable":true,"href":"https:\/\/swisstrans.info\/es\/wp-json\/wp\/v2\/categories?post=100232"},{"taxonomy":"post_tag","embeddable":true,"href":"https:\/\/swisstrans.info\/es\/wp-json\/wp\/v2\/tags?post=100232"}],"curies":[{"name":"wp","href":"https:\/\/api.w.org\/{rel}","templated":true}]}}