{"id":100274,"date":"2026-03-16T18:58:41","date_gmt":"2026-03-16T18:58:41","guid":{"rendered":"https:\/\/swisstrans.info\/2026\/03\/16\/swisstrans-magazin-01-02-26-esta-en-linea\/"},"modified":"2026-03-16T18:58:41","modified_gmt":"2026-03-16T18:58:41","slug":"swisstrans-magazin-01-02-26-esta-en-linea","status":"publish","type":"post","link":"https:\/\/swisstrans.info\/es\/2026\/03\/16\/swisstrans-magazin-01-02-26-esta-en-linea\/","title":{"rendered":"Swisstrans Magazin 01-02\/26 est\u00e1 en l\u00ednea"},"content":{"rendered":"<p data-start=\"270\" data-end=\"726\">La nueva edici\u00f3n de la <strong data-start=\"291\" data-end=\"314\">revista Swisstrans<\/strong> se centra en el desarrollo del transporte a\u00e9reo de carga en Suiza y al mismo tiempo destaca tendencias clave en la industria del transporte y la log\u00edstica. En el centro de atenci\u00f3n est\u00e1n los desaf\u00edos actuales para las aerol\u00edneas, los transportistas y las empresas de log\u00edstica en un entorno de mercado caracterizado por tensiones geopol\u00edticas, aumento de costos y cambios estructurales.<\/p>\n<p data-start=\"728\" data-end=\"1137\">Un informe detallado muestra c\u00f3mo se desarrolla la <strong data-start=\"774\" data-end=\"849\">carga a\u00e9rea suiza entre el crecimiento y la creciente presi\u00f3n competitiva<\/strong>. A pesar de la demanda estable, como la impulsada por el comercio electr\u00f3nico o la industria farmac\u00e9utica, las aerol\u00edneas y las empresas de manejo enfrentan un aumento de los requisitos regulatorios, creciente presi\u00f3n de costos y competencia creciente en rutas internacionales.<\/p>\n<p data-start=\"1139\" data-end=\"1494\">En una entrevista con <strong data-start=\"1156\" data-end=\"1231\">Sandrine Gentile Montel, jefa de Carga Suiza en SWISS WorldCargo<\/strong>, se aborda el papel de la aerol\u00ednea de carga nacional en la competencia global. Ella habla sobre la volatilidad en el mercado, la importancia de la &#8222;suiza&#8220; en el segmento premium, as\u00ed como sobre digitalizaci\u00f3n, sostenibilidad y el futuro del sitio de carga a\u00e9rea en Suiza.<\/p>\n<p data-start=\"1496\" data-end=\"1868\">Tambi\u00e9n se centra en el <strong data-start=\"1525\" data-end=\"1564\">EuroAirport Basel-Mulhouse-Freiburg<\/strong>, que se ha establecido cada vez m\u00e1s como un importante centro para la industria de ciencias de la vida y farmac\u00e9utica. Una conversaci\u00f3n con la direcci\u00f3n del aeropuerto revela qu\u00e9 papel juega el aeropuerto organizado de manera trinacional en las cadenas de suministro internacionales y qu\u00e9 desaf\u00edos surgen, por ejemplo, a trav\u00e9s de proyectos de infraestructura.<\/p>\n<p data-start=\"1870\" data-end=\"2221\">Adem\u00e1s del transporte a\u00e9reo de carga, la revista aborda otros temas a lo largo de toda la cadena de suministro. As\u00ed, un an\u00e1lisis de la plataforma Transporeon muestra que <strong data-start=\"2018\" data-end=\"2103\">los atascos en las fronteras aduaneras suizas siguen siendo un tema recurrente a pesar de la digitalizaci\u00f3n<\/strong> y pueden llevar a tiempos de espera significativos, especialmente en las importaciones.<\/p>\n<p data-start=\"2223\" data-end=\"2526\">Otro dossier destaca el <strong data-start=\"2259\" data-end=\"2342\">estudio actual del mercado log\u00edstico de GS1 Suiza y la Universidad de St. Gallen<\/strong>, que identifica tendencias centrales para la industria: crecientes demandas de suministro, aumento de cuellos de botella en la infraestructura y una profunda transformaci\u00f3n digital de las cadenas de suministro.<\/p>\n<p data-start=\"2528\" data-end=\"2767\">Ejemplos pr\u00e1cticos de la industria tambi\u00e9n muestran c\u00f3mo las empresas de log\u00edstica est\u00e1n desarrollando sus procesos, por ejemplo, a trav\u00e9s de almacenes automatizados de refrigeraci\u00f3n y congelaci\u00f3n, nuevos conceptos log\u00edsticos omnicanal en el comercio o modelos operativos energ\u00e9ticamente eficientes.<\/p>\n<p data-start=\"2769\" data-end=\"2967\">La edici\u00f3n se completa con perspectivas internacionales, incluido un informe sobre <strong data-start=\"2858\" data-end=\"2907\">el aumento de las importaciones desde Ucrania a pesar de la guerra<\/strong> y una mirada a la nueva infraestructura de carga a\u00e9rea en Europa.<\/p>\n<p data-start=\"2969\" data-end=\"3158\">La edici\u00f3n actual ofrece as\u00ed una visi\u00f3n completa de <strong data-start=\"3036\" data-end=\"3157\">los desarrollos m\u00e1s importantes en transporte, log\u00edstica y cadena de suministro, con un enfoque especial en el sitio de Suiza<\/strong>.<\/p>\n<h2 data-start=\"2969\" data-end=\"3158\"><span style=\"color: #ff0000\"><a style=\"color: #ff0000\" href=\"https:\/\/online.fliphtml5.com\/bwrte\/ytgw\/\" target=\"_blank\" rel=\"noopener noreferrer\">Aqu\u00ed est\u00e1 el E-Paper<\/a><\/span><\/h2>\n","protected":false},"excerpt":{"rendered":"<p>La nueva edici\u00f3n de la revista Swisstrans analiza los desarrollos en el transporte a\u00e9reo y destaca las tendencias centrales de la industria del transporte y la log\u00edstica en Suiza.<\/p>\n","protected":false},"author":7,"featured_media":100271,"comment_status":"open","ping_status":"open","sticky":false,"template":"","format":"standard","meta":{"_acf_changed":false,"footnotes":""},"categories":[6706,6705,6893,6366],"tags":[8138,8139,8140,8141,8142,8143,8144,8145,8146,8147,8148,8149,2115,2116,8150,8151,8152,8153,8154,8155,2041,8156,8157,8158,8159,6459,6460,8160,8161,8162,8163,8164,8165,8166,8167,5112,3157,8168,8169,8170,8171,8172,6468,8173,5119,8174,5120,8175,8176,8177,8178,8179,8180,8181],"class_list":["post-100274","post","type-post","status-publish","format-standard","has-post-thumbnail","hentry","category-carga-aerea","category-intralogistica","category-logistik-spedition","category-suiza","tag-augmentations-de-couts-logistique","tag-cargo-airlines","tag-chaines-dapprovisionnement-internationales","tag-challenges-for-airlines","tag-compagnies-aeriennes-de-fret","tag-competitive-pressure-air-freight","tag-cost-increases-logistics","tag-customs-borders-switzerland","tag-defis-pour-les-compagnies-aeriennes","tag-deutsch-luftfracht-schweiz","tag-digital-transformation-supply-chains-francais-fret-aerien-suisse","tag-digitale-transformation-lieferketten-english-air-freight-switzerland","tag-digitalisierung-in-der-logistik","tag-digitalization-in-logistics","tag-e-commerce-air-freight","tag-e-commerce-luftfracht","tag-entreprises-de-logistique-suisse","tag-etude-de-marche-logistique-gs1","tag-euroairport-bale-mulhouse-fribourg","tag-euroairport-basel-mulhouse-freiburg","tag-frachtfluggesellschaften","tag-fret-aerien-e-commerce","tag-frontieres-douanieres-suisse","tag-herausforderungen-fuer-airlines","tag-industrie-pharmaceutique-logistique","tag-infrastructure-projects-switzerland","tag-infrastrukturprojekte-schweiz","tag-international-supply-chains","tag-internationale-lieferketten","tag-kostensteigerungen-logistik","tag-logistics-companies-switzerland","tag-logistics-market-study-gs1","tag-logistikmarktstudie-gs1","tag-logistikunternehmen-schweiz","tag-logistique-omnicanale","tag-nachhaltige-logistikloesungen","tag-numerisation-dans-la-logistique","tag-omnichannel-logistics","tag-omnichannel-logistik","tag-pharmaceutical-industry-logistics","tag-pharmaindustrie-logistik","tag-pression-concurrentielle-fret-aerien","tag-projets-dinfrastructure-suisse","tag-secteur-du-transport-et-de-la-logistique","tag-solutions-logistiques-durables","tag-supply-chain-trends","tag-sustainable-logistics-solutions","tag-swiss-worldcargo","tag-tendances-de-la-chaine-dapprovisionnement","tag-transformation-numerique-des-chaines-dapprovisionnement","tag-transport-and-logistics-industry","tag-transport-und-logistikbranche","tag-wettbewerbsdruck-luftfracht","tag-zollgrenzen-schweiz"],"acf":[],"yoast_head":"<!-- This site is optimized with the Yoast SEO plugin v27.3 - https:\/\/yoast.com\/product\/yoast-seo-wordpress\/ -->\n<title>Swisstrans Magazin 01-02\/26 est\u00e1 en l\u00ednea - Swisstrans<\/title>\n<meta name=\"robots\" content=\"index, follow, max-snippet:-1, max-image-preview:large, max-video-preview:-1\" \/>\n<link rel=\"canonical\" href=\"https:\/\/swisstrans.info\/es\/2026\/03\/16\/swisstrans-magazin-01-02-26-esta-en-linea\/\" \/>\n<meta property=\"og:locale\" content=\"es_ES\" \/>\n<meta property=\"og:type\" content=\"article\" \/>\n<meta property=\"og:title\" content=\"Swisstrans Magazin 01-02\/26 est\u00e1 en l\u00ednea - Swisstrans\" \/>\n<meta property=\"og:description\" content=\"La nueva edici\u00f3n de la revista Swisstrans analiza los desarrollos en el transporte a\u00e9reo y destaca las tendencias centrales de la industria del transporte y la log\u00edstica en Suiza.\" \/>\n<meta property=\"og:url\" content=\"https:\/\/swisstrans.info\/es\/2026\/03\/16\/swisstrans-magazin-01-02-26-esta-en-linea\/\" \/>\n<meta property=\"og:site_name\" content=\"Swisstrans\" \/>\n<meta property=\"article:published_time\" content=\"2026-03-16T18:58:41+00:00\" \/>\n<meta property=\"og:image\" content=\"https:\/\/swisstrans.info\/wp-content\/uploads\/sites\/8\/2026\/03\/Swisstrans_Magazin_01-02_2026-aspect-ratio-1400-788-1200x676.png\" \/>\n\t<meta property=\"og:image:width\" content=\"1200\" \/>\n\t<meta property=\"og:image:height\" content=\"676\" \/>\n\t<meta property=\"og:image:type\" content=\"image\/png\" \/>\n<meta name=\"author\" content=\"Andreas M\u00fcller\" \/>\n<meta name=\"twitter:card\" content=\"summary_large_image\" \/>\n<meta name=\"twitter:label1\" content=\"Escrito por\" \/>\n\t<meta name=\"twitter:data1\" content=\"Andreas M\u00fcller\" \/>\n\t<meta name=\"twitter:label2\" content=\"Tiempo de lectura\" \/>\n\t<meta name=\"twitter:data2\" content=\"3 minuto\" \/>\n<script type=\"application\/ld+json\" class=\"yoast-schema-graph\">{\"@context\":\"https:\\\/\\\/schema.org\",\"@graph\":[{\"@type\":\"Article\",\"@id\":\"https:\\\/\\\/swisstrans.info\\\/es\\\/2026\\\/03\\\/16\\\/swisstrans-magazin-01-02-26-esta-en-linea\\\/#article\",\"isPartOf\":{\"@id\":\"https:\\\/\\\/swisstrans.info\\\/es\\\/2026\\\/03\\\/16\\\/swisstrans-magazin-01-02-26-esta-en-linea\\\/\"},\"author\":{\"name\":\"Andreas M\u00fcller\",\"@id\":\"https:\\\/\\\/swisstrans.info\\\/es\\\/#\\\/schema\\\/person\\\/7b1593b33567ba798d300c8a1b0b85b1\"},\"headline\":\"Swisstrans Magazin 01-02\\\/26 est\u00e1 en l\u00ednea\",\"datePublished\":\"2026-03-16T18:58:41+00:00\",\"mainEntityOfPage\":{\"@id\":\"https:\\\/\\\/swisstrans.info\\\/es\\\/2026\\\/03\\\/16\\\/swisstrans-magazin-01-02-26-esta-en-linea\\\/\"},\"wordCount\":518,\"commentCount\":0,\"publisher\":{\"@id\":\"https:\\\/\\\/swisstrans.info\\\/es\\\/#organization\"},\"image\":{\"@id\":\"https:\\\/\\\/swisstrans.info\\\/es\\\/2026\\\/03\\\/16\\\/swisstrans-magazin-01-02-26-esta-en-linea\\\/#primaryimage\"},\"thumbnailUrl\":\"https:\\\/\\\/swisstrans.info\\\/wp-content\\\/uploads\\\/sites\\\/8\\\/2026\\\/03\\\/Swisstrans_Magazin_01-02_2026-aspect-ratio-1400-788.png\",\"keywords\":[\"augmentations de co\u00fbts logistique\",\"cargo airlines\",\"cha\u00eenes d'approvisionnement internationales\",\"challenges for airlines\",\"compagnies a\u00e9riennes de fret\",\"competitive pressure air freight\",\"cost increases logistics\",\"customs borders Switzerland\",\"d\u00e9fis pour les compagnies a\u00e9riennes\",\"Deutsch Luftfracht Schweiz\",\"digital transformation supply chains Fran\u00e7ais fret a\u00e9rien Suisse\",\"digitale Transformation Lieferketten English air freight Switzerland\",\"Digitalisierung in der Logistik\",\"digitalization in logistics\",\"e-commerce air freight\",\"E-Commerce-Luftfracht\",\"entreprises de logistique Suisse\",\"\u00e9tude de march\u00e9 logistique GS1\",\"EuroAirport B\u00e2le-Mulhouse-Fribourg\",\"EuroAirport Basel-Mulhouse-Freiburg\",\"Frachtfluggesellschaften\",\"fret a\u00e9rien e-commerce\",\"fronti\u00e8res douani\u00e8res Suisse\",\"Herausforderungen f\u00fcr Airlines\",\"industrie pharmaceutique logistique\",\"infrastructure projects Switzerland\",\"Infrastrukturprojekte Schweiz\",\"international supply chains\",\"internationale Lieferketten\",\"Kostensteigerungen Logistik\",\"logistics companies Switzerland\",\"logistics market study GS1\",\"Logistikmarktstudie GS1\",\"Logistikunternehmen Schweiz\",\"logistique omnicanale\",\"nachhaltige Logistikl\u00f6sungen\",\"num\u00e9risation dans la logistique\",\"omnichannel logistics\",\"Omnichannel-Logistik\",\"pharmaceutical industry logistics\",\"Pharmaindustrie Logistik\",\"pression concurrentielle fret a\u00e9rien\",\"projets d'infrastructure Suisse\",\"secteur du transport et de la logistique\",\"solutions logistiques durables\",\"Supply Chain Trends\",\"sustainable logistics solutions\",\"SWISS WorldCargo\",\"tendances de la cha\u00eene d'approvisionnement\",\"transformation num\u00e9rique des cha\u00eenes d'approvisionnement\",\"transport and logistics industry\",\"Transport- und Logistikbranche\",\"Wettbewerbsdruck Luftfracht\",\"Zollgrenzen Schweiz\"],\"articleSection\":[\"Carga a\u00e9rea\",\"Intralog\u00edstica\",\"Logistik &amp; Spedition\",\"Suiza\"],\"inLanguage\":\"es\",\"potentialAction\":[{\"@type\":\"CommentAction\",\"name\":\"Comment\",\"target\":[\"https:\\\/\\\/swisstrans.info\\\/es\\\/2026\\\/03\\\/16\\\/swisstrans-magazin-01-02-26-esta-en-linea\\\/#respond\"]}]},{\"@type\":\"WebPage\",\"@id\":\"https:\\\/\\\/swisstrans.info\\\/es\\\/2026\\\/03\\\/16\\\/swisstrans-magazin-01-02-26-esta-en-linea\\\/\",\"url\":\"https:\\\/\\\/swisstrans.info\\\/es\\\/2026\\\/03\\\/16\\\/swisstrans-magazin-01-02-26-esta-en-linea\\\/\",\"name\":\"Swisstrans Magazin 01-02\\\/26 est\u00e1 en l\u00ednea - Swisstrans\",\"isPartOf\":{\"@id\":\"https:\\\/\\\/swisstrans.info\\\/es\\\/#website\"},\"primaryImageOfPage\":{\"@id\":\"https:\\\/\\\/swisstrans.info\\\/es\\\/2026\\\/03\\\/16\\\/swisstrans-magazin-01-02-26-esta-en-linea\\\/#primaryimage\"},\"image\":{\"@id\":\"https:\\\/\\\/swisstrans.info\\\/es\\\/2026\\\/03\\\/16\\\/swisstrans-magazin-01-02-26-esta-en-linea\\\/#primaryimage\"},\"thumbnailUrl\":\"https:\\\/\\\/swisstrans.info\\\/wp-content\\\/uploads\\\/sites\\\/8\\\/2026\\\/03\\\/Swisstrans_Magazin_01-02_2026-aspect-ratio-1400-788.png\",\"datePublished\":\"2026-03-16T18:58:41+00:00\",\"breadcrumb\":{\"@id\":\"https:\\\/\\\/swisstrans.info\\\/es\\\/2026\\\/03\\\/16\\\/swisstrans-magazin-01-02-26-esta-en-linea\\\/#breadcrumb\"},\"inLanguage\":\"es\",\"potentialAction\":[{\"@type\":\"ReadAction\",\"target\":[\"https:\\\/\\\/swisstrans.info\\\/es\\\/2026\\\/03\\\/16\\\/swisstrans-magazin-01-02-26-esta-en-linea\\\/\"]}]},{\"@type\":\"ImageObject\",\"inLanguage\":\"es\",\"@id\":\"https:\\\/\\\/swisstrans.info\\\/es\\\/2026\\\/03\\\/16\\\/swisstrans-magazin-01-02-26-esta-en-linea\\\/#primaryimage\",\"url\":\"https:\\\/\\\/swisstrans.info\\\/wp-content\\\/uploads\\\/sites\\\/8\\\/2026\\\/03\\\/Swisstrans_Magazin_01-02_2026-aspect-ratio-1400-788.png\",\"contentUrl\":\"https:\\\/\\\/swisstrans.info\\\/wp-content\\\/uploads\\\/sites\\\/8\\\/2026\\\/03\\\/Swisstrans_Magazin_01-02_2026-aspect-ratio-1400-788.png\",\"width\":1637,\"height\":922},{\"@type\":\"BreadcrumbList\",\"@id\":\"https:\\\/\\\/swisstrans.info\\\/es\\\/2026\\\/03\\\/16\\\/swisstrans-magazin-01-02-26-esta-en-linea\\\/#breadcrumb\",\"itemListElement\":[{\"@type\":\"ListItem\",\"position\":1,\"name\":\"Startseite\",\"item\":\"https:\\\/\\\/swisstrans.info\\\/es\\\/\"},{\"@type\":\"ListItem\",\"position\":2,\"name\":\"Swisstrans Magazin 01-02\\\/26 est\u00e1 en l\u00ednea\"}]},{\"@type\":\"WebSite\",\"@id\":\"https:\\\/\\\/swisstrans.info\\\/es\\\/#website\",\"url\":\"https:\\\/\\\/swisstrans.info\\\/es\\\/\",\"name\":\"Swisstrans\",\"description\":\"Swisstrans es una plataforma de informaci\u00f3n sobre transporte y log\u00edstica en Suiza, existente desde 2002, que conecta a cargadores con proveedores de productos y servicios.\",\"publisher\":{\"@id\":\"https:\\\/\\\/swisstrans.info\\\/es\\\/#organization\"},\"potentialAction\":[{\"@type\":\"SearchAction\",\"target\":{\"@type\":\"EntryPoint\",\"urlTemplate\":\"https:\\\/\\\/swisstrans.info\\\/es\\\/?s={search_term_string}\"},\"query-input\":{\"@type\":\"PropertyValueSpecification\",\"valueRequired\":true,\"valueName\":\"search_term_string\"}}],\"inLanguage\":\"es\"},{\"@type\":\"Organization\",\"@id\":\"https:\\\/\\\/swisstrans.info\\\/es\\\/#organization\",\"name\":\"Grupo Logismedia AG\",\"alternateName\":\"Logismedia Group AG\",\"url\":\"https:\\\/\\\/swisstrans.info\\\/es\\\/\",\"logo\":{\"@type\":\"ImageObject\",\"inLanguage\":\"es\",\"@id\":\"https:\\\/\\\/swisstrans.info\\\/es\\\/#\\\/schema\\\/logo\\\/image\\\/\",\"url\":\"https:\\\/\\\/swisstrans.info\\\/wp-content\\\/uploads\\\/sites\\\/8\\\/2026\\\/01\\\/swisstrans_logo.png\",\"contentUrl\":\"https:\\\/\\\/swisstrans.info\\\/wp-content\\\/uploads\\\/sites\\\/8\\\/2026\\\/01\\\/swisstrans_logo.png\",\"width\":823,\"height\":164,\"caption\":\"Grupo Logismedia AG\"},\"image\":{\"@id\":\"https:\\\/\\\/swisstrans.info\\\/es\\\/#\\\/schema\\\/logo\\\/image\\\/\"},\"sameAs\":[\"https:\\\/\\\/www.linkedin.com\\\/showcase\\\/swisstrans-info\\\/\"]},{\"@type\":\"Person\",\"@id\":\"https:\\\/\\\/swisstrans.info\\\/es\\\/#\\\/schema\\\/person\\\/7b1593b33567ba798d300c8a1b0b85b1\",\"name\":\"Andreas M\u00fcller\",\"url\":\"https:\\\/\\\/swisstrans.info\\\/es\\\/author\\\/logismedia\\\/\"}]}<\/script>\n<!-- \/ Yoast SEO plugin. -->","yoast_head_json":{"title":"Swisstrans Magazin 01-02\/26 est\u00e1 en l\u00ednea - Swisstrans","robots":{"index":"index","follow":"follow","max-snippet":"max-snippet:-1","max-image-preview":"max-image-preview:large","max-video-preview":"max-video-preview:-1"},"canonical":"https:\/\/swisstrans.info\/es\/2026\/03\/16\/swisstrans-magazin-01-02-26-esta-en-linea\/","og_locale":"es_ES","og_type":"article","og_title":"Swisstrans Magazin 01-02\/26 est\u00e1 en l\u00ednea - Swisstrans","og_description":"La nueva edici\u00f3n de la revista Swisstrans analiza los desarrollos en el transporte a\u00e9reo y destaca las tendencias centrales de la industria del transporte y la log\u00edstica en Suiza.","og_url":"https:\/\/swisstrans.info\/es\/2026\/03\/16\/swisstrans-magazin-01-02-26-esta-en-linea\/","og_site_name":"Swisstrans","article_published_time":"2026-03-16T18:58:41+00:00","og_image":[{"width":1200,"height":676,"url":"https:\/\/swisstrans.info\/wp-content\/uploads\/sites\/8\/2026\/03\/Swisstrans_Magazin_01-02_2026-aspect-ratio-1400-788-1200x676.png","type":"image\/png"}],"author":"Andreas M\u00fcller","twitter_card":"summary_large_image","twitter_misc":{"Escrito por":"Andreas M\u00fcller","Tiempo de lectura":"3 minuto"},"schema":{"@context":"https:\/\/schema.org","@graph":[{"@type":"Article","@id":"https:\/\/swisstrans.info\/es\/2026\/03\/16\/swisstrans-magazin-01-02-26-esta-en-linea\/#article","isPartOf":{"@id":"https:\/\/swisstrans.info\/es\/2026\/03\/16\/swisstrans-magazin-01-02-26-esta-en-linea\/"},"author":{"name":"Andreas M\u00fcller","@id":"https:\/\/swisstrans.info\/es\/#\/schema\/person\/7b1593b33567ba798d300c8a1b0b85b1"},"headline":"Swisstrans Magazin 01-02\/26 est\u00e1 en l\u00ednea","datePublished":"2026-03-16T18:58:41+00:00","mainEntityOfPage":{"@id":"https:\/\/swisstrans.info\/es\/2026\/03\/16\/swisstrans-magazin-01-02-26-esta-en-linea\/"},"wordCount":518,"commentCount":0,"publisher":{"@id":"https:\/\/swisstrans.info\/es\/#organization"},"image":{"@id":"https:\/\/swisstrans.info\/es\/2026\/03\/16\/swisstrans-magazin-01-02-26-esta-en-linea\/#primaryimage"},"thumbnailUrl":"https:\/\/swisstrans.info\/wp-content\/uploads\/sites\/8\/2026\/03\/Swisstrans_Magazin_01-02_2026-aspect-ratio-1400-788.png","keywords":["augmentations de co\u00fbts logistique","cargo airlines","cha\u00eenes d'approvisionnement internationales","challenges for airlines","compagnies a\u00e9riennes de fret","competitive pressure air freight","cost increases logistics","customs borders Switzerland","d\u00e9fis pour les compagnies a\u00e9riennes","Deutsch Luftfracht Schweiz","digital transformation supply chains Fran\u00e7ais fret a\u00e9rien Suisse","digitale Transformation Lieferketten English air freight Switzerland","Digitalisierung in der Logistik","digitalization in logistics","e-commerce air freight","E-Commerce-Luftfracht","entreprises de logistique Suisse","\u00e9tude de march\u00e9 logistique GS1","EuroAirport B\u00e2le-Mulhouse-Fribourg","EuroAirport Basel-Mulhouse-Freiburg","Frachtfluggesellschaften","fret a\u00e9rien e-commerce","fronti\u00e8res douani\u00e8res Suisse","Herausforderungen f\u00fcr Airlines","industrie pharmaceutique logistique","infrastructure projects Switzerland","Infrastrukturprojekte Schweiz","international supply chains","internationale Lieferketten","Kostensteigerungen Logistik","logistics companies Switzerland","logistics market study GS1","Logistikmarktstudie GS1","Logistikunternehmen Schweiz","logistique omnicanale","nachhaltige Logistikl\u00f6sungen","num\u00e9risation dans la logistique","omnichannel logistics","Omnichannel-Logistik","pharmaceutical industry logistics","Pharmaindustrie Logistik","pression concurrentielle fret a\u00e9rien","projets d'infrastructure Suisse","secteur du transport et de la logistique","solutions logistiques durables","Supply Chain Trends","sustainable logistics solutions","SWISS WorldCargo","tendances de la cha\u00eene d'approvisionnement","transformation num\u00e9rique des cha\u00eenes d'approvisionnement","transport and logistics industry","Transport- und Logistikbranche","Wettbewerbsdruck Luftfracht","Zollgrenzen Schweiz"],"articleSection":["Carga a\u00e9rea","Intralog\u00edstica","Logistik &amp; Spedition","Suiza"],"inLanguage":"es","potentialAction":[{"@type":"CommentAction","name":"Comment","target":["https:\/\/swisstrans.info\/es\/2026\/03\/16\/swisstrans-magazin-01-02-26-esta-en-linea\/#respond"]}]},{"@type":"WebPage","@id":"https:\/\/swisstrans.info\/es\/2026\/03\/16\/swisstrans-magazin-01-02-26-esta-en-linea\/","url":"https:\/\/swisstrans.info\/es\/2026\/03\/16\/swisstrans-magazin-01-02-26-esta-en-linea\/","name":"Swisstrans Magazin 01-02\/26 est\u00e1 en l\u00ednea - Swisstrans","isPartOf":{"@id":"https:\/\/swisstrans.info\/es\/#website"},"primaryImageOfPage":{"@id":"https:\/\/swisstrans.info\/es\/2026\/03\/16\/swisstrans-magazin-01-02-26-esta-en-linea\/#primaryimage"},"image":{"@id":"https:\/\/swisstrans.info\/es\/2026\/03\/16\/swisstrans-magazin-01-02-26-esta-en-linea\/#primaryimage"},"thumbnailUrl":"https:\/\/swisstrans.info\/wp-content\/uploads\/sites\/8\/2026\/03\/Swisstrans_Magazin_01-02_2026-aspect-ratio-1400-788.png","datePublished":"2026-03-16T18:58:41+00:00","breadcrumb":{"@id":"https:\/\/swisstrans.info\/es\/2026\/03\/16\/swisstrans-magazin-01-02-26-esta-en-linea\/#breadcrumb"},"inLanguage":"es","potentialAction":[{"@type":"ReadAction","target":["https:\/\/swisstrans.info\/es\/2026\/03\/16\/swisstrans-magazin-01-02-26-esta-en-linea\/"]}]},{"@type":"ImageObject","inLanguage":"es","@id":"https:\/\/swisstrans.info\/es\/2026\/03\/16\/swisstrans-magazin-01-02-26-esta-en-linea\/#primaryimage","url":"https:\/\/swisstrans.info\/wp-content\/uploads\/sites\/8\/2026\/03\/Swisstrans_Magazin_01-02_2026-aspect-ratio-1400-788.png","contentUrl":"https:\/\/swisstrans.info\/wp-content\/uploads\/sites\/8\/2026\/03\/Swisstrans_Magazin_01-02_2026-aspect-ratio-1400-788.png","width":1637,"height":922},{"@type":"BreadcrumbList","@id":"https:\/\/swisstrans.info\/es\/2026\/03\/16\/swisstrans-magazin-01-02-26-esta-en-linea\/#breadcrumb","itemListElement":[{"@type":"ListItem","position":1,"name":"Startseite","item":"https:\/\/swisstrans.info\/es\/"},{"@type":"ListItem","position":2,"name":"Swisstrans Magazin 01-02\/26 est\u00e1 en l\u00ednea"}]},{"@type":"WebSite","@id":"https:\/\/swisstrans.info\/es\/#website","url":"https:\/\/swisstrans.info\/es\/","name":"Swisstrans","description":"Swisstrans es una plataforma de informaci\u00f3n sobre transporte y log\u00edstica en Suiza, existente desde 2002, que conecta a cargadores con proveedores de productos y servicios.","publisher":{"@id":"https:\/\/swisstrans.info\/es\/#organization"},"potentialAction":[{"@type":"SearchAction","target":{"@type":"EntryPoint","urlTemplate":"https:\/\/swisstrans.info\/es\/?s={search_term_string}"},"query-input":{"@type":"PropertyValueSpecification","valueRequired":true,"valueName":"search_term_string"}}],"inLanguage":"es"},{"@type":"Organization","@id":"https:\/\/swisstrans.info\/es\/#organization","name":"Grupo Logismedia AG","alternateName":"Logismedia Group AG","url":"https:\/\/swisstrans.info\/es\/","logo":{"@type":"ImageObject","inLanguage":"es","@id":"https:\/\/swisstrans.info\/es\/#\/schema\/logo\/image\/","url":"https:\/\/swisstrans.info\/wp-content\/uploads\/sites\/8\/2026\/01\/swisstrans_logo.png","contentUrl":"https:\/\/swisstrans.info\/wp-content\/uploads\/sites\/8\/2026\/01\/swisstrans_logo.png","width":823,"height":164,"caption":"Grupo Logismedia AG"},"image":{"@id":"https:\/\/swisstrans.info\/es\/#\/schema\/logo\/image\/"},"sameAs":["https:\/\/www.linkedin.com\/showcase\/swisstrans-info\/"]},{"@type":"Person","@id":"https:\/\/swisstrans.info\/es\/#\/schema\/person\/7b1593b33567ba798d300c8a1b0b85b1","name":"Andreas M\u00fcller","url":"https:\/\/swisstrans.info\/es\/author\/logismedia\/"}]}},"_links":{"self":[{"href":"https:\/\/swisstrans.info\/es\/wp-json\/wp\/v2\/posts\/100274","targetHints":{"allow":["GET"]}}],"collection":[{"href":"https:\/\/swisstrans.info\/es\/wp-json\/wp\/v2\/posts"}],"about":[{"href":"https:\/\/swisstrans.info\/es\/wp-json\/wp\/v2\/types\/post"}],"author":[{"embeddable":true,"href":"https:\/\/swisstrans.info\/es\/wp-json\/wp\/v2\/users\/7"}],"replies":[{"embeddable":true,"href":"https:\/\/swisstrans.info\/es\/wp-json\/wp\/v2\/comments?post=100274"}],"version-history":[{"count":0,"href":"https:\/\/swisstrans.info\/es\/wp-json\/wp\/v2\/posts\/100274\/revisions"}],"wp:featuredmedia":[{"embeddable":true,"href":"https:\/\/swisstrans.info\/es\/wp-json\/wp\/v2\/media\/100271"}],"wp:attachment":[{"href":"https:\/\/swisstrans.info\/es\/wp-json\/wp\/v2\/media?parent=100274"}],"wp:term":[{"taxonomy":"category","embeddable":true,"href":"https:\/\/swisstrans.info\/es\/wp-json\/wp\/v2\/categories?post=100274"},{"taxonomy":"post_tag","embeddable":true,"href":"https:\/\/swisstrans.info\/es\/wp-json\/wp\/v2\/tags?post=100274"}],"curies":[{"name":"wp","href":"https:\/\/api.w.org\/{rel}","templated":true}]}}