{"id":100950,"date":"2026-04-30T10:16:04","date_gmt":"2026-04-30T10:16:04","guid":{"rendered":"https:\/\/swisstrans.info\/2026\/04\/30\/strebel-entrega-la-direccion-de-schneider-a-peigne\/"},"modified":"2026-04-30T12:26:37","modified_gmt":"2026-04-30T10:26:37","slug":"strebel-entrega-la-direccion-de-schneider-a-peigne","status":"publish","type":"post","link":"https:\/\/swisstrans.info\/es\/2026\/04\/30\/strebel-entrega-la-direccion-de-schneider-a-peigne\/","title":{"rendered":"Strebel entrega la direcci\u00f3n de Schneider a Peign\u00e9"},"content":{"rendered":"<p>Andr\u00e9 Strebel entregar\u00e1 la direcci\u00f3n operativa del Schneider Group, un proveedor internacional de servicios log\u00edsticos con sede en Basilea (Suiza), a \u00c9ric Peign\u00e9 el 1 de julio de 2026. Strebel ha influido significativamente en la empresa durante los \u00faltimos ocho a\u00f1os, ampliando considerablemente la presencia internacional y completando con \u00e9xito m\u00e1s de diez adquisiciones. Se le agradece por su compromiso y su valiosa contribuci\u00f3n al desarrollo del grupo.<\/p>\n<p>Tras su retirada de la direcci\u00f3n operativa, Andr\u00e9 Strebel permanecer\u00e1 vinculado a la empresa en un rol estrat\u00e9gico como Senior Advisor y miembro del consejo de administraci\u00f3n. Esta continuidad tiene como objetivo asegurar que su experiencia y conocimientos sigan influyendo en la direcci\u00f3n estrat\u00e9gica del Schneider Group.<\/p>\n<h3>Nuevo CEO aporta amplia experiencia<\/h3>\n<p>\u00c9ric Peign\u00e9 es recibido como el nuevo CEO del Schneider Group. Aporta una amplia experiencia en el sector de la log\u00edstica y el transporte internacional, incluyendo empresas como CEVA Logistics, Bollor\u00e9 y K\u00fchne + Nagel. Sus destacadas habilidades estrat\u00e9gicas y su amplia experiencia en liderazgo en organizaciones m\u00e1s grandes y en diversas regiones lo convierten en un sucesor adecuado.<\/p>\n<p>El Schneider Group se muestra optimista respecto a los desarrollos futuros. El enfoque est\u00e1 en escalar la organizaci\u00f3n internacional y continuar con la estrategia de Buy &amp; Build, que tiene como objetivo impulsar el crecimiento a trav\u00e9s de adquisiciones selectivas.<\/p>\n<p>&nbsp;<\/p>\n<p><a href=\"https:\/\/schneider-transport.com\/\" target=\"_blank\" rel=\"noopener noreferrer\">www.schneider-transport.com<\/a><\/p>\n<p>&nbsp;<\/p>\n","protected":false},"excerpt":{"rendered":"<p>Andr\u00e9 Strebel entregar\u00e1 el 1 de julio de 2026 la direcci\u00f3n operativa del grupo Schneider a \u00c9ric Peign\u00e9, quien aporta una amplia experiencia en el sector log\u00edstico.<\/p>\n","protected":false},"author":12,"featured_media":100947,"comment_status":"open","ping_status":"open","sticky":false,"template":"","format":"standard","meta":{"_acf_changed":false,"footnotes":""},"categories":[6742,6893,6712,6366],"tags":[10042,6307,10043,1784,2112,10044,10045,2211,2212,5089,2213,10046,2700,2123,10047,2909,6316,10048,10049,10050,10051,2659,2918,2133,2135,1831,2622,10052,1800,2925,6357,2720,2929,10053,2148,2153,6360,4144,2106,2641,2242,10054,5080,10055,2157,10056,10057],"class_list":["post-100950","post","type-post","status-publish","format-standard","has-post-thumbnail","hentry","category-europa","category-logistik-spedition","category-personas-y-empresas","category-suiza","tag-andre-strebel","tag-augmentation-de-la-part-de-marche","tag-bollore","tag-ceva-logistics","tag-corporate-leadership","tag-croissance-par-acquisitions","tag-deutsch-schneider-group","tag-digital-transformation","tag-digitale-transformation","tag-direction-dentreprise","tag-economie-du-transport","tag-eric-peigne","tag-fachkraeftemangel-in-der-logistik","tag-gestion-de-la-chaine-dapprovisionnement","tag-growth-through-acquisitions","tag-hafenbetrieb","tag-increasing-market-share","tag-international-freight-forwarding","tag-international-presence","tag-internationale-praesenz","tag-internationale-spedition","tag-kuehne-nagel","tag-logistics-industry","tag-logistics-service-providers","tag-logistikbranche","tag-logistikdienstleister","tag-logistique-durable","tag-marktanteil-steigern","tag-nachhaltige-logistik","tag-operations-portuaires","tag-orientation-strategique","tag-penurie-de-main-doeuvre-dans-la-logistique","tag-port-operations","tag-presence-internationale","tag-prestataires-de-services-logistiques","tag-secteur-logistique","tag-strategic-direction","tag-strategische-ausrichtung","tag-supply-chain-management","tag-sustainable-logistics","tag-transformation-numerique","tag-transport-economy-francais-schneider-group","tag-transport-international","tag-transportwirtschaft-english-schneider-group","tag-unternehmensfuehrung","tag-wachstum-durch-akquisitionen","tag-workforce-shortage-in-logistics"],"acf":[],"yoast_head":"<!-- This site is optimized with the Yoast SEO plugin v27.3 - https:\/\/yoast.com\/product\/yoast-seo-wordpress\/ -->\n<title>Strebel entrega la direcci\u00f3n de Schneider a Peign\u00e9 - Swisstrans<\/title>\n<meta name=\"robots\" content=\"index, follow, max-snippet:-1, max-image-preview:large, max-video-preview:-1\" \/>\n<link rel=\"canonical\" href=\"https:\/\/swisstrans.info\/es\/2026\/04\/30\/strebel-entrega-la-direccion-de-schneider-a-peigne\/\" \/>\n<meta property=\"og:locale\" content=\"es_ES\" \/>\n<meta property=\"og:type\" content=\"article\" \/>\n<meta property=\"og:title\" content=\"Strebel entrega la direcci\u00f3n de Schneider a Peign\u00e9 - Swisstrans\" \/>\n<meta property=\"og:description\" content=\"Andr\u00e9 Strebel entregar\u00e1 el 1 de julio de 2026 la direcci\u00f3n operativa del grupo Schneider a \u00c9ric Peign\u00e9, quien aporta una amplia experiencia en el sector log\u00edstico.\" \/>\n<meta property=\"og:url\" content=\"https:\/\/swisstrans.info\/es\/2026\/04\/30\/strebel-entrega-la-direccion-de-schneider-a-peigne\/\" \/>\n<meta property=\"og:site_name\" content=\"Swisstrans\" \/>\n<meta property=\"article:published_time\" content=\"2026-04-30T10:16:04+00:00\" \/>\n<meta property=\"article:modified_time\" content=\"2026-04-30T10:26:37+00:00\" \/>\n<meta property=\"og:image\" content=\"https:\/\/swisstrans.info\/wp-content\/uploads\/sites\/8\/2026\/04\/Andre-Eric_Schneider-Group-1024x929-1-aspect-ratio-1400-788.jpg\" \/>\n\t<meta property=\"og:image:width\" content=\"1024\" \/>\n\t<meta property=\"og:image:height\" content=\"576\" \/>\n\t<meta property=\"og:image:type\" content=\"image\/jpeg\" \/>\n<meta name=\"author\" content=\"Andreas Haug\" \/>\n<meta name=\"twitter:card\" content=\"summary_large_image\" \/>\n<meta name=\"twitter:label1\" content=\"Escrito por\" \/>\n\t<meta name=\"twitter:data1\" content=\"Andreas Haug\" \/>\n\t<meta name=\"twitter:label2\" content=\"Tiempo de lectura\" \/>\n\t<meta name=\"twitter:data2\" content=\"1 minuto\" \/>\n<script type=\"application\/ld+json\" class=\"yoast-schema-graph\">{\"@context\":\"https:\\\/\\\/schema.org\",\"@graph\":[{\"@type\":\"Article\",\"@id\":\"https:\\\/\\\/swisstrans.info\\\/es\\\/2026\\\/04\\\/30\\\/strebel-entrega-la-direccion-de-schneider-a-peigne\\\/#article\",\"isPartOf\":{\"@id\":\"https:\\\/\\\/swisstrans.info\\\/es\\\/2026\\\/04\\\/30\\\/strebel-entrega-la-direccion-de-schneider-a-peigne\\\/\"},\"author\":{\"name\":\"Andreas Haug\",\"@id\":\"https:\\\/\\\/swisstrans.info\\\/es\\\/#\\\/schema\\\/person\\\/cf538b3157f15afd7589245a4b3dbd25\"},\"headline\":\"Strebel entrega la direcci\u00f3n de Schneider a Peign\u00e9\",\"datePublished\":\"2026-04-30T10:16:04+00:00\",\"dateModified\":\"2026-04-30T10:26:37+00:00\",\"mainEntityOfPage\":{\"@id\":\"https:\\\/\\\/swisstrans.info\\\/es\\\/2026\\\/04\\\/30\\\/strebel-entrega-la-direccion-de-schneider-a-peigne\\\/\"},\"wordCount\":246,\"commentCount\":0,\"publisher\":{\"@id\":\"https:\\\/\\\/swisstrans.info\\\/es\\\/#organization\"},\"image\":{\"@id\":\"https:\\\/\\\/swisstrans.info\\\/es\\\/2026\\\/04\\\/30\\\/strebel-entrega-la-direccion-de-schneider-a-peigne\\\/#primaryimage\"},\"thumbnailUrl\":\"https:\\\/\\\/swisstrans.info\\\/wp-content\\\/uploads\\\/sites\\\/8\\\/2026\\\/04\\\/Andre-Eric_Schneider-Group-1024x929-1-aspect-ratio-1400-788.jpg\",\"keywords\":[\"Andr\u00e9 Strebel\",\"augmentation de la part de march\u00e9\",\"Bollor\u00e9\",\"CEVA Logistics\",\"corporate leadership\",\"croissance par acquisitions\",\"Deutsch Schneider Group\",\"digital transformation\",\"digitale Transformation\",\"direction d'entreprise\",\"\u00e9conomie du transport\",\"\u00c9ric Peign\u00e9\",\"Fachkr\u00e4ftemangel in der Logistik\",\"gestion de la cha\u00eene d'approvisionnement\",\"growth through acquisitions\",\"Hafenbetrieb\",\"increasing market share\",\"international freight forwarding\",\"international presence\",\"internationale Pr\u00e4senz\",\"internationale Spedition\",\"Kuehne + Nagel\",\"logistics industry\",\"logistics service providers\",\"Logistikbranche\",\"Logistikdienstleister\",\"logistique durable\",\"Marktanteil steigern\",\"nachhaltige Logistik\",\"op\u00e9rations portuaires\",\"orientation strat\u00e9gique\",\"p\u00e9nurie de main-d'\u0153uvre dans la logistique\",\"port operations\",\"pr\u00e9sence internationale\",\"prestataires de services logistiques\",\"secteur logistique\",\"strategic direction\",\"strategische Ausrichtung\",\"Supply Chain Management\",\"sustainable logistics\",\"transformation num\u00e9rique\",\"transport economy Fran\u00e7ais Schneider Group\",\"transport international\",\"Transportwirtschaft English Schneider Group\",\"Unternehmensf\u00fchrung\",\"Wachstum durch Akquisitionen\",\"workforce shortage in logistics\"],\"articleSection\":[\"Europa\",\"Logistik &amp; Spedition\",\"Personas y empresas\",\"Suiza\"],\"inLanguage\":\"es\",\"potentialAction\":[{\"@type\":\"CommentAction\",\"name\":\"Comment\",\"target\":[\"https:\\\/\\\/swisstrans.info\\\/es\\\/2026\\\/04\\\/30\\\/strebel-entrega-la-direccion-de-schneider-a-peigne\\\/#respond\"]}]},{\"@type\":\"WebPage\",\"@id\":\"https:\\\/\\\/swisstrans.info\\\/es\\\/2026\\\/04\\\/30\\\/strebel-entrega-la-direccion-de-schneider-a-peigne\\\/\",\"url\":\"https:\\\/\\\/swisstrans.info\\\/es\\\/2026\\\/04\\\/30\\\/strebel-entrega-la-direccion-de-schneider-a-peigne\\\/\",\"name\":\"Strebel entrega la direcci\u00f3n de Schneider a Peign\u00e9 - Swisstrans\",\"isPartOf\":{\"@id\":\"https:\\\/\\\/swisstrans.info\\\/es\\\/#website\"},\"primaryImageOfPage\":{\"@id\":\"https:\\\/\\\/swisstrans.info\\\/es\\\/2026\\\/04\\\/30\\\/strebel-entrega-la-direccion-de-schneider-a-peigne\\\/#primaryimage\"},\"image\":{\"@id\":\"https:\\\/\\\/swisstrans.info\\\/es\\\/2026\\\/04\\\/30\\\/strebel-entrega-la-direccion-de-schneider-a-peigne\\\/#primaryimage\"},\"thumbnailUrl\":\"https:\\\/\\\/swisstrans.info\\\/wp-content\\\/uploads\\\/sites\\\/8\\\/2026\\\/04\\\/Andre-Eric_Schneider-Group-1024x929-1-aspect-ratio-1400-788.jpg\",\"datePublished\":\"2026-04-30T10:16:04+00:00\",\"dateModified\":\"2026-04-30T10:26:37+00:00\",\"breadcrumb\":{\"@id\":\"https:\\\/\\\/swisstrans.info\\\/es\\\/2026\\\/04\\\/30\\\/strebel-entrega-la-direccion-de-schneider-a-peigne\\\/#breadcrumb\"},\"inLanguage\":\"es\",\"potentialAction\":[{\"@type\":\"ReadAction\",\"target\":[\"https:\\\/\\\/swisstrans.info\\\/es\\\/2026\\\/04\\\/30\\\/strebel-entrega-la-direccion-de-schneider-a-peigne\\\/\"]}]},{\"@type\":\"ImageObject\",\"inLanguage\":\"es\",\"@id\":\"https:\\\/\\\/swisstrans.info\\\/es\\\/2026\\\/04\\\/30\\\/strebel-entrega-la-direccion-de-schneider-a-peigne\\\/#primaryimage\",\"url\":\"https:\\\/\\\/swisstrans.info\\\/wp-content\\\/uploads\\\/sites\\\/8\\\/2026\\\/04\\\/Andre-Eric_Schneider-Group-1024x929-1-aspect-ratio-1400-788.jpg\",\"contentUrl\":\"https:\\\/\\\/swisstrans.info\\\/wp-content\\\/uploads\\\/sites\\\/8\\\/2026\\\/04\\\/Andre-Eric_Schneider-Group-1024x929-1-aspect-ratio-1400-788.jpg\",\"width\":1024,\"height\":576},{\"@type\":\"BreadcrumbList\",\"@id\":\"https:\\\/\\\/swisstrans.info\\\/es\\\/2026\\\/04\\\/30\\\/strebel-entrega-la-direccion-de-schneider-a-peigne\\\/#breadcrumb\",\"itemListElement\":[{\"@type\":\"ListItem\",\"position\":1,\"name\":\"Startseite\",\"item\":\"https:\\\/\\\/swisstrans.info\\\/es\\\/\"},{\"@type\":\"ListItem\",\"position\":2,\"name\":\"Strebel entrega la direcci\u00f3n de Schneider a Peign\u00e9\"}]},{\"@type\":\"WebSite\",\"@id\":\"https:\\\/\\\/swisstrans.info\\\/es\\\/#website\",\"url\":\"https:\\\/\\\/swisstrans.info\\\/es\\\/\",\"name\":\"Swisstrans\",\"description\":\"Swisstrans es una plataforma de informaci\u00f3n sobre transporte y log\u00edstica en Suiza, existente desde 2002, que conecta a cargadores con proveedores de productos y servicios.\",\"publisher\":{\"@id\":\"https:\\\/\\\/swisstrans.info\\\/es\\\/#organization\"},\"potentialAction\":[{\"@type\":\"SearchAction\",\"target\":{\"@type\":\"EntryPoint\",\"urlTemplate\":\"https:\\\/\\\/swisstrans.info\\\/es\\\/?s={search_term_string}\"},\"query-input\":{\"@type\":\"PropertyValueSpecification\",\"valueRequired\":true,\"valueName\":\"search_term_string\"}}],\"inLanguage\":\"es\"},{\"@type\":\"Organization\",\"@id\":\"https:\\\/\\\/swisstrans.info\\\/es\\\/#organization\",\"name\":\"Grupo Logismedia AG\",\"alternateName\":\"Logismedia Group AG\",\"url\":\"https:\\\/\\\/swisstrans.info\\\/es\\\/\",\"logo\":{\"@type\":\"ImageObject\",\"inLanguage\":\"es\",\"@id\":\"https:\\\/\\\/swisstrans.info\\\/es\\\/#\\\/schema\\\/logo\\\/image\\\/\",\"url\":\"https:\\\/\\\/swisstrans.info\\\/wp-content\\\/uploads\\\/sites\\\/8\\\/2026\\\/01\\\/swisstrans_logo.png\",\"contentUrl\":\"https:\\\/\\\/swisstrans.info\\\/wp-content\\\/uploads\\\/sites\\\/8\\\/2026\\\/01\\\/swisstrans_logo.png\",\"width\":823,\"height\":164,\"caption\":\"Grupo Logismedia AG\"},\"image\":{\"@id\":\"https:\\\/\\\/swisstrans.info\\\/es\\\/#\\\/schema\\\/logo\\\/image\\\/\"},\"sameAs\":[\"https:\\\/\\\/www.linkedin.com\\\/showcase\\\/swisstrans-info\\\/\"]},{\"@type\":\"Person\",\"@id\":\"https:\\\/\\\/swisstrans.info\\\/es\\\/#\\\/schema\\\/person\\\/cf538b3157f15afd7589245a4b3dbd25\",\"name\":\"Andreas Haug\",\"url\":\"https:\\\/\\\/swisstrans.info\\\/es\\\/author\\\/andreas\\\/\"}]}<\/script>\n<!-- \/ Yoast SEO plugin. -->","yoast_head_json":{"title":"Strebel entrega la direcci\u00f3n de Schneider a Peign\u00e9 - Swisstrans","robots":{"index":"index","follow":"follow","max-snippet":"max-snippet:-1","max-image-preview":"max-image-preview:large","max-video-preview":"max-video-preview:-1"},"canonical":"https:\/\/swisstrans.info\/es\/2026\/04\/30\/strebel-entrega-la-direccion-de-schneider-a-peigne\/","og_locale":"es_ES","og_type":"article","og_title":"Strebel entrega la direcci\u00f3n de Schneider a Peign\u00e9 - Swisstrans","og_description":"Andr\u00e9 Strebel entregar\u00e1 el 1 de julio de 2026 la direcci\u00f3n operativa del grupo Schneider a \u00c9ric Peign\u00e9, quien aporta una amplia experiencia en el sector log\u00edstico.","og_url":"https:\/\/swisstrans.info\/es\/2026\/04\/30\/strebel-entrega-la-direccion-de-schneider-a-peigne\/","og_site_name":"Swisstrans","article_published_time":"2026-04-30T10:16:04+00:00","article_modified_time":"2026-04-30T10:26:37+00:00","og_image":[{"width":1024,"height":576,"url":"https:\/\/swisstrans.info\/wp-content\/uploads\/sites\/8\/2026\/04\/Andre-Eric_Schneider-Group-1024x929-1-aspect-ratio-1400-788.jpg","type":"image\/jpeg"}],"author":"Andreas Haug","twitter_card":"summary_large_image","twitter_misc":{"Escrito por":"Andreas Haug","Tiempo de lectura":"1 minuto"},"schema":{"@context":"https:\/\/schema.org","@graph":[{"@type":"Article","@id":"https:\/\/swisstrans.info\/es\/2026\/04\/30\/strebel-entrega-la-direccion-de-schneider-a-peigne\/#article","isPartOf":{"@id":"https:\/\/swisstrans.info\/es\/2026\/04\/30\/strebel-entrega-la-direccion-de-schneider-a-peigne\/"},"author":{"name":"Andreas Haug","@id":"https:\/\/swisstrans.info\/es\/#\/schema\/person\/cf538b3157f15afd7589245a4b3dbd25"},"headline":"Strebel entrega la direcci\u00f3n de Schneider a Peign\u00e9","datePublished":"2026-04-30T10:16:04+00:00","dateModified":"2026-04-30T10:26:37+00:00","mainEntityOfPage":{"@id":"https:\/\/swisstrans.info\/es\/2026\/04\/30\/strebel-entrega-la-direccion-de-schneider-a-peigne\/"},"wordCount":246,"commentCount":0,"publisher":{"@id":"https:\/\/swisstrans.info\/es\/#organization"},"image":{"@id":"https:\/\/swisstrans.info\/es\/2026\/04\/30\/strebel-entrega-la-direccion-de-schneider-a-peigne\/#primaryimage"},"thumbnailUrl":"https:\/\/swisstrans.info\/wp-content\/uploads\/sites\/8\/2026\/04\/Andre-Eric_Schneider-Group-1024x929-1-aspect-ratio-1400-788.jpg","keywords":["Andr\u00e9 Strebel","augmentation de la part de march\u00e9","Bollor\u00e9","CEVA Logistics","corporate leadership","croissance par acquisitions","Deutsch Schneider Group","digital transformation","digitale Transformation","direction d'entreprise","\u00e9conomie du transport","\u00c9ric Peign\u00e9","Fachkr\u00e4ftemangel in der Logistik","gestion de la cha\u00eene d'approvisionnement","growth through acquisitions","Hafenbetrieb","increasing market share","international freight forwarding","international presence","internationale Pr\u00e4senz","internationale Spedition","Kuehne + Nagel","logistics industry","logistics service providers","Logistikbranche","Logistikdienstleister","logistique durable","Marktanteil steigern","nachhaltige Logistik","op\u00e9rations portuaires","orientation strat\u00e9gique","p\u00e9nurie de main-d'\u0153uvre dans la logistique","port operations","pr\u00e9sence internationale","prestataires de services logistiques","secteur logistique","strategic direction","strategische Ausrichtung","Supply Chain Management","sustainable logistics","transformation num\u00e9rique","transport economy Fran\u00e7ais Schneider Group","transport international","Transportwirtschaft English Schneider Group","Unternehmensf\u00fchrung","Wachstum durch Akquisitionen","workforce shortage in logistics"],"articleSection":["Europa","Logistik &amp; Spedition","Personas y empresas","Suiza"],"inLanguage":"es","potentialAction":[{"@type":"CommentAction","name":"Comment","target":["https:\/\/swisstrans.info\/es\/2026\/04\/30\/strebel-entrega-la-direccion-de-schneider-a-peigne\/#respond"]}]},{"@type":"WebPage","@id":"https:\/\/swisstrans.info\/es\/2026\/04\/30\/strebel-entrega-la-direccion-de-schneider-a-peigne\/","url":"https:\/\/swisstrans.info\/es\/2026\/04\/30\/strebel-entrega-la-direccion-de-schneider-a-peigne\/","name":"Strebel entrega la direcci\u00f3n de Schneider a Peign\u00e9 - Swisstrans","isPartOf":{"@id":"https:\/\/swisstrans.info\/es\/#website"},"primaryImageOfPage":{"@id":"https:\/\/swisstrans.info\/es\/2026\/04\/30\/strebel-entrega-la-direccion-de-schneider-a-peigne\/#primaryimage"},"image":{"@id":"https:\/\/swisstrans.info\/es\/2026\/04\/30\/strebel-entrega-la-direccion-de-schneider-a-peigne\/#primaryimage"},"thumbnailUrl":"https:\/\/swisstrans.info\/wp-content\/uploads\/sites\/8\/2026\/04\/Andre-Eric_Schneider-Group-1024x929-1-aspect-ratio-1400-788.jpg","datePublished":"2026-04-30T10:16:04+00:00","dateModified":"2026-04-30T10:26:37+00:00","breadcrumb":{"@id":"https:\/\/swisstrans.info\/es\/2026\/04\/30\/strebel-entrega-la-direccion-de-schneider-a-peigne\/#breadcrumb"},"inLanguage":"es","potentialAction":[{"@type":"ReadAction","target":["https:\/\/swisstrans.info\/es\/2026\/04\/30\/strebel-entrega-la-direccion-de-schneider-a-peigne\/"]}]},{"@type":"ImageObject","inLanguage":"es","@id":"https:\/\/swisstrans.info\/es\/2026\/04\/30\/strebel-entrega-la-direccion-de-schneider-a-peigne\/#primaryimage","url":"https:\/\/swisstrans.info\/wp-content\/uploads\/sites\/8\/2026\/04\/Andre-Eric_Schneider-Group-1024x929-1-aspect-ratio-1400-788.jpg","contentUrl":"https:\/\/swisstrans.info\/wp-content\/uploads\/sites\/8\/2026\/04\/Andre-Eric_Schneider-Group-1024x929-1-aspect-ratio-1400-788.jpg","width":1024,"height":576},{"@type":"BreadcrumbList","@id":"https:\/\/swisstrans.info\/es\/2026\/04\/30\/strebel-entrega-la-direccion-de-schneider-a-peigne\/#breadcrumb","itemListElement":[{"@type":"ListItem","position":1,"name":"Startseite","item":"https:\/\/swisstrans.info\/es\/"},{"@type":"ListItem","position":2,"name":"Strebel entrega la direcci\u00f3n de Schneider a Peign\u00e9"}]},{"@type":"WebSite","@id":"https:\/\/swisstrans.info\/es\/#website","url":"https:\/\/swisstrans.info\/es\/","name":"Swisstrans","description":"Swisstrans es una plataforma de informaci\u00f3n sobre transporte y log\u00edstica en Suiza, existente desde 2002, que conecta a cargadores con proveedores de productos y servicios.","publisher":{"@id":"https:\/\/swisstrans.info\/es\/#organization"},"potentialAction":[{"@type":"SearchAction","target":{"@type":"EntryPoint","urlTemplate":"https:\/\/swisstrans.info\/es\/?s={search_term_string}"},"query-input":{"@type":"PropertyValueSpecification","valueRequired":true,"valueName":"search_term_string"}}],"inLanguage":"es"},{"@type":"Organization","@id":"https:\/\/swisstrans.info\/es\/#organization","name":"Grupo Logismedia AG","alternateName":"Logismedia Group AG","url":"https:\/\/swisstrans.info\/es\/","logo":{"@type":"ImageObject","inLanguage":"es","@id":"https:\/\/swisstrans.info\/es\/#\/schema\/logo\/image\/","url":"https:\/\/swisstrans.info\/wp-content\/uploads\/sites\/8\/2026\/01\/swisstrans_logo.png","contentUrl":"https:\/\/swisstrans.info\/wp-content\/uploads\/sites\/8\/2026\/01\/swisstrans_logo.png","width":823,"height":164,"caption":"Grupo Logismedia AG"},"image":{"@id":"https:\/\/swisstrans.info\/es\/#\/schema\/logo\/image\/"},"sameAs":["https:\/\/www.linkedin.com\/showcase\/swisstrans-info\/"]},{"@type":"Person","@id":"https:\/\/swisstrans.info\/es\/#\/schema\/person\/cf538b3157f15afd7589245a4b3dbd25","name":"Andreas Haug","url":"https:\/\/swisstrans.info\/es\/author\/andreas\/"}]}},"_links":{"self":[{"href":"https:\/\/swisstrans.info\/es\/wp-json\/wp\/v2\/posts\/100950","targetHints":{"allow":["GET"]}}],"collection":[{"href":"https:\/\/swisstrans.info\/es\/wp-json\/wp\/v2\/posts"}],"about":[{"href":"https:\/\/swisstrans.info\/es\/wp-json\/wp\/v2\/types\/post"}],"author":[{"embeddable":true,"href":"https:\/\/swisstrans.info\/es\/wp-json\/wp\/v2\/users\/12"}],"replies":[{"embeddable":true,"href":"https:\/\/swisstrans.info\/es\/wp-json\/wp\/v2\/comments?post=100950"}],"version-history":[{"count":4,"href":"https:\/\/swisstrans.info\/es\/wp-json\/wp\/v2\/posts\/100950\/revisions"}],"predecessor-version":[{"id":100978,"href":"https:\/\/swisstrans.info\/es\/wp-json\/wp\/v2\/posts\/100950\/revisions\/100978"}],"wp:featuredmedia":[{"embeddable":true,"href":"https:\/\/swisstrans.info\/es\/wp-json\/wp\/v2\/media\/100947"}],"wp:attachment":[{"href":"https:\/\/swisstrans.info\/es\/wp-json\/wp\/v2\/media?parent=100950"}],"wp:term":[{"taxonomy":"category","embeddable":true,"href":"https:\/\/swisstrans.info\/es\/wp-json\/wp\/v2\/categories?post=100950"},{"taxonomy":"post_tag","embeddable":true,"href":"https:\/\/swisstrans.info\/es\/wp-json\/wp\/v2\/tags?post=100950"}],"curies":[{"name":"wp","href":"https:\/\/api.w.org\/{rel}","templated":true}]}}