{"id":100247,"date":"2026-03-13T11:34:41","date_gmt":"2026-03-13T11:34:41","guid":{"rendered":"https:\/\/swisstrans.info\/2026\/03\/13\/quentin-benault-dirige-e-logik\/"},"modified":"2026-03-13T11:34:41","modified_gmt":"2026-03-13T11:34:41","slug":"quentin-benault-dirige-e-logik","status":"publish","type":"post","link":"https:\/\/swisstrans.info\/fr\/2026\/03\/13\/quentin-benault-dirige-e-logik\/","title":{"rendered":"Quentin Benault dirige e-LOGIK"},"content":{"rendered":"<p>Quentin Benault a pris la direction g\u00e9n\u00e9rale du r\u00e9seau logistique e-Logik, sp\u00e9cialis\u00e9 dans le commerce \u00e9lectronique en France. L&#8217;ancien PDG du prestataire de services de colis Mondial Relay apporte une vaste exp\u00e9rience dans le secteur et a \u00e9galement acquis des parts de l&#8217;entreprise. Ces changements s&#8217;inscrivent dans le cadre du d\u00e9veloppement strat\u00e9gique d&#8217;e-Logik.<\/p>\n<p>Fond\u00e9e en 2008 par Thierry Dupr\u00e9, l&#8217;entreprise adopte un mod\u00e8le logistique d\u00e9centralis\u00e9 qui connecte des op\u00e9rateurs de fulfillment ind\u00e9pendants via une plateforme technologique commune. Cette structure permet \u00e0 e-Logik de coordonner le stockage, la pr\u00e9paration des commandes et les services de distribution pour les commer\u00e7ants en ligne. Actuellement, le r\u00e9seau comprend 27 sites logistiques en France et en Suisse, totalisant plus de 200 000 m\u00b2 d&#8217;espace de stockage et employant plus de 300 personnes. Plus de 500 entreprises de commerce \u00e9lectronique utilisent la plateforme pour g\u00e9rer leurs flux de fulfillment et de distribution.<\/p>\n<h3>R\u00e9orientation strat\u00e9gique<\/h3>\n<p>Avec la nouvelle direction sous Benault, e-Logik pr\u00e9voit d&#8217;acc\u00e9l\u00e9rer le d\u00e9veloppement de son r\u00e9seau logistique bas\u00e9 sur la proximit\u00e9, afin de r\u00e9pondre aux exigences du secteur du commerce \u00e9lectronique en forte croissance. L&#8217;accent mis sur des solutions logistiques d\u00e9centralis\u00e9es devrait permettre \u00e0 l&#8217;entreprise de r\u00e9agir plus rapidement aux besoins des clients et d&#8217;am\u00e9liorer l&#8217;efficacit\u00e9 des op\u00e9rations.<\/p>\n<p>L&#8217;investissement de Benault dans e-Logik est consid\u00e9r\u00e9 comme une \u00e9tape importante pour renforcer la capacit\u00e9 d&#8217;innovation et la comp\u00e9titivit\u00e9 de l&#8217;entreprise. La combinaison de son exp\u00e9rience et du r\u00e9seau existant pourrait placer e-Logik dans une position avantageuse sur le march\u00e9 dynamique de la logistique du commerce \u00e9lectronique.<\/p>\n<p>&nbsp;<\/p>\n<p><a href=\"https:\/\/e-logik.fr\/\" target=\"_blank\" rel=\"noopener noreferrer\">www.e-logik.fr<\/a><\/p>\n","protected":false},"excerpt":{"rendered":"<p>Quentin Benault prend la direction d&rsquo;e-LOGIK pour promouvoir la croissance dans le secteur du commerce \u00e9lectronique et am\u00e9liorer l&rsquo;efficacit\u00e9 de la logistique.<\/p>\n","protected":false},"author":12,"featured_media":100245,"comment_status":"open","ping_status":"open","sticky":false,"template":"","format":"standard","meta":{"_acf_changed":false,"footnotes":""},"categories":[6742,6893,6733,6370],"tags":[8056,8057,8058,2692,2694,5090,5091,8059,5361,8060,8061,8062,8063,8064,2125,8065,8066,8067,5106,8068,8069,8070,2133,1831,8071,8072,5108,8073,8074,5112,8075,8076,8077,4006,8078,2721,2148,8079,8080,8081,2977,8082,8083,8084,8085,5119,2978,2979,5120,8086,3536,3537,2155,1837,8087,8088],"class_list":["post-100247","post","type-post","status-publish","format-standard","has-post-thumbnail","hentry","category-europa","category-logistik-spedition","category-personnes-et-entreprises","category-suisse","tag-croissance-dans-le-commerce","tag-dernier-kilometre","tag-deutsch-e-logik","tag-digital-platform","tag-digitale-plattform","tag-e-commerce-logistics","tag-e-commerce-logistik","tag-entrepots","tag-entreprise-de-logistique","tag-flexibilitaet-in-der-logistik","tag-flexibilite-en-logistique","tag-flexibility-in-logistics","tag-gestion-des-retours","tag-growth-in-e-commerce","tag-industrie-du-transport","tag-kmu-partnerschaften","tag-lagerhaeuser","tag-last-mile","tag-letzte-meile","tag-local-logistics","tag-logistics-company","tag-logistics-optimization-francais-e-logik","tag-logistics-service-providers","tag-logistikdienstleister","tag-logistikoptimierung-english-e-logik","tag-logistikunternehmen","tag-logistique-e-commerce","tag-logistique-locale","tag-lokale-logistik","tag-nachhaltige-logistikloesungen","tag-national-logistics-networks","tag-nationale-logistiknetzwerke","tag-normes-de-qualite","tag-optimisation-logistique","tag-partenariats-pme","tag-plateforme-numerique","tag-prestataires-de-services-logistiques","tag-qualitaetsstandards","tag-quality-standards","tag-quentin-benault","tag-reorientation-strategique","tag-reseaux-logistiques-nationaux","tag-retourenmanagement","tag-returns-management","tag-sme-partnerships","tag-solutions-logistiques-durables","tag-strategic-realignment","tag-strategische-neuausrichtung","tag-sustainable-logistics-solutions","tag-technologie-en-logistique","tag-technologie-in-der-logistik","tag-technology-in-logistics","tag-transport-industry","tag-transportwirtschaft","tag-wachstum-im-e-commerce","tag-warehouses"],"acf":[],"yoast_head":"<!-- This site is optimized with the Yoast SEO plugin v27.3 - https:\/\/yoast.com\/product\/yoast-seo-wordpress\/ -->\n<title>Quentin Benault dirige e-LOGIK - Swisstrans<\/title>\n<meta name=\"robots\" content=\"index, follow, max-snippet:-1, max-image-preview:large, max-video-preview:-1\" \/>\n<link rel=\"canonical\" href=\"https:\/\/swisstrans.info\/fr\/2026\/03\/13\/quentin-benault-dirige-e-logik\/\" \/>\n<meta property=\"og:locale\" content=\"fr_FR\" \/>\n<meta property=\"og:type\" content=\"article\" \/>\n<meta property=\"og:title\" content=\"Quentin Benault dirige e-LOGIK - Swisstrans\" \/>\n<meta property=\"og:description\" content=\"Quentin Benault prend la direction d&#039;e-LOGIK pour promouvoir la croissance dans le secteur du commerce \u00e9lectronique et am\u00e9liorer l&#039;efficacit\u00e9 de la logistique.\" \/>\n<meta property=\"og:url\" content=\"https:\/\/swisstrans.info\/fr\/2026\/03\/13\/quentin-benault-dirige-e-logik\/\" \/>\n<meta property=\"og:site_name\" content=\"Swisstrans\" \/>\n<meta property=\"article:published_time\" content=\"2026-03-13T11:34:41+00:00\" \/>\n<meta property=\"og:image\" content=\"https:\/\/swisstrans.info\/wp-content\/uploads\/sites\/8\/2026\/03\/Quentin-Benault-e-LOGIK-980x551-1-aspect-ratio-1400-788.png\" \/>\n\t<meta property=\"og:image:width\" content=\"653\" \/>\n\t<meta property=\"og:image:height\" content=\"367\" \/>\n\t<meta property=\"og:image:type\" content=\"image\/png\" \/>\n<meta name=\"author\" content=\"Andreas Haug\" \/>\n<meta name=\"twitter:card\" content=\"summary_large_image\" \/>\n<meta name=\"twitter:label1\" content=\"\u00c9crit par\" \/>\n\t<meta name=\"twitter:data1\" content=\"Andreas Haug\" \/>\n\t<meta name=\"twitter:label2\" content=\"Dur\u00e9e de lecture estim\u00e9e\" \/>\n\t<meta name=\"twitter:data2\" content=\"1 minute\" \/>\n<script type=\"application\/ld+json\" class=\"yoast-schema-graph\">{\"@context\":\"https:\\\/\\\/schema.org\",\"@graph\":[{\"@type\":\"Article\",\"@id\":\"https:\\\/\\\/swisstrans.info\\\/fr\\\/2026\\\/03\\\/13\\\/quentin-benault-dirige-e-logik\\\/#article\",\"isPartOf\":{\"@id\":\"https:\\\/\\\/swisstrans.info\\\/fr\\\/2026\\\/03\\\/13\\\/quentin-benault-dirige-e-logik\\\/\"},\"author\":{\"name\":\"Andreas Haug\",\"@id\":\"https:\\\/\\\/swisstrans.info\\\/fr\\\/#\\\/schema\\\/person\\\/cf538b3157f15afd7589245a4b3dbd25\"},\"headline\":\"Quentin Benault dirige e-LOGIK\",\"datePublished\":\"2026-03-13T11:34:41+00:00\",\"mainEntityOfPage\":{\"@id\":\"https:\\\/\\\/swisstrans.info\\\/fr\\\/2026\\\/03\\\/13\\\/quentin-benault-dirige-e-logik\\\/\"},\"wordCount\":298,\"commentCount\":0,\"publisher\":{\"@id\":\"https:\\\/\\\/swisstrans.info\\\/fr\\\/#organization\"},\"image\":{\"@id\":\"https:\\\/\\\/swisstrans.info\\\/fr\\\/2026\\\/03\\\/13\\\/quentin-benault-dirige-e-logik\\\/#primaryimage\"},\"thumbnailUrl\":\"https:\\\/\\\/swisstrans.info\\\/wp-content\\\/uploads\\\/sites\\\/8\\\/2026\\\/03\\\/Quentin-Benault-e-LOGIK-980x551-1-aspect-ratio-1400-788.png\",\"keywords\":[\"croissance dans l'e-commerce\",\"dernier kilom\u00e8tre\",\"Deutsch e-LOGIK\",\"digital platform\",\"digitale Plattform\",\"e-commerce logistics\",\"E-Commerce Logistik\",\"entrep\u00f4ts\",\"entreprise de logistique\",\"Flexibilit\u00e4t in der Logistik\",\"flexibilit\u00e9 en logistique\",\"flexibility in logistics\",\"gestion des retours\",\"growth in e-commerce\",\"industrie du transport\",\"KMU-Partnerschaften\",\"Lagerh\u00e4user\",\"last mile\",\"letzte Meile\",\"local logistics\",\"logistics company\",\"logistics optimization Fran\u00e7ais e-LOGIK\",\"logistics service providers\",\"Logistikdienstleister\",\"Logistikoptimierung English e-LOGIK\",\"Logistikunternehmen\",\"logistique e-commerce\",\"logistique locale\",\"lokale Logistik\",\"nachhaltige Logistikl\u00f6sungen\",\"national logistics networks\",\"nationale Logistiknetzwerke\",\"normes de qualit\u00e9\",\"optimisation logistique\",\"partenariats PME\",\"plateforme num\u00e9rique\",\"prestataires de services logistiques\",\"Qualit\u00e4tsstandards\",\"quality standards\",\"Quentin Benault\",\"r\u00e9orientation strat\u00e9gique\",\"r\u00e9seaux logistiques nationaux\",\"Retourenmanagement\",\"returns management\",\"SME partnerships\",\"solutions logistiques durables\",\"strategic realignment\",\"strategische Neuausrichtung\",\"sustainable logistics solutions\",\"technologie en logistique\",\"Technologie in der Logistik\",\"technology in logistics\",\"transport industry\",\"Transportwirtschaft\",\"Wachstum im E-Commerce\",\"warehouses\"],\"articleSection\":[\"Europa\",\"Logistik &amp; Spedition\",\"Personnes et entreprises\",\"Suisse\"],\"inLanguage\":\"fr-FR\",\"potentialAction\":[{\"@type\":\"CommentAction\",\"name\":\"Comment\",\"target\":[\"https:\\\/\\\/swisstrans.info\\\/fr\\\/2026\\\/03\\\/13\\\/quentin-benault-dirige-e-logik\\\/#respond\"]}]},{\"@type\":\"WebPage\",\"@id\":\"https:\\\/\\\/swisstrans.info\\\/fr\\\/2026\\\/03\\\/13\\\/quentin-benault-dirige-e-logik\\\/\",\"url\":\"https:\\\/\\\/swisstrans.info\\\/fr\\\/2026\\\/03\\\/13\\\/quentin-benault-dirige-e-logik\\\/\",\"name\":\"Quentin Benault dirige e-LOGIK - Swisstrans\",\"isPartOf\":{\"@id\":\"https:\\\/\\\/swisstrans.info\\\/fr\\\/#website\"},\"primaryImageOfPage\":{\"@id\":\"https:\\\/\\\/swisstrans.info\\\/fr\\\/2026\\\/03\\\/13\\\/quentin-benault-dirige-e-logik\\\/#primaryimage\"},\"image\":{\"@id\":\"https:\\\/\\\/swisstrans.info\\\/fr\\\/2026\\\/03\\\/13\\\/quentin-benault-dirige-e-logik\\\/#primaryimage\"},\"thumbnailUrl\":\"https:\\\/\\\/swisstrans.info\\\/wp-content\\\/uploads\\\/sites\\\/8\\\/2026\\\/03\\\/Quentin-Benault-e-LOGIK-980x551-1-aspect-ratio-1400-788.png\",\"datePublished\":\"2026-03-13T11:34:41+00:00\",\"breadcrumb\":{\"@id\":\"https:\\\/\\\/swisstrans.info\\\/fr\\\/2026\\\/03\\\/13\\\/quentin-benault-dirige-e-logik\\\/#breadcrumb\"},\"inLanguage\":\"fr-FR\",\"potentialAction\":[{\"@type\":\"ReadAction\",\"target\":[\"https:\\\/\\\/swisstrans.info\\\/fr\\\/2026\\\/03\\\/13\\\/quentin-benault-dirige-e-logik\\\/\"]}]},{\"@type\":\"ImageObject\",\"inLanguage\":\"fr-FR\",\"@id\":\"https:\\\/\\\/swisstrans.info\\\/fr\\\/2026\\\/03\\\/13\\\/quentin-benault-dirige-e-logik\\\/#primaryimage\",\"url\":\"https:\\\/\\\/swisstrans.info\\\/wp-content\\\/uploads\\\/sites\\\/8\\\/2026\\\/03\\\/Quentin-Benault-e-LOGIK-980x551-1-aspect-ratio-1400-788.png\",\"contentUrl\":\"https:\\\/\\\/swisstrans.info\\\/wp-content\\\/uploads\\\/sites\\\/8\\\/2026\\\/03\\\/Quentin-Benault-e-LOGIK-980x551-1-aspect-ratio-1400-788.png\",\"width\":653,\"height\":367},{\"@type\":\"BreadcrumbList\",\"@id\":\"https:\\\/\\\/swisstrans.info\\\/fr\\\/2026\\\/03\\\/13\\\/quentin-benault-dirige-e-logik\\\/#breadcrumb\",\"itemListElement\":[{\"@type\":\"ListItem\",\"position\":1,\"name\":\"Startseite\",\"item\":\"https:\\\/\\\/swisstrans.info\\\/fr\\\/\"},{\"@type\":\"ListItem\",\"position\":2,\"name\":\"Quentin Benault dirige e-LOGIK\"}]},{\"@type\":\"WebSite\",\"@id\":\"https:\\\/\\\/swisstrans.info\\\/fr\\\/#website\",\"url\":\"https:\\\/\\\/swisstrans.info\\\/fr\\\/\",\"name\":\"Swisstrans\",\"description\":\"Swisstrans est une plateforme d\u2019information sur le transport et la logistique en Suisse, active depuis 2002, qui met en relation les exp\u00e9diteurs et les fournisseurs de produits et services.\",\"publisher\":{\"@id\":\"https:\\\/\\\/swisstrans.info\\\/fr\\\/#organization\"},\"potentialAction\":[{\"@type\":\"SearchAction\",\"target\":{\"@type\":\"EntryPoint\",\"urlTemplate\":\"https:\\\/\\\/swisstrans.info\\\/fr\\\/?s={search_term_string}\"},\"query-input\":{\"@type\":\"PropertyValueSpecification\",\"valueRequired\":true,\"valueName\":\"search_term_string\"}}],\"inLanguage\":\"fr-FR\"},{\"@type\":\"Organization\",\"@id\":\"https:\\\/\\\/swisstrans.info\\\/fr\\\/#organization\",\"name\":\"Groupe Logismedia AG\",\"alternateName\":\"Logismedia Group AG\",\"url\":\"https:\\\/\\\/swisstrans.info\\\/fr\\\/\",\"logo\":{\"@type\":\"ImageObject\",\"inLanguage\":\"fr-FR\",\"@id\":\"https:\\\/\\\/swisstrans.info\\\/fr\\\/#\\\/schema\\\/logo\\\/image\\\/\",\"url\":\"https:\\\/\\\/swisstrans.info\\\/wp-content\\\/uploads\\\/sites\\\/8\\\/2026\\\/01\\\/swisstrans_logo.png\",\"contentUrl\":\"https:\\\/\\\/swisstrans.info\\\/wp-content\\\/uploads\\\/sites\\\/8\\\/2026\\\/01\\\/swisstrans_logo.png\",\"width\":823,\"height\":164,\"caption\":\"Groupe Logismedia AG\"},\"image\":{\"@id\":\"https:\\\/\\\/swisstrans.info\\\/fr\\\/#\\\/schema\\\/logo\\\/image\\\/\"},\"sameAs\":[\"https:\\\/\\\/www.linkedin.com\\\/showcase\\\/swisstrans-info\\\/\"]},{\"@type\":\"Person\",\"@id\":\"https:\\\/\\\/swisstrans.info\\\/fr\\\/#\\\/schema\\\/person\\\/cf538b3157f15afd7589245a4b3dbd25\",\"name\":\"Andreas Haug\",\"url\":\"https:\\\/\\\/swisstrans.info\\\/fr\\\/author\\\/andreas\\\/\"}]}<\/script>\n<!-- \/ Yoast SEO plugin. -->","yoast_head_json":{"title":"Quentin Benault dirige e-LOGIK - Swisstrans","robots":{"index":"index","follow":"follow","max-snippet":"max-snippet:-1","max-image-preview":"max-image-preview:large","max-video-preview":"max-video-preview:-1"},"canonical":"https:\/\/swisstrans.info\/fr\/2026\/03\/13\/quentin-benault-dirige-e-logik\/","og_locale":"fr_FR","og_type":"article","og_title":"Quentin Benault dirige e-LOGIK - Swisstrans","og_description":"Quentin Benault prend la direction d'e-LOGIK pour promouvoir la croissance dans le secteur du commerce \u00e9lectronique et am\u00e9liorer l'efficacit\u00e9 de la logistique.","og_url":"https:\/\/swisstrans.info\/fr\/2026\/03\/13\/quentin-benault-dirige-e-logik\/","og_site_name":"Swisstrans","article_published_time":"2026-03-13T11:34:41+00:00","og_image":[{"width":653,"height":367,"url":"https:\/\/swisstrans.info\/wp-content\/uploads\/sites\/8\/2026\/03\/Quentin-Benault-e-LOGIK-980x551-1-aspect-ratio-1400-788.png","type":"image\/png"}],"author":"Andreas Haug","twitter_card":"summary_large_image","twitter_misc":{"\u00c9crit par":"Andreas Haug","Dur\u00e9e de lecture estim\u00e9e":"1 minute"},"schema":{"@context":"https:\/\/schema.org","@graph":[{"@type":"Article","@id":"https:\/\/swisstrans.info\/fr\/2026\/03\/13\/quentin-benault-dirige-e-logik\/#article","isPartOf":{"@id":"https:\/\/swisstrans.info\/fr\/2026\/03\/13\/quentin-benault-dirige-e-logik\/"},"author":{"name":"Andreas Haug","@id":"https:\/\/swisstrans.info\/fr\/#\/schema\/person\/cf538b3157f15afd7589245a4b3dbd25"},"headline":"Quentin Benault dirige e-LOGIK","datePublished":"2026-03-13T11:34:41+00:00","mainEntityOfPage":{"@id":"https:\/\/swisstrans.info\/fr\/2026\/03\/13\/quentin-benault-dirige-e-logik\/"},"wordCount":298,"commentCount":0,"publisher":{"@id":"https:\/\/swisstrans.info\/fr\/#organization"},"image":{"@id":"https:\/\/swisstrans.info\/fr\/2026\/03\/13\/quentin-benault-dirige-e-logik\/#primaryimage"},"thumbnailUrl":"https:\/\/swisstrans.info\/wp-content\/uploads\/sites\/8\/2026\/03\/Quentin-Benault-e-LOGIK-980x551-1-aspect-ratio-1400-788.png","keywords":["croissance dans l'e-commerce","dernier kilom\u00e8tre","Deutsch e-LOGIK","digital platform","digitale Plattform","e-commerce logistics","E-Commerce Logistik","entrep\u00f4ts","entreprise de logistique","Flexibilit\u00e4t in der Logistik","flexibilit\u00e9 en logistique","flexibility in logistics","gestion des retours","growth in e-commerce","industrie du transport","KMU-Partnerschaften","Lagerh\u00e4user","last mile","letzte Meile","local logistics","logistics company","logistics optimization Fran\u00e7ais e-LOGIK","logistics service providers","Logistikdienstleister","Logistikoptimierung English e-LOGIK","Logistikunternehmen","logistique e-commerce","logistique locale","lokale Logistik","nachhaltige Logistikl\u00f6sungen","national logistics networks","nationale Logistiknetzwerke","normes de qualit\u00e9","optimisation logistique","partenariats PME","plateforme num\u00e9rique","prestataires de services logistiques","Qualit\u00e4tsstandards","quality standards","Quentin Benault","r\u00e9orientation strat\u00e9gique","r\u00e9seaux logistiques nationaux","Retourenmanagement","returns management","SME partnerships","solutions logistiques durables","strategic realignment","strategische Neuausrichtung","sustainable logistics solutions","technologie en logistique","Technologie in der Logistik","technology in logistics","transport industry","Transportwirtschaft","Wachstum im E-Commerce","warehouses"],"articleSection":["Europa","Logistik &amp; Spedition","Personnes et entreprises","Suisse"],"inLanguage":"fr-FR","potentialAction":[{"@type":"CommentAction","name":"Comment","target":["https:\/\/swisstrans.info\/fr\/2026\/03\/13\/quentin-benault-dirige-e-logik\/#respond"]}]},{"@type":"WebPage","@id":"https:\/\/swisstrans.info\/fr\/2026\/03\/13\/quentin-benault-dirige-e-logik\/","url":"https:\/\/swisstrans.info\/fr\/2026\/03\/13\/quentin-benault-dirige-e-logik\/","name":"Quentin Benault dirige e-LOGIK - Swisstrans","isPartOf":{"@id":"https:\/\/swisstrans.info\/fr\/#website"},"primaryImageOfPage":{"@id":"https:\/\/swisstrans.info\/fr\/2026\/03\/13\/quentin-benault-dirige-e-logik\/#primaryimage"},"image":{"@id":"https:\/\/swisstrans.info\/fr\/2026\/03\/13\/quentin-benault-dirige-e-logik\/#primaryimage"},"thumbnailUrl":"https:\/\/swisstrans.info\/wp-content\/uploads\/sites\/8\/2026\/03\/Quentin-Benault-e-LOGIK-980x551-1-aspect-ratio-1400-788.png","datePublished":"2026-03-13T11:34:41+00:00","breadcrumb":{"@id":"https:\/\/swisstrans.info\/fr\/2026\/03\/13\/quentin-benault-dirige-e-logik\/#breadcrumb"},"inLanguage":"fr-FR","potentialAction":[{"@type":"ReadAction","target":["https:\/\/swisstrans.info\/fr\/2026\/03\/13\/quentin-benault-dirige-e-logik\/"]}]},{"@type":"ImageObject","inLanguage":"fr-FR","@id":"https:\/\/swisstrans.info\/fr\/2026\/03\/13\/quentin-benault-dirige-e-logik\/#primaryimage","url":"https:\/\/swisstrans.info\/wp-content\/uploads\/sites\/8\/2026\/03\/Quentin-Benault-e-LOGIK-980x551-1-aspect-ratio-1400-788.png","contentUrl":"https:\/\/swisstrans.info\/wp-content\/uploads\/sites\/8\/2026\/03\/Quentin-Benault-e-LOGIK-980x551-1-aspect-ratio-1400-788.png","width":653,"height":367},{"@type":"BreadcrumbList","@id":"https:\/\/swisstrans.info\/fr\/2026\/03\/13\/quentin-benault-dirige-e-logik\/#breadcrumb","itemListElement":[{"@type":"ListItem","position":1,"name":"Startseite","item":"https:\/\/swisstrans.info\/fr\/"},{"@type":"ListItem","position":2,"name":"Quentin Benault dirige e-LOGIK"}]},{"@type":"WebSite","@id":"https:\/\/swisstrans.info\/fr\/#website","url":"https:\/\/swisstrans.info\/fr\/","name":"Swisstrans","description":"Swisstrans est une plateforme d\u2019information sur le transport et la logistique en Suisse, active depuis 2002, qui met en relation les exp\u00e9diteurs et les fournisseurs de produits et services.","publisher":{"@id":"https:\/\/swisstrans.info\/fr\/#organization"},"potentialAction":[{"@type":"SearchAction","target":{"@type":"EntryPoint","urlTemplate":"https:\/\/swisstrans.info\/fr\/?s={search_term_string}"},"query-input":{"@type":"PropertyValueSpecification","valueRequired":true,"valueName":"search_term_string"}}],"inLanguage":"fr-FR"},{"@type":"Organization","@id":"https:\/\/swisstrans.info\/fr\/#organization","name":"Groupe Logismedia AG","alternateName":"Logismedia Group AG","url":"https:\/\/swisstrans.info\/fr\/","logo":{"@type":"ImageObject","inLanguage":"fr-FR","@id":"https:\/\/swisstrans.info\/fr\/#\/schema\/logo\/image\/","url":"https:\/\/swisstrans.info\/wp-content\/uploads\/sites\/8\/2026\/01\/swisstrans_logo.png","contentUrl":"https:\/\/swisstrans.info\/wp-content\/uploads\/sites\/8\/2026\/01\/swisstrans_logo.png","width":823,"height":164,"caption":"Groupe Logismedia AG"},"image":{"@id":"https:\/\/swisstrans.info\/fr\/#\/schema\/logo\/image\/"},"sameAs":["https:\/\/www.linkedin.com\/showcase\/swisstrans-info\/"]},{"@type":"Person","@id":"https:\/\/swisstrans.info\/fr\/#\/schema\/person\/cf538b3157f15afd7589245a4b3dbd25","name":"Andreas Haug","url":"https:\/\/swisstrans.info\/fr\/author\/andreas\/"}]}},"_links":{"self":[{"href":"https:\/\/swisstrans.info\/fr\/wp-json\/wp\/v2\/posts\/100247","targetHints":{"allow":["GET"]}}],"collection":[{"href":"https:\/\/swisstrans.info\/fr\/wp-json\/wp\/v2\/posts"}],"about":[{"href":"https:\/\/swisstrans.info\/fr\/wp-json\/wp\/v2\/types\/post"}],"author":[{"embeddable":true,"href":"https:\/\/swisstrans.info\/fr\/wp-json\/wp\/v2\/users\/12"}],"replies":[{"embeddable":true,"href":"https:\/\/swisstrans.info\/fr\/wp-json\/wp\/v2\/comments?post=100247"}],"version-history":[{"count":0,"href":"https:\/\/swisstrans.info\/fr\/wp-json\/wp\/v2\/posts\/100247\/revisions"}],"wp:featuredmedia":[{"embeddable":true,"href":"https:\/\/swisstrans.info\/fr\/wp-json\/wp\/v2\/media\/100245"}],"wp:attachment":[{"href":"https:\/\/swisstrans.info\/fr\/wp-json\/wp\/v2\/media?parent=100247"}],"wp:term":[{"taxonomy":"category","embeddable":true,"href":"https:\/\/swisstrans.info\/fr\/wp-json\/wp\/v2\/categories?post=100247"},{"taxonomy":"post_tag","embeddable":true,"href":"https:\/\/swisstrans.info\/fr\/wp-json\/wp\/v2\/tags?post=100247"}],"curies":[{"name":"wp","href":"https:\/\/api.w.org\/{rel}","templated":true}]}}