{"id":100273,"date":"2026-03-16T18:58:41","date_gmt":"2026-03-16T18:58:41","guid":{"rendered":"https:\/\/swisstrans.info\/2026\/03\/16\/le-magazine-swisstrans-01-02-26-est-en-ligne\/"},"modified":"2026-03-16T18:58:41","modified_gmt":"2026-03-16T18:58:41","slug":"le-magazine-swisstrans-01-02-26-est-en-ligne","status":"publish","type":"post","link":"https:\/\/swisstrans.info\/fr\/2026\/03\/16\/le-magazine-swisstrans-01-02-26-est-en-ligne\/","title":{"rendered":"Le magazine Swisstrans 01-02\/26 est en ligne"},"content":{"rendered":"<p data-start=\"270\" data-end=\"726\">Le nouveau num\u00e9ro du <strong data-start=\"291\" data-end=\"314\">Swisstrans Magazine<\/strong> se concentre principalement sur le d\u00e9veloppement du fret a\u00e9rien en Suisse et met en lumi\u00e8re les tendances centrales du secteur du transport et de la logistique. Au c\u0153ur des pr\u00e9occupations se trouvent les d\u00e9fis actuels pour les compagnies a\u00e9riennes, les transitaires et les entreprises de logistique dans un environnement de march\u00e9 marqu\u00e9 par des tensions g\u00e9opolitiques, des co\u00fbts croissants et des changements structurels.<\/p>\n<p data-start=\"728\" data-end=\"1137\">Un rapport d\u00e9taill\u00e9 montre comment le <strong data-start=\"774\" data-end=\"849\">fret a\u00e9rien suisse \u00e9volue entre croissance et pression concurrentielle croissante<\/strong>. Malgr\u00e9 une demande stable \u2013 notamment gr\u00e2ce au commerce \u00e9lectronique ou \u00e0 l&#8217;industrie pharmaceutique \u2013 les compagnies a\u00e9riennes et les entreprises de manutention font face \u00e0 des exigences r\u00e9glementaires croissantes, \u00e0 une pression des co\u00fbts en augmentation et \u00e0 une concurrence accrue sur les routes internationales.<\/p>\n<p data-start=\"1139\" data-end=\"1494\">Dans une interview avec <strong data-start=\"1156\" data-end=\"1231\">Sandrine Gentile Montel, responsable du fret en Suisse chez SWISS WorldCargo<\/strong>, il est question du r\u00f4le de la compagnie a\u00e9rienne nationale de fret dans la concurrence mondiale. Elle aborde la volatilit\u00e9 du march\u00e9, l&#8217;importance de la \u00ab Swissness \u00bb dans le segment premium ainsi que la num\u00e9risation, la durabilit\u00e9 et l&#8217;avenir du site de fret a\u00e9rien en Suisse.<\/p>\n<p data-start=\"1496\" data-end=\"1868\">Le <strong data-start=\"1525\" data-end=\"1564\">EuroAirport Basel-Mulhouse-Freiburg<\/strong> est \u00e9galement au centre des pr\u00e9occupations, s&#8217;\u00e9tablissant de plus en plus comme un hub important pour l&#8217;industrie des sciences de la vie et pharmaceutique. Une discussion avec la direction de l&#8217;a\u00e9roport r\u00e9v\u00e8le le r\u00f4le que joue cet a\u00e9roport organis\u00e9 de mani\u00e8re trinational pour les cha\u00eenes d&#8217;approvisionnement internationales et les d\u00e9fis pos\u00e9s par des projets d&#8217;infrastructure.<\/p>\n<p data-start=\"1870\" data-end=\"2221\">En plus du fret a\u00e9rien, le magazine aborde d&#8217;autres sujets tout au long de la cha\u00eene d&#8217;approvisionnement. Une analyse de la plateforme Transporeon montre que <strong data-start=\"2018\" data-end=\"2103\">les embouteillages aux fronti\u00e8res douani\u00e8res suisses restent un sujet r\u00e9current malgr\u00e9 la num\u00e9risation<\/strong> et peuvent entra\u00eener des temps d&#8217;attente consid\u00e9rables, notamment pour les importations.<\/p>\n<p data-start=\"2223\" data-end=\"2526\">Un autre dossier met en lumi\u00e8re la <strong data-start=\"2259\" data-end=\"2342\">derni\u00e8re \u00e9tude de march\u00e9 logistique de GS1 Switzerland et de l&#8217;Universit\u00e9 de Saint-Gall<\/strong>, qui identifie des tendances centrales pour le secteur : des exigences d&#8217;approvisionnement croissantes, des goulets d&#8217;\u00e9tranglement infrastructurels de plus en plus fr\u00e9quents ainsi qu&#8217;une transformation num\u00e9rique profonde des cha\u00eenes d&#8217;approvisionnement.<\/p>\n<p data-start=\"2528\" data-end=\"2767\">Des exemples pratiques de l&#8217;industrie montrent \u00e9galement comment les entreprises de logistique d\u00e9veloppent leurs processus \u2013 par exemple \u00e0 travers des entrep\u00f4ts frigorifiques et de cong\u00e9lation automatis\u00e9s, de nouveaux concepts logistiques omnicanaux dans le commerce ou des mod\u00e8les d&#8217;exploitation \u00e9co\u00e9nerg\u00e9tiques.<\/p>\n<p data-start=\"2769\" data-end=\"2967\">Le num\u00e9ro est compl\u00e9t\u00e9 par des perspectives internationales, y compris un rapport sur <strong data-start=\"2858\" data-end=\"2907\">l&#8217;augmentation des importations en provenance d&#8217;Ukraine malgr\u00e9 la guerre<\/strong> ainsi qu&#8217;un aper\u00e7u des nouvelles infrastructures de fret a\u00e9rien en Europe.<\/p>\n<p data-start=\"2969\" data-end=\"3158\">Le num\u00e9ro actuel offre ainsi un aper\u00e7u complet des <strong data-start=\"3036\" data-end=\"3157\">d\u00e9veloppements majeurs dans le transport, la logistique et la cha\u00eene d&#8217;approvisionnement \u2013 avec un accent particulier sur le site de la Suisse<\/strong>.<\/p>\n<h2 data-start=\"2969\" data-end=\"3158\"><span style=\"color: #ff0000\"><a style=\"color: #ff0000\" href=\"https:\/\/online.fliphtml5.com\/bwrte\/ytgw\/\" target=\"_blank\" rel=\"noopener noreferrer\">Acc\u00e9dez \u00e0 l&#8217;E-Paper ici<\/a><\/span><\/h2>\n","protected":false},"excerpt":{"rendered":"<p>Le nouveau num\u00e9ro du magazine Swisstrans analyse les d\u00e9veloppements dans le fret a\u00e9rien et met en lumi\u00e8re les tendances centrales du secteur du transport et de la logistique en Suisse.<\/p>\n","protected":false},"author":7,"featured_media":100271,"comment_status":"open","ping_status":"open","sticky":false,"template":"","format":"standard","meta":{"_acf_changed":false,"footnotes":""},"categories":[6730,6729,6893,6370],"tags":[8138,8139,8140,8141,8142,8143,8144,8145,8146,8147,8148,8149,2115,2116,8150,8151,8152,8153,8154,8155,2041,8156,8157,8158,8159,6459,6460,8160,8161,8162,8163,8164,8165,8166,8167,5112,3157,8168,8169,8170,8171,8172,6468,8173,5119,8174,5120,8175,8176,8177,8178,8179,8180,8181],"class_list":["post-100273","post","type-post","status-publish","format-standard","has-post-thumbnail","hentry","category-fret-aerien","category-intralogistique","category-logistik-spedition","category-suisse","tag-augmentations-de-couts-logistique","tag-cargo-airlines","tag-chaines-dapprovisionnement-internationales","tag-challenges-for-airlines","tag-compagnies-aeriennes-de-fret","tag-competitive-pressure-air-freight","tag-cost-increases-logistics","tag-customs-borders-switzerland","tag-defis-pour-les-compagnies-aeriennes","tag-deutsch-luftfracht-schweiz","tag-digital-transformation-supply-chains-francais-fret-aerien-suisse","tag-digitale-transformation-lieferketten-english-air-freight-switzerland","tag-digitalisierung-in-der-logistik","tag-digitalization-in-logistics","tag-e-commerce-air-freight","tag-e-commerce-luftfracht","tag-entreprises-de-logistique-suisse","tag-etude-de-marche-logistique-gs1","tag-euroairport-bale-mulhouse-fribourg","tag-euroairport-basel-mulhouse-freiburg","tag-frachtfluggesellschaften","tag-fret-aerien-e-commerce","tag-frontieres-douanieres-suisse","tag-herausforderungen-fuer-airlines","tag-industrie-pharmaceutique-logistique","tag-infrastructure-projects-switzerland","tag-infrastrukturprojekte-schweiz","tag-international-supply-chains","tag-internationale-lieferketten","tag-kostensteigerungen-logistik","tag-logistics-companies-switzerland","tag-logistics-market-study-gs1","tag-logistikmarktstudie-gs1","tag-logistikunternehmen-schweiz","tag-logistique-omnicanale","tag-nachhaltige-logistikloesungen","tag-numerisation-dans-la-logistique","tag-omnichannel-logistics","tag-omnichannel-logistik","tag-pharmaceutical-industry-logistics","tag-pharmaindustrie-logistik","tag-pression-concurrentielle-fret-aerien","tag-projets-dinfrastructure-suisse","tag-secteur-du-transport-et-de-la-logistique","tag-solutions-logistiques-durables","tag-supply-chain-trends","tag-sustainable-logistics-solutions","tag-swiss-worldcargo","tag-tendances-de-la-chaine-dapprovisionnement","tag-transformation-numerique-des-chaines-dapprovisionnement","tag-transport-and-logistics-industry","tag-transport-und-logistikbranche","tag-wettbewerbsdruck-luftfracht","tag-zollgrenzen-schweiz"],"acf":[],"yoast_head":"<!-- This site is optimized with the Yoast SEO plugin v27.3 - https:\/\/yoast.com\/product\/yoast-seo-wordpress\/ -->\n<title>Le magazine Swisstrans 01-02\/26 est en ligne - Swisstrans<\/title>\n<meta name=\"robots\" content=\"index, follow, max-snippet:-1, max-image-preview:large, max-video-preview:-1\" \/>\n<link rel=\"canonical\" href=\"https:\/\/swisstrans.info\/fr\/2026\/03\/16\/le-magazine-swisstrans-01-02-26-est-en-ligne\/\" \/>\n<meta property=\"og:locale\" content=\"fr_FR\" \/>\n<meta property=\"og:type\" content=\"article\" \/>\n<meta property=\"og:title\" content=\"Le magazine Swisstrans 01-02\/26 est en ligne - Swisstrans\" \/>\n<meta property=\"og:description\" content=\"Le nouveau num\u00e9ro du magazine Swisstrans analyse les d\u00e9veloppements dans le fret a\u00e9rien et met en lumi\u00e8re les tendances centrales du secteur du transport et de la logistique en Suisse.\" \/>\n<meta property=\"og:url\" content=\"https:\/\/swisstrans.info\/fr\/2026\/03\/16\/le-magazine-swisstrans-01-02-26-est-en-ligne\/\" \/>\n<meta property=\"og:site_name\" content=\"Swisstrans\" \/>\n<meta property=\"article:published_time\" content=\"2026-03-16T18:58:41+00:00\" \/>\n<meta property=\"og:image\" content=\"https:\/\/swisstrans.info\/wp-content\/uploads\/sites\/8\/2026\/03\/Swisstrans_Magazin_01-02_2026-aspect-ratio-1400-788-1200x676.png\" \/>\n\t<meta property=\"og:image:width\" content=\"1200\" \/>\n\t<meta property=\"og:image:height\" content=\"676\" \/>\n\t<meta property=\"og:image:type\" content=\"image\/png\" \/>\n<meta name=\"author\" content=\"Andreas M\u00fcller\" \/>\n<meta name=\"twitter:card\" content=\"summary_large_image\" \/>\n<meta name=\"twitter:label1\" content=\"\u00c9crit par\" \/>\n\t<meta name=\"twitter:data1\" content=\"Andreas M\u00fcller\" \/>\n\t<meta name=\"twitter:label2\" content=\"Dur\u00e9e de lecture estim\u00e9e\" \/>\n\t<meta name=\"twitter:data2\" content=\"3 minutes\" \/>\n<script type=\"application\/ld+json\" class=\"yoast-schema-graph\">{\"@context\":\"https:\\\/\\\/schema.org\",\"@graph\":[{\"@type\":\"Article\",\"@id\":\"https:\\\/\\\/swisstrans.info\\\/fr\\\/2026\\\/03\\\/16\\\/le-magazine-swisstrans-01-02-26-est-en-ligne\\\/#article\",\"isPartOf\":{\"@id\":\"https:\\\/\\\/swisstrans.info\\\/fr\\\/2026\\\/03\\\/16\\\/le-magazine-swisstrans-01-02-26-est-en-ligne\\\/\"},\"author\":{\"name\":\"Andreas M\u00fcller\",\"@id\":\"https:\\\/\\\/swisstrans.info\\\/fr\\\/#\\\/schema\\\/person\\\/7b1593b33567ba798d300c8a1b0b85b1\"},\"headline\":\"Le magazine Swisstrans 01-02\\\/26 est en ligne\",\"datePublished\":\"2026-03-16T18:58:41+00:00\",\"mainEntityOfPage\":{\"@id\":\"https:\\\/\\\/swisstrans.info\\\/fr\\\/2026\\\/03\\\/16\\\/le-magazine-swisstrans-01-02-26-est-en-ligne\\\/\"},\"wordCount\":534,\"commentCount\":0,\"publisher\":{\"@id\":\"https:\\\/\\\/swisstrans.info\\\/fr\\\/#organization\"},\"image\":{\"@id\":\"https:\\\/\\\/swisstrans.info\\\/fr\\\/2026\\\/03\\\/16\\\/le-magazine-swisstrans-01-02-26-est-en-ligne\\\/#primaryimage\"},\"thumbnailUrl\":\"https:\\\/\\\/swisstrans.info\\\/wp-content\\\/uploads\\\/sites\\\/8\\\/2026\\\/03\\\/Swisstrans_Magazin_01-02_2026-aspect-ratio-1400-788.png\",\"keywords\":[\"augmentations de co\u00fbts logistique\",\"cargo airlines\",\"cha\u00eenes d'approvisionnement internationales\",\"challenges for airlines\",\"compagnies a\u00e9riennes de fret\",\"competitive pressure air freight\",\"cost increases logistics\",\"customs borders Switzerland\",\"d\u00e9fis pour les compagnies a\u00e9riennes\",\"Deutsch Luftfracht Schweiz\",\"digital transformation supply chains Fran\u00e7ais fret a\u00e9rien Suisse\",\"digitale Transformation Lieferketten English air freight Switzerland\",\"Digitalisierung in der Logistik\",\"digitalization in logistics\",\"e-commerce air freight\",\"E-Commerce-Luftfracht\",\"entreprises de logistique Suisse\",\"\u00e9tude de march\u00e9 logistique GS1\",\"EuroAirport B\u00e2le-Mulhouse-Fribourg\",\"EuroAirport Basel-Mulhouse-Freiburg\",\"Frachtfluggesellschaften\",\"fret a\u00e9rien e-commerce\",\"fronti\u00e8res douani\u00e8res Suisse\",\"Herausforderungen f\u00fcr Airlines\",\"industrie pharmaceutique logistique\",\"infrastructure projects Switzerland\",\"Infrastrukturprojekte Schweiz\",\"international supply chains\",\"internationale Lieferketten\",\"Kostensteigerungen Logistik\",\"logistics companies Switzerland\",\"logistics market study GS1\",\"Logistikmarktstudie GS1\",\"Logistikunternehmen Schweiz\",\"logistique omnicanale\",\"nachhaltige Logistikl\u00f6sungen\",\"num\u00e9risation dans la logistique\",\"omnichannel logistics\",\"Omnichannel-Logistik\",\"pharmaceutical industry logistics\",\"Pharmaindustrie Logistik\",\"pression concurrentielle fret a\u00e9rien\",\"projets d'infrastructure Suisse\",\"secteur du transport et de la logistique\",\"solutions logistiques durables\",\"Supply Chain Trends\",\"sustainable logistics solutions\",\"SWISS WorldCargo\",\"tendances de la cha\u00eene d'approvisionnement\",\"transformation num\u00e9rique des cha\u00eenes d'approvisionnement\",\"transport and logistics industry\",\"Transport- und Logistikbranche\",\"Wettbewerbsdruck Luftfracht\",\"Zollgrenzen Schweiz\"],\"articleSection\":[\"Fret a\u00e9rien\",\"Intralogistique\",\"Logistik &amp; Spedition\",\"Suisse\"],\"inLanguage\":\"fr-FR\",\"potentialAction\":[{\"@type\":\"CommentAction\",\"name\":\"Comment\",\"target\":[\"https:\\\/\\\/swisstrans.info\\\/fr\\\/2026\\\/03\\\/16\\\/le-magazine-swisstrans-01-02-26-est-en-ligne\\\/#respond\"]}]},{\"@type\":\"WebPage\",\"@id\":\"https:\\\/\\\/swisstrans.info\\\/fr\\\/2026\\\/03\\\/16\\\/le-magazine-swisstrans-01-02-26-est-en-ligne\\\/\",\"url\":\"https:\\\/\\\/swisstrans.info\\\/fr\\\/2026\\\/03\\\/16\\\/le-magazine-swisstrans-01-02-26-est-en-ligne\\\/\",\"name\":\"Le magazine Swisstrans 01-02\\\/26 est en ligne - Swisstrans\",\"isPartOf\":{\"@id\":\"https:\\\/\\\/swisstrans.info\\\/fr\\\/#website\"},\"primaryImageOfPage\":{\"@id\":\"https:\\\/\\\/swisstrans.info\\\/fr\\\/2026\\\/03\\\/16\\\/le-magazine-swisstrans-01-02-26-est-en-ligne\\\/#primaryimage\"},\"image\":{\"@id\":\"https:\\\/\\\/swisstrans.info\\\/fr\\\/2026\\\/03\\\/16\\\/le-magazine-swisstrans-01-02-26-est-en-ligne\\\/#primaryimage\"},\"thumbnailUrl\":\"https:\\\/\\\/swisstrans.info\\\/wp-content\\\/uploads\\\/sites\\\/8\\\/2026\\\/03\\\/Swisstrans_Magazin_01-02_2026-aspect-ratio-1400-788.png\",\"datePublished\":\"2026-03-16T18:58:41+00:00\",\"breadcrumb\":{\"@id\":\"https:\\\/\\\/swisstrans.info\\\/fr\\\/2026\\\/03\\\/16\\\/le-magazine-swisstrans-01-02-26-est-en-ligne\\\/#breadcrumb\"},\"inLanguage\":\"fr-FR\",\"potentialAction\":[{\"@type\":\"ReadAction\",\"target\":[\"https:\\\/\\\/swisstrans.info\\\/fr\\\/2026\\\/03\\\/16\\\/le-magazine-swisstrans-01-02-26-est-en-ligne\\\/\"]}]},{\"@type\":\"ImageObject\",\"inLanguage\":\"fr-FR\",\"@id\":\"https:\\\/\\\/swisstrans.info\\\/fr\\\/2026\\\/03\\\/16\\\/le-magazine-swisstrans-01-02-26-est-en-ligne\\\/#primaryimage\",\"url\":\"https:\\\/\\\/swisstrans.info\\\/wp-content\\\/uploads\\\/sites\\\/8\\\/2026\\\/03\\\/Swisstrans_Magazin_01-02_2026-aspect-ratio-1400-788.png\",\"contentUrl\":\"https:\\\/\\\/swisstrans.info\\\/wp-content\\\/uploads\\\/sites\\\/8\\\/2026\\\/03\\\/Swisstrans_Magazin_01-02_2026-aspect-ratio-1400-788.png\",\"width\":1637,\"height\":922},{\"@type\":\"BreadcrumbList\",\"@id\":\"https:\\\/\\\/swisstrans.info\\\/fr\\\/2026\\\/03\\\/16\\\/le-magazine-swisstrans-01-02-26-est-en-ligne\\\/#breadcrumb\",\"itemListElement\":[{\"@type\":\"ListItem\",\"position\":1,\"name\":\"Startseite\",\"item\":\"https:\\\/\\\/swisstrans.info\\\/fr\\\/\"},{\"@type\":\"ListItem\",\"position\":2,\"name\":\"Le magazine Swisstrans 01-02\\\/26 est en ligne\"}]},{\"@type\":\"WebSite\",\"@id\":\"https:\\\/\\\/swisstrans.info\\\/fr\\\/#website\",\"url\":\"https:\\\/\\\/swisstrans.info\\\/fr\\\/\",\"name\":\"Swisstrans\",\"description\":\"Swisstrans est une plateforme d\u2019information sur le transport et la logistique en Suisse, active depuis 2002, qui met en relation les exp\u00e9diteurs et les fournisseurs de produits et services.\",\"publisher\":{\"@id\":\"https:\\\/\\\/swisstrans.info\\\/fr\\\/#organization\"},\"potentialAction\":[{\"@type\":\"SearchAction\",\"target\":{\"@type\":\"EntryPoint\",\"urlTemplate\":\"https:\\\/\\\/swisstrans.info\\\/fr\\\/?s={search_term_string}\"},\"query-input\":{\"@type\":\"PropertyValueSpecification\",\"valueRequired\":true,\"valueName\":\"search_term_string\"}}],\"inLanguage\":\"fr-FR\"},{\"@type\":\"Organization\",\"@id\":\"https:\\\/\\\/swisstrans.info\\\/fr\\\/#organization\",\"name\":\"Groupe Logismedia AG\",\"alternateName\":\"Logismedia Group AG\",\"url\":\"https:\\\/\\\/swisstrans.info\\\/fr\\\/\",\"logo\":{\"@type\":\"ImageObject\",\"inLanguage\":\"fr-FR\",\"@id\":\"https:\\\/\\\/swisstrans.info\\\/fr\\\/#\\\/schema\\\/logo\\\/image\\\/\",\"url\":\"https:\\\/\\\/swisstrans.info\\\/wp-content\\\/uploads\\\/sites\\\/8\\\/2026\\\/01\\\/swisstrans_logo.png\",\"contentUrl\":\"https:\\\/\\\/swisstrans.info\\\/wp-content\\\/uploads\\\/sites\\\/8\\\/2026\\\/01\\\/swisstrans_logo.png\",\"width\":823,\"height\":164,\"caption\":\"Groupe Logismedia AG\"},\"image\":{\"@id\":\"https:\\\/\\\/swisstrans.info\\\/fr\\\/#\\\/schema\\\/logo\\\/image\\\/\"},\"sameAs\":[\"https:\\\/\\\/www.linkedin.com\\\/showcase\\\/swisstrans-info\\\/\"]},{\"@type\":\"Person\",\"@id\":\"https:\\\/\\\/swisstrans.info\\\/fr\\\/#\\\/schema\\\/person\\\/7b1593b33567ba798d300c8a1b0b85b1\",\"name\":\"Andreas M\u00fcller\",\"url\":\"https:\\\/\\\/swisstrans.info\\\/fr\\\/author\\\/logismedia\\\/\"}]}<\/script>\n<!-- \/ Yoast SEO plugin. -->","yoast_head_json":{"title":"Le magazine Swisstrans 01-02\/26 est en ligne - Swisstrans","robots":{"index":"index","follow":"follow","max-snippet":"max-snippet:-1","max-image-preview":"max-image-preview:large","max-video-preview":"max-video-preview:-1"},"canonical":"https:\/\/swisstrans.info\/fr\/2026\/03\/16\/le-magazine-swisstrans-01-02-26-est-en-ligne\/","og_locale":"fr_FR","og_type":"article","og_title":"Le magazine Swisstrans 01-02\/26 est en ligne - Swisstrans","og_description":"Le nouveau num\u00e9ro du magazine Swisstrans analyse les d\u00e9veloppements dans le fret a\u00e9rien et met en lumi\u00e8re les tendances centrales du secteur du transport et de la logistique en Suisse.","og_url":"https:\/\/swisstrans.info\/fr\/2026\/03\/16\/le-magazine-swisstrans-01-02-26-est-en-ligne\/","og_site_name":"Swisstrans","article_published_time":"2026-03-16T18:58:41+00:00","og_image":[{"width":1200,"height":676,"url":"https:\/\/swisstrans.info\/wp-content\/uploads\/sites\/8\/2026\/03\/Swisstrans_Magazin_01-02_2026-aspect-ratio-1400-788-1200x676.png","type":"image\/png"}],"author":"Andreas M\u00fcller","twitter_card":"summary_large_image","twitter_misc":{"\u00c9crit par":"Andreas M\u00fcller","Dur\u00e9e de lecture estim\u00e9e":"3 minutes"},"schema":{"@context":"https:\/\/schema.org","@graph":[{"@type":"Article","@id":"https:\/\/swisstrans.info\/fr\/2026\/03\/16\/le-magazine-swisstrans-01-02-26-est-en-ligne\/#article","isPartOf":{"@id":"https:\/\/swisstrans.info\/fr\/2026\/03\/16\/le-magazine-swisstrans-01-02-26-est-en-ligne\/"},"author":{"name":"Andreas M\u00fcller","@id":"https:\/\/swisstrans.info\/fr\/#\/schema\/person\/7b1593b33567ba798d300c8a1b0b85b1"},"headline":"Le magazine Swisstrans 01-02\/26 est en ligne","datePublished":"2026-03-16T18:58:41+00:00","mainEntityOfPage":{"@id":"https:\/\/swisstrans.info\/fr\/2026\/03\/16\/le-magazine-swisstrans-01-02-26-est-en-ligne\/"},"wordCount":534,"commentCount":0,"publisher":{"@id":"https:\/\/swisstrans.info\/fr\/#organization"},"image":{"@id":"https:\/\/swisstrans.info\/fr\/2026\/03\/16\/le-magazine-swisstrans-01-02-26-est-en-ligne\/#primaryimage"},"thumbnailUrl":"https:\/\/swisstrans.info\/wp-content\/uploads\/sites\/8\/2026\/03\/Swisstrans_Magazin_01-02_2026-aspect-ratio-1400-788.png","keywords":["augmentations de co\u00fbts logistique","cargo airlines","cha\u00eenes d'approvisionnement internationales","challenges for airlines","compagnies a\u00e9riennes de fret","competitive pressure air freight","cost increases logistics","customs borders Switzerland","d\u00e9fis pour les compagnies a\u00e9riennes","Deutsch Luftfracht Schweiz","digital transformation supply chains Fran\u00e7ais fret a\u00e9rien Suisse","digitale Transformation Lieferketten English air freight Switzerland","Digitalisierung in der Logistik","digitalization in logistics","e-commerce air freight","E-Commerce-Luftfracht","entreprises de logistique Suisse","\u00e9tude de march\u00e9 logistique GS1","EuroAirport B\u00e2le-Mulhouse-Fribourg","EuroAirport Basel-Mulhouse-Freiburg","Frachtfluggesellschaften","fret a\u00e9rien e-commerce","fronti\u00e8res douani\u00e8res Suisse","Herausforderungen f\u00fcr Airlines","industrie pharmaceutique logistique","infrastructure projects Switzerland","Infrastrukturprojekte Schweiz","international supply chains","internationale Lieferketten","Kostensteigerungen Logistik","logistics companies Switzerland","logistics market study GS1","Logistikmarktstudie GS1","Logistikunternehmen Schweiz","logistique omnicanale","nachhaltige Logistikl\u00f6sungen","num\u00e9risation dans la logistique","omnichannel logistics","Omnichannel-Logistik","pharmaceutical industry logistics","Pharmaindustrie Logistik","pression concurrentielle fret a\u00e9rien","projets d'infrastructure Suisse","secteur du transport et de la logistique","solutions logistiques durables","Supply Chain Trends","sustainable logistics solutions","SWISS WorldCargo","tendances de la cha\u00eene d'approvisionnement","transformation num\u00e9rique des cha\u00eenes d'approvisionnement","transport and logistics industry","Transport- und Logistikbranche","Wettbewerbsdruck Luftfracht","Zollgrenzen Schweiz"],"articleSection":["Fret a\u00e9rien","Intralogistique","Logistik &amp; Spedition","Suisse"],"inLanguage":"fr-FR","potentialAction":[{"@type":"CommentAction","name":"Comment","target":["https:\/\/swisstrans.info\/fr\/2026\/03\/16\/le-magazine-swisstrans-01-02-26-est-en-ligne\/#respond"]}]},{"@type":"WebPage","@id":"https:\/\/swisstrans.info\/fr\/2026\/03\/16\/le-magazine-swisstrans-01-02-26-est-en-ligne\/","url":"https:\/\/swisstrans.info\/fr\/2026\/03\/16\/le-magazine-swisstrans-01-02-26-est-en-ligne\/","name":"Le magazine Swisstrans 01-02\/26 est en ligne - Swisstrans","isPartOf":{"@id":"https:\/\/swisstrans.info\/fr\/#website"},"primaryImageOfPage":{"@id":"https:\/\/swisstrans.info\/fr\/2026\/03\/16\/le-magazine-swisstrans-01-02-26-est-en-ligne\/#primaryimage"},"image":{"@id":"https:\/\/swisstrans.info\/fr\/2026\/03\/16\/le-magazine-swisstrans-01-02-26-est-en-ligne\/#primaryimage"},"thumbnailUrl":"https:\/\/swisstrans.info\/wp-content\/uploads\/sites\/8\/2026\/03\/Swisstrans_Magazin_01-02_2026-aspect-ratio-1400-788.png","datePublished":"2026-03-16T18:58:41+00:00","breadcrumb":{"@id":"https:\/\/swisstrans.info\/fr\/2026\/03\/16\/le-magazine-swisstrans-01-02-26-est-en-ligne\/#breadcrumb"},"inLanguage":"fr-FR","potentialAction":[{"@type":"ReadAction","target":["https:\/\/swisstrans.info\/fr\/2026\/03\/16\/le-magazine-swisstrans-01-02-26-est-en-ligne\/"]}]},{"@type":"ImageObject","inLanguage":"fr-FR","@id":"https:\/\/swisstrans.info\/fr\/2026\/03\/16\/le-magazine-swisstrans-01-02-26-est-en-ligne\/#primaryimage","url":"https:\/\/swisstrans.info\/wp-content\/uploads\/sites\/8\/2026\/03\/Swisstrans_Magazin_01-02_2026-aspect-ratio-1400-788.png","contentUrl":"https:\/\/swisstrans.info\/wp-content\/uploads\/sites\/8\/2026\/03\/Swisstrans_Magazin_01-02_2026-aspect-ratio-1400-788.png","width":1637,"height":922},{"@type":"BreadcrumbList","@id":"https:\/\/swisstrans.info\/fr\/2026\/03\/16\/le-magazine-swisstrans-01-02-26-est-en-ligne\/#breadcrumb","itemListElement":[{"@type":"ListItem","position":1,"name":"Startseite","item":"https:\/\/swisstrans.info\/fr\/"},{"@type":"ListItem","position":2,"name":"Le magazine Swisstrans 01-02\/26 est en ligne"}]},{"@type":"WebSite","@id":"https:\/\/swisstrans.info\/fr\/#website","url":"https:\/\/swisstrans.info\/fr\/","name":"Swisstrans","description":"Swisstrans est une plateforme d\u2019information sur le transport et la logistique en Suisse, active depuis 2002, qui met en relation les exp\u00e9diteurs et les fournisseurs de produits et services.","publisher":{"@id":"https:\/\/swisstrans.info\/fr\/#organization"},"potentialAction":[{"@type":"SearchAction","target":{"@type":"EntryPoint","urlTemplate":"https:\/\/swisstrans.info\/fr\/?s={search_term_string}"},"query-input":{"@type":"PropertyValueSpecification","valueRequired":true,"valueName":"search_term_string"}}],"inLanguage":"fr-FR"},{"@type":"Organization","@id":"https:\/\/swisstrans.info\/fr\/#organization","name":"Groupe Logismedia AG","alternateName":"Logismedia Group AG","url":"https:\/\/swisstrans.info\/fr\/","logo":{"@type":"ImageObject","inLanguage":"fr-FR","@id":"https:\/\/swisstrans.info\/fr\/#\/schema\/logo\/image\/","url":"https:\/\/swisstrans.info\/wp-content\/uploads\/sites\/8\/2026\/01\/swisstrans_logo.png","contentUrl":"https:\/\/swisstrans.info\/wp-content\/uploads\/sites\/8\/2026\/01\/swisstrans_logo.png","width":823,"height":164,"caption":"Groupe Logismedia AG"},"image":{"@id":"https:\/\/swisstrans.info\/fr\/#\/schema\/logo\/image\/"},"sameAs":["https:\/\/www.linkedin.com\/showcase\/swisstrans-info\/"]},{"@type":"Person","@id":"https:\/\/swisstrans.info\/fr\/#\/schema\/person\/7b1593b33567ba798d300c8a1b0b85b1","name":"Andreas M\u00fcller","url":"https:\/\/swisstrans.info\/fr\/author\/logismedia\/"}]}},"_links":{"self":[{"href":"https:\/\/swisstrans.info\/fr\/wp-json\/wp\/v2\/posts\/100273","targetHints":{"allow":["GET"]}}],"collection":[{"href":"https:\/\/swisstrans.info\/fr\/wp-json\/wp\/v2\/posts"}],"about":[{"href":"https:\/\/swisstrans.info\/fr\/wp-json\/wp\/v2\/types\/post"}],"author":[{"embeddable":true,"href":"https:\/\/swisstrans.info\/fr\/wp-json\/wp\/v2\/users\/7"}],"replies":[{"embeddable":true,"href":"https:\/\/swisstrans.info\/fr\/wp-json\/wp\/v2\/comments?post=100273"}],"version-history":[{"count":0,"href":"https:\/\/swisstrans.info\/fr\/wp-json\/wp\/v2\/posts\/100273\/revisions"}],"wp:featuredmedia":[{"embeddable":true,"href":"https:\/\/swisstrans.info\/fr\/wp-json\/wp\/v2\/media\/100271"}],"wp:attachment":[{"href":"https:\/\/swisstrans.info\/fr\/wp-json\/wp\/v2\/media?parent=100273"}],"wp:term":[{"taxonomy":"category","embeddable":true,"href":"https:\/\/swisstrans.info\/fr\/wp-json\/wp\/v2\/categories?post=100273"},{"taxonomy":"post_tag","embeddable":true,"href":"https:\/\/swisstrans.info\/fr\/wp-json\/wp\/v2\/tags?post=100273"}],"curies":[{"name":"wp","href":"https:\/\/api.w.org\/{rel}","templated":true}]}}