{"id":100949,"date":"2026-04-30T10:16:04","date_gmt":"2026-04-30T10:16:04","guid":{"rendered":"https:\/\/swisstrans.info\/2026\/04\/30\/strebel-cede-la-direction-de-schneider-a-peigne\/"},"modified":"2026-04-30T12:26:37","modified_gmt":"2026-04-30T10:26:37","slug":"strebel-cede-la-direction-de-schneider-a-peigne","status":"publish","type":"post","link":"https:\/\/swisstrans.info\/fr\/2026\/04\/30\/strebel-cede-la-direction-de-schneider-a-peigne\/","title":{"rendered":"Strebel c\u00e8de la direction de Schneider \u00e0 Peign\u00e9"},"content":{"rendered":"<p>Andr\u00e9 Strebel remettra la direction op\u00e9rationnelle du groupe Schneider, un prestataire de services logistiques international bas\u00e9 \u00e0 B\u00e2le (Suisse), \u00e0 \u00c9ric Peign\u00e9 le 1er juillet 2026. Strebel a consid\u00e9rablement influenc\u00e9 l&#8217;entreprise au cours des huit derni\u00e8res ann\u00e9es, \u00e9largissant de mani\u00e8re significative sa pr\u00e9sence internationale et r\u00e9alisant avec succ\u00e8s plus de dix acquisitions. Son engagement et sa pr\u00e9cieuse contribution au d\u00e9veloppement du groupe sont salu\u00e9s.<\/p>\n<p>Apr\u00e8s son retrait de la direction op\u00e9rationnelle, Andr\u00e9 Strebel restera li\u00e9 \u00e0 l&#8217;entreprise dans un r\u00f4le strat\u00e9gique en tant que Senior Advisor et membre du conseil d&#8217;administration. Cette continuit\u00e9 vise \u00e0 garantir que ses exp\u00e9riences et ses connaissances continuent d&#8217;influencer l&#8217;orientation strat\u00e9gique du groupe Schneider.<\/p>\n<h3>Le nouveau PDG apporte une vaste exp\u00e9rience<\/h3>\n<p>\u00c9ric Peign\u00e9 est accueilli en tant que nouveau PDG du groupe Schneider. Il poss\u00e8de une vaste exp\u00e9rience dans le secteur de la logistique et du transport international, notamment au sein d&#8217;entreprises telles que CEVA Logistics, Bollor\u00e9 et K\u00fchne + Nagel. Ses comp\u00e9tences strat\u00e9giques marqu\u00e9es et son exp\u00e9rience de direction dans de grandes organisations ainsi que dans diff\u00e9rentes r\u00e9gions font de lui un successeur appropri\u00e9.<\/p>\n<p>Le groupe Schneider se montre optimiste quant aux d\u00e9veloppements futurs. L&#8217;accent est mis sur la mise \u00e0 l&#8217;\u00e9chelle de l&#8217;organisation internationale et la poursuite de la strat\u00e9gie d&#8217;acquisition et de d\u00e9veloppement, visant \u00e0 stimuler la croissance par des acquisitions cibl\u00e9es.<\/p>\n<p>&nbsp;<\/p>\n<p><a href=\"https:\/\/schneider-transport.com\/\" target=\"_blank\" rel=\"noopener noreferrer\">www.schneider-transport.com<\/a><\/p>\n<p>&nbsp;<\/p>\n","protected":false},"excerpt":{"rendered":"<p>Andr\u00e9 Strebel remet le 1er juillet 2026 la direction op\u00e9rationnelle du groupe Schneider \u00e0 \u00c9ric Peign\u00e9, qui poss\u00e8de une vaste exp\u00e9rience dans le secteur de la logistique.<\/p>\n","protected":false},"author":12,"featured_media":100947,"comment_status":"open","ping_status":"open","sticky":false,"template":"","format":"standard","meta":{"_acf_changed":false,"footnotes":""},"categories":[6742,6893,6733,6370],"tags":[10042,6307,10043,1784,2112,10044,10045,2211,2212,5089,2213,10046,2700,2123,10047,2909,6316,10048,10049,10050,10051,2659,2918,2133,2135,1831,2622,10052,1800,2925,6357,2720,2929,10053,2148,2153,6360,4144,2106,2641,2242,10054,5080,10055,2157,10056,10057],"class_list":["post-100949","post","type-post","status-publish","format-standard","has-post-thumbnail","hentry","category-europa","category-logistik-spedition","category-personnes-et-entreprises","category-suisse","tag-andre-strebel","tag-augmentation-de-la-part-de-marche","tag-bollore","tag-ceva-logistics","tag-corporate-leadership","tag-croissance-par-acquisitions","tag-deutsch-schneider-group","tag-digital-transformation","tag-digitale-transformation","tag-direction-dentreprise","tag-economie-du-transport","tag-eric-peigne","tag-fachkraeftemangel-in-der-logistik","tag-gestion-de-la-chaine-dapprovisionnement","tag-growth-through-acquisitions","tag-hafenbetrieb","tag-increasing-market-share","tag-international-freight-forwarding","tag-international-presence","tag-internationale-praesenz","tag-internationale-spedition","tag-kuehne-nagel","tag-logistics-industry","tag-logistics-service-providers","tag-logistikbranche","tag-logistikdienstleister","tag-logistique-durable","tag-marktanteil-steigern","tag-nachhaltige-logistik","tag-operations-portuaires","tag-orientation-strategique","tag-penurie-de-main-doeuvre-dans-la-logistique","tag-port-operations","tag-presence-internationale","tag-prestataires-de-services-logistiques","tag-secteur-logistique","tag-strategic-direction","tag-strategische-ausrichtung","tag-supply-chain-management","tag-sustainable-logistics","tag-transformation-numerique","tag-transport-economy-francais-schneider-group","tag-transport-international","tag-transportwirtschaft-english-schneider-group","tag-unternehmensfuehrung","tag-wachstum-durch-akquisitionen","tag-workforce-shortage-in-logistics"],"acf":[],"yoast_head":"<!-- This site is optimized with the Yoast SEO plugin v27.3 - https:\/\/yoast.com\/product\/yoast-seo-wordpress\/ -->\n<title>Strebel c\u00e8de la direction de Schneider \u00e0 Peign\u00e9 - Swisstrans<\/title>\n<meta name=\"robots\" content=\"index, follow, max-snippet:-1, max-image-preview:large, max-video-preview:-1\" \/>\n<link rel=\"canonical\" href=\"https:\/\/swisstrans.info\/fr\/2026\/04\/30\/strebel-cede-la-direction-de-schneider-a-peigne\/\" \/>\n<meta property=\"og:locale\" content=\"fr_FR\" \/>\n<meta property=\"og:type\" content=\"article\" \/>\n<meta property=\"og:title\" content=\"Strebel c\u00e8de la direction de Schneider \u00e0 Peign\u00e9 - Swisstrans\" \/>\n<meta property=\"og:description\" content=\"Andr\u00e9 Strebel remet le 1er juillet 2026 la direction op\u00e9rationnelle du groupe Schneider \u00e0 \u00c9ric Peign\u00e9, qui poss\u00e8de une vaste exp\u00e9rience dans le secteur de la logistique.\" \/>\n<meta property=\"og:url\" content=\"https:\/\/swisstrans.info\/fr\/2026\/04\/30\/strebel-cede-la-direction-de-schneider-a-peigne\/\" \/>\n<meta property=\"og:site_name\" content=\"Swisstrans\" \/>\n<meta property=\"article:published_time\" content=\"2026-04-30T10:16:04+00:00\" \/>\n<meta property=\"article:modified_time\" content=\"2026-04-30T10:26:37+00:00\" \/>\n<meta property=\"og:image\" content=\"https:\/\/swisstrans.info\/wp-content\/uploads\/sites\/8\/2026\/04\/Andre-Eric_Schneider-Group-1024x929-1-aspect-ratio-1400-788.jpg\" \/>\n\t<meta property=\"og:image:width\" content=\"1024\" \/>\n\t<meta property=\"og:image:height\" content=\"576\" \/>\n\t<meta property=\"og:image:type\" content=\"image\/jpeg\" \/>\n<meta name=\"author\" content=\"Andreas Haug\" \/>\n<meta name=\"twitter:card\" content=\"summary_large_image\" \/>\n<meta name=\"twitter:label1\" content=\"\u00c9crit par\" \/>\n\t<meta name=\"twitter:data1\" content=\"Andreas Haug\" \/>\n\t<meta name=\"twitter:label2\" content=\"Dur\u00e9e de lecture estim\u00e9e\" \/>\n\t<meta name=\"twitter:data2\" content=\"1 minute\" \/>\n<script type=\"application\/ld+json\" class=\"yoast-schema-graph\">{\"@context\":\"https:\\\/\\\/schema.org\",\"@graph\":[{\"@type\":\"Article\",\"@id\":\"https:\\\/\\\/swisstrans.info\\\/fr\\\/2026\\\/04\\\/30\\\/strebel-cede-la-direction-de-schneider-a-peigne\\\/#article\",\"isPartOf\":{\"@id\":\"https:\\\/\\\/swisstrans.info\\\/fr\\\/2026\\\/04\\\/30\\\/strebel-cede-la-direction-de-schneider-a-peigne\\\/\"},\"author\":{\"name\":\"Andreas Haug\",\"@id\":\"https:\\\/\\\/swisstrans.info\\\/fr\\\/#\\\/schema\\\/person\\\/cf538b3157f15afd7589245a4b3dbd25\"},\"headline\":\"Strebel c\u00e8de la direction de Schneider \u00e0 Peign\u00e9\",\"datePublished\":\"2026-04-30T10:16:04+00:00\",\"dateModified\":\"2026-04-30T10:26:37+00:00\",\"mainEntityOfPage\":{\"@id\":\"https:\\\/\\\/swisstrans.info\\\/fr\\\/2026\\\/04\\\/30\\\/strebel-cede-la-direction-de-schneider-a-peigne\\\/\"},\"wordCount\":267,\"commentCount\":0,\"publisher\":{\"@id\":\"https:\\\/\\\/swisstrans.info\\\/fr\\\/#organization\"},\"image\":{\"@id\":\"https:\\\/\\\/swisstrans.info\\\/fr\\\/2026\\\/04\\\/30\\\/strebel-cede-la-direction-de-schneider-a-peigne\\\/#primaryimage\"},\"thumbnailUrl\":\"https:\\\/\\\/swisstrans.info\\\/wp-content\\\/uploads\\\/sites\\\/8\\\/2026\\\/04\\\/Andre-Eric_Schneider-Group-1024x929-1-aspect-ratio-1400-788.jpg\",\"keywords\":[\"Andr\u00e9 Strebel\",\"augmentation de la part de march\u00e9\",\"Bollor\u00e9\",\"CEVA Logistics\",\"corporate leadership\",\"croissance par acquisitions\",\"Deutsch Schneider Group\",\"digital transformation\",\"digitale Transformation\",\"direction d'entreprise\",\"\u00e9conomie du transport\",\"\u00c9ric Peign\u00e9\",\"Fachkr\u00e4ftemangel in der Logistik\",\"gestion de la cha\u00eene d'approvisionnement\",\"growth through acquisitions\",\"Hafenbetrieb\",\"increasing market share\",\"international freight forwarding\",\"international presence\",\"internationale Pr\u00e4senz\",\"internationale Spedition\",\"Kuehne + Nagel\",\"logistics industry\",\"logistics service providers\",\"Logistikbranche\",\"Logistikdienstleister\",\"logistique durable\",\"Marktanteil steigern\",\"nachhaltige Logistik\",\"op\u00e9rations portuaires\",\"orientation strat\u00e9gique\",\"p\u00e9nurie de main-d'\u0153uvre dans la logistique\",\"port operations\",\"pr\u00e9sence internationale\",\"prestataires de services logistiques\",\"secteur logistique\",\"strategic direction\",\"strategische Ausrichtung\",\"Supply Chain Management\",\"sustainable logistics\",\"transformation num\u00e9rique\",\"transport economy Fran\u00e7ais Schneider Group\",\"transport international\",\"Transportwirtschaft English Schneider Group\",\"Unternehmensf\u00fchrung\",\"Wachstum durch Akquisitionen\",\"workforce shortage in logistics\"],\"articleSection\":[\"Europa\",\"Logistik &amp; Spedition\",\"Personnes et entreprises\",\"Suisse\"],\"inLanguage\":\"fr-FR\",\"potentialAction\":[{\"@type\":\"CommentAction\",\"name\":\"Comment\",\"target\":[\"https:\\\/\\\/swisstrans.info\\\/fr\\\/2026\\\/04\\\/30\\\/strebel-cede-la-direction-de-schneider-a-peigne\\\/#respond\"]}]},{\"@type\":\"WebPage\",\"@id\":\"https:\\\/\\\/swisstrans.info\\\/fr\\\/2026\\\/04\\\/30\\\/strebel-cede-la-direction-de-schneider-a-peigne\\\/\",\"url\":\"https:\\\/\\\/swisstrans.info\\\/fr\\\/2026\\\/04\\\/30\\\/strebel-cede-la-direction-de-schneider-a-peigne\\\/\",\"name\":\"Strebel c\u00e8de la direction de Schneider \u00e0 Peign\u00e9 - Swisstrans\",\"isPartOf\":{\"@id\":\"https:\\\/\\\/swisstrans.info\\\/fr\\\/#website\"},\"primaryImageOfPage\":{\"@id\":\"https:\\\/\\\/swisstrans.info\\\/fr\\\/2026\\\/04\\\/30\\\/strebel-cede-la-direction-de-schneider-a-peigne\\\/#primaryimage\"},\"image\":{\"@id\":\"https:\\\/\\\/swisstrans.info\\\/fr\\\/2026\\\/04\\\/30\\\/strebel-cede-la-direction-de-schneider-a-peigne\\\/#primaryimage\"},\"thumbnailUrl\":\"https:\\\/\\\/swisstrans.info\\\/wp-content\\\/uploads\\\/sites\\\/8\\\/2026\\\/04\\\/Andre-Eric_Schneider-Group-1024x929-1-aspect-ratio-1400-788.jpg\",\"datePublished\":\"2026-04-30T10:16:04+00:00\",\"dateModified\":\"2026-04-30T10:26:37+00:00\",\"breadcrumb\":{\"@id\":\"https:\\\/\\\/swisstrans.info\\\/fr\\\/2026\\\/04\\\/30\\\/strebel-cede-la-direction-de-schneider-a-peigne\\\/#breadcrumb\"},\"inLanguage\":\"fr-FR\",\"potentialAction\":[{\"@type\":\"ReadAction\",\"target\":[\"https:\\\/\\\/swisstrans.info\\\/fr\\\/2026\\\/04\\\/30\\\/strebel-cede-la-direction-de-schneider-a-peigne\\\/\"]}]},{\"@type\":\"ImageObject\",\"inLanguage\":\"fr-FR\",\"@id\":\"https:\\\/\\\/swisstrans.info\\\/fr\\\/2026\\\/04\\\/30\\\/strebel-cede-la-direction-de-schneider-a-peigne\\\/#primaryimage\",\"url\":\"https:\\\/\\\/swisstrans.info\\\/wp-content\\\/uploads\\\/sites\\\/8\\\/2026\\\/04\\\/Andre-Eric_Schneider-Group-1024x929-1-aspect-ratio-1400-788.jpg\",\"contentUrl\":\"https:\\\/\\\/swisstrans.info\\\/wp-content\\\/uploads\\\/sites\\\/8\\\/2026\\\/04\\\/Andre-Eric_Schneider-Group-1024x929-1-aspect-ratio-1400-788.jpg\",\"width\":1024,\"height\":576},{\"@type\":\"BreadcrumbList\",\"@id\":\"https:\\\/\\\/swisstrans.info\\\/fr\\\/2026\\\/04\\\/30\\\/strebel-cede-la-direction-de-schneider-a-peigne\\\/#breadcrumb\",\"itemListElement\":[{\"@type\":\"ListItem\",\"position\":1,\"name\":\"Startseite\",\"item\":\"https:\\\/\\\/swisstrans.info\\\/fr\\\/\"},{\"@type\":\"ListItem\",\"position\":2,\"name\":\"Strebel c\u00e8de la direction de Schneider \u00e0 Peign\u00e9\"}]},{\"@type\":\"WebSite\",\"@id\":\"https:\\\/\\\/swisstrans.info\\\/fr\\\/#website\",\"url\":\"https:\\\/\\\/swisstrans.info\\\/fr\\\/\",\"name\":\"Swisstrans\",\"description\":\"Swisstrans est une plateforme d\u2019information sur le transport et la logistique en Suisse, active depuis 2002, qui met en relation les exp\u00e9diteurs et les fournisseurs de produits et services.\",\"publisher\":{\"@id\":\"https:\\\/\\\/swisstrans.info\\\/fr\\\/#organization\"},\"potentialAction\":[{\"@type\":\"SearchAction\",\"target\":{\"@type\":\"EntryPoint\",\"urlTemplate\":\"https:\\\/\\\/swisstrans.info\\\/fr\\\/?s={search_term_string}\"},\"query-input\":{\"@type\":\"PropertyValueSpecification\",\"valueRequired\":true,\"valueName\":\"search_term_string\"}}],\"inLanguage\":\"fr-FR\"},{\"@type\":\"Organization\",\"@id\":\"https:\\\/\\\/swisstrans.info\\\/fr\\\/#organization\",\"name\":\"Groupe Logismedia AG\",\"alternateName\":\"Logismedia Group AG\",\"url\":\"https:\\\/\\\/swisstrans.info\\\/fr\\\/\",\"logo\":{\"@type\":\"ImageObject\",\"inLanguage\":\"fr-FR\",\"@id\":\"https:\\\/\\\/swisstrans.info\\\/fr\\\/#\\\/schema\\\/logo\\\/image\\\/\",\"url\":\"https:\\\/\\\/swisstrans.info\\\/wp-content\\\/uploads\\\/sites\\\/8\\\/2026\\\/01\\\/swisstrans_logo.png\",\"contentUrl\":\"https:\\\/\\\/swisstrans.info\\\/wp-content\\\/uploads\\\/sites\\\/8\\\/2026\\\/01\\\/swisstrans_logo.png\",\"width\":823,\"height\":164,\"caption\":\"Groupe Logismedia AG\"},\"image\":{\"@id\":\"https:\\\/\\\/swisstrans.info\\\/fr\\\/#\\\/schema\\\/logo\\\/image\\\/\"},\"sameAs\":[\"https:\\\/\\\/www.linkedin.com\\\/showcase\\\/swisstrans-info\\\/\"]},{\"@type\":\"Person\",\"@id\":\"https:\\\/\\\/swisstrans.info\\\/fr\\\/#\\\/schema\\\/person\\\/cf538b3157f15afd7589245a4b3dbd25\",\"name\":\"Andreas Haug\",\"url\":\"https:\\\/\\\/swisstrans.info\\\/fr\\\/author\\\/andreas\\\/\"}]}<\/script>\n<!-- \/ Yoast SEO plugin. -->","yoast_head_json":{"title":"Strebel c\u00e8de la direction de Schneider \u00e0 Peign\u00e9 - Swisstrans","robots":{"index":"index","follow":"follow","max-snippet":"max-snippet:-1","max-image-preview":"max-image-preview:large","max-video-preview":"max-video-preview:-1"},"canonical":"https:\/\/swisstrans.info\/fr\/2026\/04\/30\/strebel-cede-la-direction-de-schneider-a-peigne\/","og_locale":"fr_FR","og_type":"article","og_title":"Strebel c\u00e8de la direction de Schneider \u00e0 Peign\u00e9 - Swisstrans","og_description":"Andr\u00e9 Strebel remet le 1er juillet 2026 la direction op\u00e9rationnelle du groupe Schneider \u00e0 \u00c9ric Peign\u00e9, qui poss\u00e8de une vaste exp\u00e9rience dans le secteur de la logistique.","og_url":"https:\/\/swisstrans.info\/fr\/2026\/04\/30\/strebel-cede-la-direction-de-schneider-a-peigne\/","og_site_name":"Swisstrans","article_published_time":"2026-04-30T10:16:04+00:00","article_modified_time":"2026-04-30T10:26:37+00:00","og_image":[{"width":1024,"height":576,"url":"https:\/\/swisstrans.info\/wp-content\/uploads\/sites\/8\/2026\/04\/Andre-Eric_Schneider-Group-1024x929-1-aspect-ratio-1400-788.jpg","type":"image\/jpeg"}],"author":"Andreas Haug","twitter_card":"summary_large_image","twitter_misc":{"\u00c9crit par":"Andreas Haug","Dur\u00e9e de lecture estim\u00e9e":"1 minute"},"schema":{"@context":"https:\/\/schema.org","@graph":[{"@type":"Article","@id":"https:\/\/swisstrans.info\/fr\/2026\/04\/30\/strebel-cede-la-direction-de-schneider-a-peigne\/#article","isPartOf":{"@id":"https:\/\/swisstrans.info\/fr\/2026\/04\/30\/strebel-cede-la-direction-de-schneider-a-peigne\/"},"author":{"name":"Andreas Haug","@id":"https:\/\/swisstrans.info\/fr\/#\/schema\/person\/cf538b3157f15afd7589245a4b3dbd25"},"headline":"Strebel c\u00e8de la direction de Schneider \u00e0 Peign\u00e9","datePublished":"2026-04-30T10:16:04+00:00","dateModified":"2026-04-30T10:26:37+00:00","mainEntityOfPage":{"@id":"https:\/\/swisstrans.info\/fr\/2026\/04\/30\/strebel-cede-la-direction-de-schneider-a-peigne\/"},"wordCount":267,"commentCount":0,"publisher":{"@id":"https:\/\/swisstrans.info\/fr\/#organization"},"image":{"@id":"https:\/\/swisstrans.info\/fr\/2026\/04\/30\/strebel-cede-la-direction-de-schneider-a-peigne\/#primaryimage"},"thumbnailUrl":"https:\/\/swisstrans.info\/wp-content\/uploads\/sites\/8\/2026\/04\/Andre-Eric_Schneider-Group-1024x929-1-aspect-ratio-1400-788.jpg","keywords":["Andr\u00e9 Strebel","augmentation de la part de march\u00e9","Bollor\u00e9","CEVA Logistics","corporate leadership","croissance par acquisitions","Deutsch Schneider Group","digital transformation","digitale Transformation","direction d'entreprise","\u00e9conomie du transport","\u00c9ric Peign\u00e9","Fachkr\u00e4ftemangel in der Logistik","gestion de la cha\u00eene d'approvisionnement","growth through acquisitions","Hafenbetrieb","increasing market share","international freight forwarding","international presence","internationale Pr\u00e4senz","internationale Spedition","Kuehne + Nagel","logistics industry","logistics service providers","Logistikbranche","Logistikdienstleister","logistique durable","Marktanteil steigern","nachhaltige Logistik","op\u00e9rations portuaires","orientation strat\u00e9gique","p\u00e9nurie de main-d'\u0153uvre dans la logistique","port operations","pr\u00e9sence internationale","prestataires de services logistiques","secteur logistique","strategic direction","strategische Ausrichtung","Supply Chain Management","sustainable logistics","transformation num\u00e9rique","transport economy Fran\u00e7ais Schneider Group","transport international","Transportwirtschaft English Schneider Group","Unternehmensf\u00fchrung","Wachstum durch Akquisitionen","workforce shortage in logistics"],"articleSection":["Europa","Logistik &amp; Spedition","Personnes et entreprises","Suisse"],"inLanguage":"fr-FR","potentialAction":[{"@type":"CommentAction","name":"Comment","target":["https:\/\/swisstrans.info\/fr\/2026\/04\/30\/strebel-cede-la-direction-de-schneider-a-peigne\/#respond"]}]},{"@type":"WebPage","@id":"https:\/\/swisstrans.info\/fr\/2026\/04\/30\/strebel-cede-la-direction-de-schneider-a-peigne\/","url":"https:\/\/swisstrans.info\/fr\/2026\/04\/30\/strebel-cede-la-direction-de-schneider-a-peigne\/","name":"Strebel c\u00e8de la direction de Schneider \u00e0 Peign\u00e9 - Swisstrans","isPartOf":{"@id":"https:\/\/swisstrans.info\/fr\/#website"},"primaryImageOfPage":{"@id":"https:\/\/swisstrans.info\/fr\/2026\/04\/30\/strebel-cede-la-direction-de-schneider-a-peigne\/#primaryimage"},"image":{"@id":"https:\/\/swisstrans.info\/fr\/2026\/04\/30\/strebel-cede-la-direction-de-schneider-a-peigne\/#primaryimage"},"thumbnailUrl":"https:\/\/swisstrans.info\/wp-content\/uploads\/sites\/8\/2026\/04\/Andre-Eric_Schneider-Group-1024x929-1-aspect-ratio-1400-788.jpg","datePublished":"2026-04-30T10:16:04+00:00","dateModified":"2026-04-30T10:26:37+00:00","breadcrumb":{"@id":"https:\/\/swisstrans.info\/fr\/2026\/04\/30\/strebel-cede-la-direction-de-schneider-a-peigne\/#breadcrumb"},"inLanguage":"fr-FR","potentialAction":[{"@type":"ReadAction","target":["https:\/\/swisstrans.info\/fr\/2026\/04\/30\/strebel-cede-la-direction-de-schneider-a-peigne\/"]}]},{"@type":"ImageObject","inLanguage":"fr-FR","@id":"https:\/\/swisstrans.info\/fr\/2026\/04\/30\/strebel-cede-la-direction-de-schneider-a-peigne\/#primaryimage","url":"https:\/\/swisstrans.info\/wp-content\/uploads\/sites\/8\/2026\/04\/Andre-Eric_Schneider-Group-1024x929-1-aspect-ratio-1400-788.jpg","contentUrl":"https:\/\/swisstrans.info\/wp-content\/uploads\/sites\/8\/2026\/04\/Andre-Eric_Schneider-Group-1024x929-1-aspect-ratio-1400-788.jpg","width":1024,"height":576},{"@type":"BreadcrumbList","@id":"https:\/\/swisstrans.info\/fr\/2026\/04\/30\/strebel-cede-la-direction-de-schneider-a-peigne\/#breadcrumb","itemListElement":[{"@type":"ListItem","position":1,"name":"Startseite","item":"https:\/\/swisstrans.info\/fr\/"},{"@type":"ListItem","position":2,"name":"Strebel c\u00e8de la direction de Schneider \u00e0 Peign\u00e9"}]},{"@type":"WebSite","@id":"https:\/\/swisstrans.info\/fr\/#website","url":"https:\/\/swisstrans.info\/fr\/","name":"Swisstrans","description":"Swisstrans est une plateforme d\u2019information sur le transport et la logistique en Suisse, active depuis 2002, qui met en relation les exp\u00e9diteurs et les fournisseurs de produits et services.","publisher":{"@id":"https:\/\/swisstrans.info\/fr\/#organization"},"potentialAction":[{"@type":"SearchAction","target":{"@type":"EntryPoint","urlTemplate":"https:\/\/swisstrans.info\/fr\/?s={search_term_string}"},"query-input":{"@type":"PropertyValueSpecification","valueRequired":true,"valueName":"search_term_string"}}],"inLanguage":"fr-FR"},{"@type":"Organization","@id":"https:\/\/swisstrans.info\/fr\/#organization","name":"Groupe Logismedia AG","alternateName":"Logismedia Group AG","url":"https:\/\/swisstrans.info\/fr\/","logo":{"@type":"ImageObject","inLanguage":"fr-FR","@id":"https:\/\/swisstrans.info\/fr\/#\/schema\/logo\/image\/","url":"https:\/\/swisstrans.info\/wp-content\/uploads\/sites\/8\/2026\/01\/swisstrans_logo.png","contentUrl":"https:\/\/swisstrans.info\/wp-content\/uploads\/sites\/8\/2026\/01\/swisstrans_logo.png","width":823,"height":164,"caption":"Groupe Logismedia AG"},"image":{"@id":"https:\/\/swisstrans.info\/fr\/#\/schema\/logo\/image\/"},"sameAs":["https:\/\/www.linkedin.com\/showcase\/swisstrans-info\/"]},{"@type":"Person","@id":"https:\/\/swisstrans.info\/fr\/#\/schema\/person\/cf538b3157f15afd7589245a4b3dbd25","name":"Andreas Haug","url":"https:\/\/swisstrans.info\/fr\/author\/andreas\/"}]}},"_links":{"self":[{"href":"https:\/\/swisstrans.info\/fr\/wp-json\/wp\/v2\/posts\/100949","targetHints":{"allow":["GET"]}}],"collection":[{"href":"https:\/\/swisstrans.info\/fr\/wp-json\/wp\/v2\/posts"}],"about":[{"href":"https:\/\/swisstrans.info\/fr\/wp-json\/wp\/v2\/types\/post"}],"author":[{"embeddable":true,"href":"https:\/\/swisstrans.info\/fr\/wp-json\/wp\/v2\/users\/12"}],"replies":[{"embeddable":true,"href":"https:\/\/swisstrans.info\/fr\/wp-json\/wp\/v2\/comments?post=100949"}],"version-history":[{"count":4,"href":"https:\/\/swisstrans.info\/fr\/wp-json\/wp\/v2\/posts\/100949\/revisions"}],"predecessor-version":[{"id":100977,"href":"https:\/\/swisstrans.info\/fr\/wp-json\/wp\/v2\/posts\/100949\/revisions\/100977"}],"wp:featuredmedia":[{"embeddable":true,"href":"https:\/\/swisstrans.info\/fr\/wp-json\/wp\/v2\/media\/100947"}],"wp:attachment":[{"href":"https:\/\/swisstrans.info\/fr\/wp-json\/wp\/v2\/media?parent=100949"}],"wp:term":[{"taxonomy":"category","embeddable":true,"href":"https:\/\/swisstrans.info\/fr\/wp-json\/wp\/v2\/categories?post=100949"},{"taxonomy":"post_tag","embeddable":true,"href":"https:\/\/swisstrans.info\/fr\/wp-json\/wp\/v2\/tags?post=100949"}],"curies":[{"name":"wp","href":"https:\/\/api.w.org\/{rel}","templated":true}]}}