{"id":100953,"date":"2026-04-30T10:16:04","date_gmt":"2026-04-30T10:16:04","guid":{"rendered":"https:\/\/swisstrans.info\/2026\/04\/30\/strebel-draagt-leiding-van-schneider-over-aan-peigne\/"},"modified":"2026-04-30T12:26:37","modified_gmt":"2026-04-30T10:26:37","slug":"strebel-draagt-leiding-van-schneider-over-aan-peigne","status":"publish","type":"post","link":"https:\/\/swisstrans.info\/nl\/2026\/04\/30\/strebel-draagt-leiding-van-schneider-over-aan-peigne\/","title":{"rendered":"Strebel draagt leiding van Schneider over aan Peign\u00e9"},"content":{"rendered":"<p>Andr\u00e9 Strebel zal op 1 juli 2026 de operationele leiding van de Schneider Group, een internationale logistieke dienstverlener met hoofdkantoor in Bazel (Zwitserland), overdragen aan \u00c9ric Peign\u00e9. Strebel heeft het bedrijf de afgelopen acht jaar aanzienlijk vormgegeven, de internationale aanwezigheid aanzienlijk uitgebreid en meer dan tien overnames succesvol afgerond. Voor zijn inzet en waardevolle bijdrage aan de ontwikkeling van de groep wordt hem dank uitgesproken.<\/p>\n<p>Na zijn terugtrekking uit de operationele leiding blijft Andr\u00e9 Strebel het bedrijf in een strategische rol als Senior Advisor en lid van de Raad van Bestuur verbonden. Deze continu\u00efteit moet ervoor zorgen dat zijn ervaringen en kennis blijven bijdragen aan de strategische richting van de Schneider Group.<\/p>\n<h3>Nieuwe CEO brengt uitgebreide ervaring mee<\/h3>\n<p>\u00c9ric Peign\u00e9 wordt verwelkomd als de nieuwe CEO van de Schneider Group. Hij brengt uitgebreide ervaring mee uit de internationale expediteurs- en logistieksector, onder andere van bedrijven zoals CEVA Logistics, Bollor\u00e9 en K\u00fchne + Nagel. Zijn uitgesproken strategische vaardigheden en zijn uitgebreide leiderschapservaring in grotere organisaties en in verschillende regio&#8217;s maken hem tot een geschikte opvolger.<\/p>\n<p>De Schneider Group is optimistisch over de toekomstige ontwikkelingen. De focus ligt op het schalen van de internationale organisatie en het voortzetten van de Buy &amp; Build-strategie, die gericht is op het verder stimuleren van de groei door gerichte overnames.<\/p>\n<p>&nbsp;<\/p>\n<p><a href=\"https:\/\/schneider-transport.com\/\" target=\"_blank\" rel=\"noopener noreferrer\">www.schneider-transport.com<\/a><\/p>\n<p>&nbsp;<\/p>\n","protected":false},"excerpt":{"rendered":"<p>Andr\u00e9 Strebel draagt op 1 juli 2026 de operationele leiding van de Schneider Group over aan \u00c9ric Peign\u00e9, die uitgebreide ervaring in de logistieke sector meebrengt.<\/p>\n","protected":false},"author":12,"featured_media":100947,"comment_status":"open","ping_status":"open","sticky":false,"template":"","format":"standard","meta":{"_acf_changed":false,"footnotes":""},"categories":[6742,6893,6715,6369],"tags":[10042,6307,10043,1784,2112,10044,10045,2211,2212,5089,2213,10046,2700,2123,10047,2909,6316,10048,10049,10050,10051,2659,2918,2133,2135,1831,2622,10052,1800,2925,6357,2720,2929,10053,2148,2153,6360,4144,2106,2641,2242,10054,5080,10055,2157,10056,10057],"class_list":["post-100953","post","type-post","status-publish","format-standard","has-post-thumbnail","hentry","category-europa","category-logistik-spedition","category-mensen-bedrijven","category-zwitserland","tag-andre-strebel","tag-augmentation-de-la-part-de-marche","tag-bollore","tag-ceva-logistics","tag-corporate-leadership","tag-croissance-par-acquisitions","tag-deutsch-schneider-group","tag-digital-transformation","tag-digitale-transformation","tag-direction-dentreprise","tag-economie-du-transport","tag-eric-peigne","tag-fachkraeftemangel-in-der-logistik","tag-gestion-de-la-chaine-dapprovisionnement","tag-growth-through-acquisitions","tag-hafenbetrieb","tag-increasing-market-share","tag-international-freight-forwarding","tag-international-presence","tag-internationale-praesenz","tag-internationale-spedition","tag-kuehne-nagel","tag-logistics-industry","tag-logistics-service-providers","tag-logistikbranche","tag-logistikdienstleister","tag-logistique-durable","tag-marktanteil-steigern","tag-nachhaltige-logistik","tag-operations-portuaires","tag-orientation-strategique","tag-penurie-de-main-doeuvre-dans-la-logistique","tag-port-operations","tag-presence-internationale","tag-prestataires-de-services-logistiques","tag-secteur-logistique","tag-strategic-direction","tag-strategische-ausrichtung","tag-supply-chain-management","tag-sustainable-logistics","tag-transformation-numerique","tag-transport-economy-francais-schneider-group","tag-transport-international","tag-transportwirtschaft-english-schneider-group","tag-unternehmensfuehrung","tag-wachstum-durch-akquisitionen","tag-workforce-shortage-in-logistics"],"acf":[],"yoast_head":"<!-- This site is optimized with the Yoast SEO plugin v27.3 - https:\/\/yoast.com\/product\/yoast-seo-wordpress\/ -->\n<title>Strebel draagt leiding van Schneider over aan Peign\u00e9 - Swisstrans<\/title>\n<meta name=\"robots\" content=\"index, follow, max-snippet:-1, max-image-preview:large, max-video-preview:-1\" \/>\n<link rel=\"canonical\" href=\"https:\/\/swisstrans.info\/nl\/2026\/04\/30\/strebel-draagt-leiding-van-schneider-over-aan-peigne\/\" \/>\n<meta property=\"og:locale\" content=\"nl_NL\" \/>\n<meta property=\"og:type\" content=\"article\" \/>\n<meta property=\"og:title\" content=\"Strebel draagt leiding van Schneider over aan Peign\u00e9 - Swisstrans\" \/>\n<meta property=\"og:description\" content=\"Andr\u00e9 Strebel draagt op 1 juli 2026 de operationele leiding van de Schneider Group over aan \u00c9ric Peign\u00e9, die uitgebreide ervaring in de logistieke sector meebrengt.\" \/>\n<meta property=\"og:url\" content=\"https:\/\/swisstrans.info\/nl\/2026\/04\/30\/strebel-draagt-leiding-van-schneider-over-aan-peigne\/\" \/>\n<meta property=\"og:site_name\" content=\"Swisstrans\" \/>\n<meta property=\"article:published_time\" content=\"2026-04-30T10:16:04+00:00\" \/>\n<meta property=\"article:modified_time\" content=\"2026-04-30T10:26:37+00:00\" \/>\n<meta property=\"og:image\" content=\"https:\/\/swisstrans.info\/wp-content\/uploads\/sites\/8\/2026\/04\/Andre-Eric_Schneider-Group-1024x929-1-aspect-ratio-1400-788.jpg\" \/>\n\t<meta property=\"og:image:width\" content=\"1024\" \/>\n\t<meta property=\"og:image:height\" content=\"576\" \/>\n\t<meta property=\"og:image:type\" content=\"image\/jpeg\" \/>\n<meta name=\"author\" content=\"Andreas Haug\" \/>\n<meta name=\"twitter:card\" content=\"summary_large_image\" \/>\n<meta name=\"twitter:label1\" content=\"Geschreven door\" \/>\n\t<meta name=\"twitter:data1\" content=\"Andreas Haug\" \/>\n\t<meta name=\"twitter:label2\" content=\"Geschatte leestijd\" \/>\n\t<meta name=\"twitter:data2\" content=\"1 minuut\" \/>\n<script type=\"application\/ld+json\" class=\"yoast-schema-graph\">{\"@context\":\"https:\\\/\\\/schema.org\",\"@graph\":[{\"@type\":\"Article\",\"@id\":\"https:\\\/\\\/swisstrans.info\\\/nl\\\/2026\\\/04\\\/30\\\/strebel-draagt-leiding-van-schneider-over-aan-peigne\\\/#article\",\"isPartOf\":{\"@id\":\"https:\\\/\\\/swisstrans.info\\\/nl\\\/2026\\\/04\\\/30\\\/strebel-draagt-leiding-van-schneider-over-aan-peigne\\\/\"},\"author\":{\"name\":\"Andreas Haug\",\"@id\":\"https:\\\/\\\/swisstrans.info\\\/nl\\\/#\\\/schema\\\/person\\\/cf538b3157f15afd7589245a4b3dbd25\"},\"headline\":\"Strebel draagt leiding van Schneider over aan Peign\u00e9\",\"datePublished\":\"2026-04-30T10:16:04+00:00\",\"dateModified\":\"2026-04-30T10:26:37+00:00\",\"mainEntityOfPage\":{\"@id\":\"https:\\\/\\\/swisstrans.info\\\/nl\\\/2026\\\/04\\\/30\\\/strebel-draagt-leiding-van-schneider-over-aan-peigne\\\/\"},\"wordCount\":227,\"commentCount\":0,\"publisher\":{\"@id\":\"https:\\\/\\\/swisstrans.info\\\/nl\\\/#organization\"},\"image\":{\"@id\":\"https:\\\/\\\/swisstrans.info\\\/nl\\\/2026\\\/04\\\/30\\\/strebel-draagt-leiding-van-schneider-over-aan-peigne\\\/#primaryimage\"},\"thumbnailUrl\":\"https:\\\/\\\/swisstrans.info\\\/wp-content\\\/uploads\\\/sites\\\/8\\\/2026\\\/04\\\/Andre-Eric_Schneider-Group-1024x929-1-aspect-ratio-1400-788.jpg\",\"keywords\":[\"Andr\u00e9 Strebel\",\"augmentation de la part de march\u00e9\",\"Bollor\u00e9\",\"CEVA Logistics\",\"corporate leadership\",\"croissance par acquisitions\",\"Deutsch Schneider Group\",\"digital transformation\",\"digitale Transformation\",\"direction d'entreprise\",\"\u00e9conomie du transport\",\"\u00c9ric Peign\u00e9\",\"Fachkr\u00e4ftemangel in der Logistik\",\"gestion de la cha\u00eene d'approvisionnement\",\"growth through acquisitions\",\"Hafenbetrieb\",\"increasing market share\",\"international freight forwarding\",\"international presence\",\"internationale Pr\u00e4senz\",\"internationale Spedition\",\"Kuehne + Nagel\",\"logistics industry\",\"logistics service providers\",\"Logistikbranche\",\"Logistikdienstleister\",\"logistique durable\",\"Marktanteil steigern\",\"nachhaltige Logistik\",\"op\u00e9rations portuaires\",\"orientation strat\u00e9gique\",\"p\u00e9nurie de main-d'\u0153uvre dans la logistique\",\"port operations\",\"pr\u00e9sence internationale\",\"prestataires de services logistiques\",\"secteur logistique\",\"strategic direction\",\"strategische Ausrichtung\",\"Supply Chain Management\",\"sustainable logistics\",\"transformation num\u00e9rique\",\"transport economy Fran\u00e7ais Schneider Group\",\"transport international\",\"Transportwirtschaft English Schneider Group\",\"Unternehmensf\u00fchrung\",\"Wachstum durch Akquisitionen\",\"workforce shortage in logistics\"],\"articleSection\":[\"Europa\",\"Logistik &amp; Spedition\",\"Mensen &amp; Bedrijven\",\"Zwitserland\"],\"inLanguage\":\"nl-NL\",\"potentialAction\":[{\"@type\":\"CommentAction\",\"name\":\"Comment\",\"target\":[\"https:\\\/\\\/swisstrans.info\\\/nl\\\/2026\\\/04\\\/30\\\/strebel-draagt-leiding-van-schneider-over-aan-peigne\\\/#respond\"]}]},{\"@type\":\"WebPage\",\"@id\":\"https:\\\/\\\/swisstrans.info\\\/nl\\\/2026\\\/04\\\/30\\\/strebel-draagt-leiding-van-schneider-over-aan-peigne\\\/\",\"url\":\"https:\\\/\\\/swisstrans.info\\\/nl\\\/2026\\\/04\\\/30\\\/strebel-draagt-leiding-van-schneider-over-aan-peigne\\\/\",\"name\":\"Strebel draagt leiding van Schneider over aan Peign\u00e9 - Swisstrans\",\"isPartOf\":{\"@id\":\"https:\\\/\\\/swisstrans.info\\\/nl\\\/#website\"},\"primaryImageOfPage\":{\"@id\":\"https:\\\/\\\/swisstrans.info\\\/nl\\\/2026\\\/04\\\/30\\\/strebel-draagt-leiding-van-schneider-over-aan-peigne\\\/#primaryimage\"},\"image\":{\"@id\":\"https:\\\/\\\/swisstrans.info\\\/nl\\\/2026\\\/04\\\/30\\\/strebel-draagt-leiding-van-schneider-over-aan-peigne\\\/#primaryimage\"},\"thumbnailUrl\":\"https:\\\/\\\/swisstrans.info\\\/wp-content\\\/uploads\\\/sites\\\/8\\\/2026\\\/04\\\/Andre-Eric_Schneider-Group-1024x929-1-aspect-ratio-1400-788.jpg\",\"datePublished\":\"2026-04-30T10:16:04+00:00\",\"dateModified\":\"2026-04-30T10:26:37+00:00\",\"breadcrumb\":{\"@id\":\"https:\\\/\\\/swisstrans.info\\\/nl\\\/2026\\\/04\\\/30\\\/strebel-draagt-leiding-van-schneider-over-aan-peigne\\\/#breadcrumb\"},\"inLanguage\":\"nl-NL\",\"potentialAction\":[{\"@type\":\"ReadAction\",\"target\":[\"https:\\\/\\\/swisstrans.info\\\/nl\\\/2026\\\/04\\\/30\\\/strebel-draagt-leiding-van-schneider-over-aan-peigne\\\/\"]}]},{\"@type\":\"ImageObject\",\"inLanguage\":\"nl-NL\",\"@id\":\"https:\\\/\\\/swisstrans.info\\\/nl\\\/2026\\\/04\\\/30\\\/strebel-draagt-leiding-van-schneider-over-aan-peigne\\\/#primaryimage\",\"url\":\"https:\\\/\\\/swisstrans.info\\\/wp-content\\\/uploads\\\/sites\\\/8\\\/2026\\\/04\\\/Andre-Eric_Schneider-Group-1024x929-1-aspect-ratio-1400-788.jpg\",\"contentUrl\":\"https:\\\/\\\/swisstrans.info\\\/wp-content\\\/uploads\\\/sites\\\/8\\\/2026\\\/04\\\/Andre-Eric_Schneider-Group-1024x929-1-aspect-ratio-1400-788.jpg\",\"width\":1024,\"height\":576},{\"@type\":\"BreadcrumbList\",\"@id\":\"https:\\\/\\\/swisstrans.info\\\/nl\\\/2026\\\/04\\\/30\\\/strebel-draagt-leiding-van-schneider-over-aan-peigne\\\/#breadcrumb\",\"itemListElement\":[{\"@type\":\"ListItem\",\"position\":1,\"name\":\"Startseite\",\"item\":\"https:\\\/\\\/swisstrans.info\\\/nl\\\/\"},{\"@type\":\"ListItem\",\"position\":2,\"name\":\"Strebel draagt leiding van Schneider over aan Peign\u00e9\"}]},{\"@type\":\"WebSite\",\"@id\":\"https:\\\/\\\/swisstrans.info\\\/nl\\\/#website\",\"url\":\"https:\\\/\\\/swisstrans.info\\\/nl\\\/\",\"name\":\"Swisstrans\",\"description\":\"Swisstrans is een sinds 2002 bestaand informatieplatform voor transport en logistiek in Zwitserland en verbindt verladers met aanbieders van producten en diensten.\",\"publisher\":{\"@id\":\"https:\\\/\\\/swisstrans.info\\\/nl\\\/#organization\"},\"potentialAction\":[{\"@type\":\"SearchAction\",\"target\":{\"@type\":\"EntryPoint\",\"urlTemplate\":\"https:\\\/\\\/swisstrans.info\\\/nl\\\/?s={search_term_string}\"},\"query-input\":{\"@type\":\"PropertyValueSpecification\",\"valueRequired\":true,\"valueName\":\"search_term_string\"}}],\"inLanguage\":\"nl-NL\"},{\"@type\":\"Organization\",\"@id\":\"https:\\\/\\\/swisstrans.info\\\/nl\\\/#organization\",\"name\":\"Logismedia Groep AG\",\"alternateName\":\"Logismedia Group AG\",\"url\":\"https:\\\/\\\/swisstrans.info\\\/nl\\\/\",\"logo\":{\"@type\":\"ImageObject\",\"inLanguage\":\"nl-NL\",\"@id\":\"https:\\\/\\\/swisstrans.info\\\/nl\\\/#\\\/schema\\\/logo\\\/image\\\/\",\"url\":\"https:\\\/\\\/swisstrans.info\\\/wp-content\\\/uploads\\\/sites\\\/8\\\/2026\\\/01\\\/swisstrans_logo.png\",\"contentUrl\":\"https:\\\/\\\/swisstrans.info\\\/wp-content\\\/uploads\\\/sites\\\/8\\\/2026\\\/01\\\/swisstrans_logo.png\",\"width\":823,\"height\":164,\"caption\":\"Logismedia Groep AG\"},\"image\":{\"@id\":\"https:\\\/\\\/swisstrans.info\\\/nl\\\/#\\\/schema\\\/logo\\\/image\\\/\"},\"sameAs\":[\"https:\\\/\\\/www.linkedin.com\\\/showcase\\\/swisstrans-info\\\/\"]},{\"@type\":\"Person\",\"@id\":\"https:\\\/\\\/swisstrans.info\\\/nl\\\/#\\\/schema\\\/person\\\/cf538b3157f15afd7589245a4b3dbd25\",\"name\":\"Andreas Haug\",\"url\":\"https:\\\/\\\/swisstrans.info\\\/nl\\\/author\\\/andreas\\\/\"}]}<\/script>\n<!-- \/ Yoast SEO plugin. -->","yoast_head_json":{"title":"Strebel draagt leiding van Schneider over aan Peign\u00e9 - Swisstrans","robots":{"index":"index","follow":"follow","max-snippet":"max-snippet:-1","max-image-preview":"max-image-preview:large","max-video-preview":"max-video-preview:-1"},"canonical":"https:\/\/swisstrans.info\/nl\/2026\/04\/30\/strebel-draagt-leiding-van-schneider-over-aan-peigne\/","og_locale":"nl_NL","og_type":"article","og_title":"Strebel draagt leiding van Schneider over aan Peign\u00e9 - Swisstrans","og_description":"Andr\u00e9 Strebel draagt op 1 juli 2026 de operationele leiding van de Schneider Group over aan \u00c9ric Peign\u00e9, die uitgebreide ervaring in de logistieke sector meebrengt.","og_url":"https:\/\/swisstrans.info\/nl\/2026\/04\/30\/strebel-draagt-leiding-van-schneider-over-aan-peigne\/","og_site_name":"Swisstrans","article_published_time":"2026-04-30T10:16:04+00:00","article_modified_time":"2026-04-30T10:26:37+00:00","og_image":[{"width":1024,"height":576,"url":"https:\/\/swisstrans.info\/wp-content\/uploads\/sites\/8\/2026\/04\/Andre-Eric_Schneider-Group-1024x929-1-aspect-ratio-1400-788.jpg","type":"image\/jpeg"}],"author":"Andreas Haug","twitter_card":"summary_large_image","twitter_misc":{"Geschreven door":"Andreas Haug","Geschatte leestijd":"1 minuut"},"schema":{"@context":"https:\/\/schema.org","@graph":[{"@type":"Article","@id":"https:\/\/swisstrans.info\/nl\/2026\/04\/30\/strebel-draagt-leiding-van-schneider-over-aan-peigne\/#article","isPartOf":{"@id":"https:\/\/swisstrans.info\/nl\/2026\/04\/30\/strebel-draagt-leiding-van-schneider-over-aan-peigne\/"},"author":{"name":"Andreas Haug","@id":"https:\/\/swisstrans.info\/nl\/#\/schema\/person\/cf538b3157f15afd7589245a4b3dbd25"},"headline":"Strebel draagt leiding van Schneider over aan Peign\u00e9","datePublished":"2026-04-30T10:16:04+00:00","dateModified":"2026-04-30T10:26:37+00:00","mainEntityOfPage":{"@id":"https:\/\/swisstrans.info\/nl\/2026\/04\/30\/strebel-draagt-leiding-van-schneider-over-aan-peigne\/"},"wordCount":227,"commentCount":0,"publisher":{"@id":"https:\/\/swisstrans.info\/nl\/#organization"},"image":{"@id":"https:\/\/swisstrans.info\/nl\/2026\/04\/30\/strebel-draagt-leiding-van-schneider-over-aan-peigne\/#primaryimage"},"thumbnailUrl":"https:\/\/swisstrans.info\/wp-content\/uploads\/sites\/8\/2026\/04\/Andre-Eric_Schneider-Group-1024x929-1-aspect-ratio-1400-788.jpg","keywords":["Andr\u00e9 Strebel","augmentation de la part de march\u00e9","Bollor\u00e9","CEVA Logistics","corporate leadership","croissance par acquisitions","Deutsch Schneider Group","digital transformation","digitale Transformation","direction d'entreprise","\u00e9conomie du transport","\u00c9ric Peign\u00e9","Fachkr\u00e4ftemangel in der Logistik","gestion de la cha\u00eene d'approvisionnement","growth through acquisitions","Hafenbetrieb","increasing market share","international freight forwarding","international presence","internationale Pr\u00e4senz","internationale Spedition","Kuehne + Nagel","logistics industry","logistics service providers","Logistikbranche","Logistikdienstleister","logistique durable","Marktanteil steigern","nachhaltige Logistik","op\u00e9rations portuaires","orientation strat\u00e9gique","p\u00e9nurie de main-d'\u0153uvre dans la logistique","port operations","pr\u00e9sence internationale","prestataires de services logistiques","secteur logistique","strategic direction","strategische Ausrichtung","Supply Chain Management","sustainable logistics","transformation num\u00e9rique","transport economy Fran\u00e7ais Schneider Group","transport international","Transportwirtschaft English Schneider Group","Unternehmensf\u00fchrung","Wachstum durch Akquisitionen","workforce shortage in logistics"],"articleSection":["Europa","Logistik &amp; Spedition","Mensen &amp; Bedrijven","Zwitserland"],"inLanguage":"nl-NL","potentialAction":[{"@type":"CommentAction","name":"Comment","target":["https:\/\/swisstrans.info\/nl\/2026\/04\/30\/strebel-draagt-leiding-van-schneider-over-aan-peigne\/#respond"]}]},{"@type":"WebPage","@id":"https:\/\/swisstrans.info\/nl\/2026\/04\/30\/strebel-draagt-leiding-van-schneider-over-aan-peigne\/","url":"https:\/\/swisstrans.info\/nl\/2026\/04\/30\/strebel-draagt-leiding-van-schneider-over-aan-peigne\/","name":"Strebel draagt leiding van Schneider over aan Peign\u00e9 - Swisstrans","isPartOf":{"@id":"https:\/\/swisstrans.info\/nl\/#website"},"primaryImageOfPage":{"@id":"https:\/\/swisstrans.info\/nl\/2026\/04\/30\/strebel-draagt-leiding-van-schneider-over-aan-peigne\/#primaryimage"},"image":{"@id":"https:\/\/swisstrans.info\/nl\/2026\/04\/30\/strebel-draagt-leiding-van-schneider-over-aan-peigne\/#primaryimage"},"thumbnailUrl":"https:\/\/swisstrans.info\/wp-content\/uploads\/sites\/8\/2026\/04\/Andre-Eric_Schneider-Group-1024x929-1-aspect-ratio-1400-788.jpg","datePublished":"2026-04-30T10:16:04+00:00","dateModified":"2026-04-30T10:26:37+00:00","breadcrumb":{"@id":"https:\/\/swisstrans.info\/nl\/2026\/04\/30\/strebel-draagt-leiding-van-schneider-over-aan-peigne\/#breadcrumb"},"inLanguage":"nl-NL","potentialAction":[{"@type":"ReadAction","target":["https:\/\/swisstrans.info\/nl\/2026\/04\/30\/strebel-draagt-leiding-van-schneider-over-aan-peigne\/"]}]},{"@type":"ImageObject","inLanguage":"nl-NL","@id":"https:\/\/swisstrans.info\/nl\/2026\/04\/30\/strebel-draagt-leiding-van-schneider-over-aan-peigne\/#primaryimage","url":"https:\/\/swisstrans.info\/wp-content\/uploads\/sites\/8\/2026\/04\/Andre-Eric_Schneider-Group-1024x929-1-aspect-ratio-1400-788.jpg","contentUrl":"https:\/\/swisstrans.info\/wp-content\/uploads\/sites\/8\/2026\/04\/Andre-Eric_Schneider-Group-1024x929-1-aspect-ratio-1400-788.jpg","width":1024,"height":576},{"@type":"BreadcrumbList","@id":"https:\/\/swisstrans.info\/nl\/2026\/04\/30\/strebel-draagt-leiding-van-schneider-over-aan-peigne\/#breadcrumb","itemListElement":[{"@type":"ListItem","position":1,"name":"Startseite","item":"https:\/\/swisstrans.info\/nl\/"},{"@type":"ListItem","position":2,"name":"Strebel draagt leiding van Schneider over aan Peign\u00e9"}]},{"@type":"WebSite","@id":"https:\/\/swisstrans.info\/nl\/#website","url":"https:\/\/swisstrans.info\/nl\/","name":"Swisstrans","description":"Swisstrans is een sinds 2002 bestaand informatieplatform voor transport en logistiek in Zwitserland en verbindt verladers met aanbieders van producten en diensten.","publisher":{"@id":"https:\/\/swisstrans.info\/nl\/#organization"},"potentialAction":[{"@type":"SearchAction","target":{"@type":"EntryPoint","urlTemplate":"https:\/\/swisstrans.info\/nl\/?s={search_term_string}"},"query-input":{"@type":"PropertyValueSpecification","valueRequired":true,"valueName":"search_term_string"}}],"inLanguage":"nl-NL"},{"@type":"Organization","@id":"https:\/\/swisstrans.info\/nl\/#organization","name":"Logismedia Groep AG","alternateName":"Logismedia Group AG","url":"https:\/\/swisstrans.info\/nl\/","logo":{"@type":"ImageObject","inLanguage":"nl-NL","@id":"https:\/\/swisstrans.info\/nl\/#\/schema\/logo\/image\/","url":"https:\/\/swisstrans.info\/wp-content\/uploads\/sites\/8\/2026\/01\/swisstrans_logo.png","contentUrl":"https:\/\/swisstrans.info\/wp-content\/uploads\/sites\/8\/2026\/01\/swisstrans_logo.png","width":823,"height":164,"caption":"Logismedia Groep AG"},"image":{"@id":"https:\/\/swisstrans.info\/nl\/#\/schema\/logo\/image\/"},"sameAs":["https:\/\/www.linkedin.com\/showcase\/swisstrans-info\/"]},{"@type":"Person","@id":"https:\/\/swisstrans.info\/nl\/#\/schema\/person\/cf538b3157f15afd7589245a4b3dbd25","name":"Andreas Haug","url":"https:\/\/swisstrans.info\/nl\/author\/andreas\/"}]}},"_links":{"self":[{"href":"https:\/\/swisstrans.info\/nl\/wp-json\/wp\/v2\/posts\/100953","targetHints":{"allow":["GET"]}}],"collection":[{"href":"https:\/\/swisstrans.info\/nl\/wp-json\/wp\/v2\/posts"}],"about":[{"href":"https:\/\/swisstrans.info\/nl\/wp-json\/wp\/v2\/types\/post"}],"author":[{"embeddable":true,"href":"https:\/\/swisstrans.info\/nl\/wp-json\/wp\/v2\/users\/12"}],"replies":[{"embeddable":true,"href":"https:\/\/swisstrans.info\/nl\/wp-json\/wp\/v2\/comments?post=100953"}],"version-history":[{"count":4,"href":"https:\/\/swisstrans.info\/nl\/wp-json\/wp\/v2\/posts\/100953\/revisions"}],"predecessor-version":[{"id":100981,"href":"https:\/\/swisstrans.info\/nl\/wp-json\/wp\/v2\/posts\/100953\/revisions\/100981"}],"wp:featuredmedia":[{"embeddable":true,"href":"https:\/\/swisstrans.info\/nl\/wp-json\/wp\/v2\/media\/100947"}],"wp:attachment":[{"href":"https:\/\/swisstrans.info\/nl\/wp-json\/wp\/v2\/media?parent=100953"}],"wp:term":[{"taxonomy":"category","embeddable":true,"href":"https:\/\/swisstrans.info\/nl\/wp-json\/wp\/v2\/categories?post=100953"},{"taxonomy":"post_tag","embeddable":true,"href":"https:\/\/swisstrans.info\/nl\/wp-json\/wp\/v2\/tags?post=100953"}],"curies":[{"name":"wp","href":"https:\/\/api.w.org\/{rel}","templated":true}]}}