{"id":100989,"date":"2026-04-30T12:27:47","date_gmt":"2026-04-30T12:27:47","guid":{"rendered":"https:\/\/swisstrans.info\/2026\/04\/30\/elektrisch-afval-terug-naar-zwitserland\/"},"modified":"2026-04-30T14:40:01","modified_gmt":"2026-04-30T12:40:01","slug":"elektrisch-afval-terug-naar-zwitserland","status":"publish","type":"post","link":"https:\/\/swisstrans.info\/nl\/2026\/04\/30\/elektrisch-afval-terug-naar-zwitserland\/","title":{"rendered":"Elektrisch afval terug naar Zwitserland"},"content":{"rendered":"<p>Am Duitse douanekantoor Konstanz-Autobahn zijn op 8 april 2026 twee pogingen tot illegale invoer van meer dan een ton elektronisch afval gestopt. De zendingen, die in totaal meer dan 1.000 kg wogen, waren zonder de vereiste vergunning naar Duitsland ge\u00efmporteerd. De totale waarde van de twee zendingen bedroeg meer dan 400.000 EUR.<\/p>\n<p>De zendingen, die als homogeen afval waren gedeclareerd, zouden naar een recyclingbedrijf in Beieren worden geleverd. Bij de controle van de goederen uitten de douanebeambten twijfels over de opgegeven vergunningvrijheid. Het afval bestond uit elektronica die stevig met kunststofdelen was verbonden, wat een vergunning vereiste. Als gevolg hiervan werden de bevoegde toezichthoudende autoriteiten ingeschakeld, die de verdenking bevestigden: Voor de invoer was een afvalrechtelijke notificatie absoluut noodzakelijk geweest.<\/p>\n<p>Aangezien het verantwoordelijke bedrijf de vereiste documenten niet kon overleggen, werd de illegale afvalverplaatsing vastgesteld. De zendingen werden daarop teruggestuurd naar Zwitserland.<\/p>\n<h3>Rol van de douane<\/h3>\n<p>De controle op de naleving van de afvalrechtelijke bepalingen ligt in Duitsland bij de afvalautoriteiten van de deelstaten. De douane ondersteunt deze autoriteiten door, in het kader van de afhandeling en controle van grensoverschrijdend vervoer, de naleving van Verordening (EG) nr. 1013\/2006 en de Wet op de afvalverplaatsing te controleren. Deze maatregelen maken deel uit van de inspanningen om illegale afvaltransporten te voorkomen en het milieu te beschermen.<\/p>\n<p>&nbsp;<\/p>\n<p><a href=\"https:\/\/www.zoll.de\/\" target=\"_blank\" rel=\"noopener noreferrer\">www.zoll.de<\/a><\/p>\n<p>&nbsp;<\/p>\n","protected":false},"excerpt":{"rendered":"<p>Bij het douanekantoor Konstanz-snelweg werden op 8 april 2026 twee illegale invoeren van meer dan \u00e9\u00e9n ton elektrisch afval ter waarde van meer dan 400.000 EUR gestopt.<\/p>\n","protected":false},"author":12,"featured_media":100983,"comment_status":"open","ping_status":"open","sticky":false,"template":"","format":"standard","meta":{"_acf_changed":false,"footnotes":""},"categories":[6740,7335,6742,6893,6369],"tags":[10058,10059,10060,10061,10062,10063,10064,10065,10066,10067,8274,10068,10069,10070,10071,10072,10073,10074,10075,10076,10077,10078,10079,10080,10081,10082,10083,10084,10085,10086,10087,8292,10088,10089,8293,10090,10091,10092,10093,10094,10095,10096,10097,10098,10099,10100,10101,10102,10103,10104,10105,10106,10107,10108,10109,10110,8320,10111],"class_list":["post-100989","post","type-post","status-publish","format-standard","has-post-thumbnail","hentry","category-bahn-binnenschifffahrt-strasse","category-deutschland","category-europa","category-logistik-spedition","category-zwitserland","tag-abfallbehoerden-deutschland","tag-abfallrechtliche-notifizierung","tag-abfallverbringungsgesetz","tag-abfallverordnung","tag-abfallverwertung","tag-abfallwirtschaft-schweiz","tag-administration-douaniere","tag-autorites-des-dechets-allemagne","tag-cross-border-transport","tag-customs-administration-francais-dechets-electroniques","tag-customs-inspection","tag-customs-konstanz","tag-dechets-electroniques","tag-deutsch-elektroschrott","tag-douane-konstanz","tag-droit-environnemental-et-des-dechets","tag-electronic-scrap","tag-electronic-waste-permit","tag-electronic-waste-return","tag-elektronikabfaelle","tag-elektroschrott-rueckfuehrung","tag-elimination-durable","tag-entreprise-de-recyclage-baviere","tag-environmental-and-waste-law","tag-environmental-protection-measures","tag-exigence-de-notification-des-dechets","tag-genehmigung-elektroschrott","tag-gestion-des-dechets-suisse","tag-grenzueberschreitende-transporte","tag-illegal-import","tag-illegal-waste-transport","tag-illegale-abfallverbringung","tag-illegale-einfuhr","tag-importation-illegale","tag-inspection-douaniere","tag-loi-sur-lexpedition-des-dechets","tag-mesures-de-protection-de-lenvironnement","tag-nachhaltige-entsorgung","tag-permis-de-dechets-electroniques","tag-recuperation-des-dechets","tag-recycling-company-bavaria","tag-recyclingunternehmen-bayern","tag-reglementation-des-dechets","tag-retour-des-dechets-electroniques","tag-sustainable-disposal","tag-transport-illegal-de-dechets","tag-transport-transfrontalier","tag-umwelt-und-abfallrecht","tag-umweltschutzmassnahmen","tag-waste-authorities-germany","tag-waste-management-switzerland","tag-waste-notification-requirement","tag-waste-recovery","tag-waste-regulation","tag-waste-shipment-law","tag-zoll-konstanz","tag-zollkontrolle","tag-zollverwaltung-english-electronic-waste"],"acf":[],"yoast_head":"<!-- This site is optimized with the Yoast SEO plugin v27.3 - https:\/\/yoast.com\/product\/yoast-seo-wordpress\/ -->\n<title>Elektrisch afval terug naar Zwitserland - Swisstrans<\/title>\n<meta name=\"robots\" content=\"index, follow, max-snippet:-1, max-image-preview:large, max-video-preview:-1\" \/>\n<link rel=\"canonical\" href=\"https:\/\/swisstrans.info\/nl\/2026\/04\/30\/elektrisch-afval-terug-naar-zwitserland\/\" \/>\n<meta property=\"og:locale\" content=\"nl_NL\" \/>\n<meta property=\"og:type\" content=\"article\" \/>\n<meta property=\"og:title\" content=\"Elektrisch afval terug naar Zwitserland - Swisstrans\" \/>\n<meta property=\"og:description\" content=\"Bij het douanekantoor Konstanz-snelweg werden op 8 april 2026 twee illegale invoeren van meer dan \u00e9\u00e9n ton elektrisch afval ter waarde van meer dan 400.000 EUR gestopt.\" \/>\n<meta property=\"og:url\" content=\"https:\/\/swisstrans.info\/nl\/2026\/04\/30\/elektrisch-afval-terug-naar-zwitserland\/\" \/>\n<meta property=\"og:site_name\" content=\"Swisstrans\" \/>\n<meta property=\"article:published_time\" content=\"2026-04-30T12:27:47+00:00\" \/>\n<meta property=\"article:modified_time\" content=\"2026-04-30T12:40:01+00:00\" \/>\n<meta property=\"og:image\" content=\"https:\/\/swisstrans.info\/wp-content\/uploads\/sites\/8\/2026\/04\/Zoll-elektroschrott_1.webp\" \/>\n\t<meta property=\"og:image:width\" content=\"976\" \/>\n\t<meta property=\"og:image:height\" content=\"549\" \/>\n\t<meta property=\"og:image:type\" content=\"image\/webp\" \/>\n<meta name=\"author\" content=\"Andreas Haug\" \/>\n<meta name=\"twitter:card\" content=\"summary_large_image\" \/>\n<meta name=\"twitter:label1\" content=\"Geschreven door\" \/>\n\t<meta name=\"twitter:data1\" content=\"Andreas Haug\" \/>\n\t<meta name=\"twitter:label2\" content=\"Geschatte leestijd\" \/>\n\t<meta name=\"twitter:data2\" content=\"1 minuut\" \/>\n<script type=\"application\/ld+json\" class=\"yoast-schema-graph\">{\"@context\":\"https:\\\/\\\/schema.org\",\"@graph\":[{\"@type\":\"Article\",\"@id\":\"https:\\\/\\\/swisstrans.info\\\/nl\\\/2026\\\/04\\\/30\\\/elektrisch-afval-terug-naar-zwitserland\\\/#article\",\"isPartOf\":{\"@id\":\"https:\\\/\\\/swisstrans.info\\\/nl\\\/2026\\\/04\\\/30\\\/elektrisch-afval-terug-naar-zwitserland\\\/\"},\"author\":{\"name\":\"Andreas Haug\",\"@id\":\"https:\\\/\\\/swisstrans.info\\\/nl\\\/#\\\/schema\\\/person\\\/cf538b3157f15afd7589245a4b3dbd25\"},\"headline\":\"Elektrisch afval terug naar Zwitserland\",\"datePublished\":\"2026-04-30T12:27:47+00:00\",\"dateModified\":\"2026-04-30T12:40:01+00:00\",\"mainEntityOfPage\":{\"@id\":\"https:\\\/\\\/swisstrans.info\\\/nl\\\/2026\\\/04\\\/30\\\/elektrisch-afval-terug-naar-zwitserland\\\/\"},\"wordCount\":220,\"commentCount\":0,\"publisher\":{\"@id\":\"https:\\\/\\\/swisstrans.info\\\/nl\\\/#organization\"},\"image\":{\"@id\":\"https:\\\/\\\/swisstrans.info\\\/nl\\\/2026\\\/04\\\/30\\\/elektrisch-afval-terug-naar-zwitserland\\\/#primaryimage\"},\"thumbnailUrl\":\"https:\\\/\\\/swisstrans.info\\\/wp-content\\\/uploads\\\/sites\\\/8\\\/2026\\\/04\\\/Zoll-elektroschrott_1.webp\",\"keywords\":[\"Abfallbeh\u00f6rden Deutschland\",\"abfallrechtliche Notifizierung\",\"Abfallverbringungsgesetz\",\"Abfallverordnung\",\"Abfallverwertung\",\"Abfallwirtschaft Schweiz\",\"administration douani\u00e8re\",\"autorit\u00e9s des d\u00e9chets Allemagne\",\"cross-border transport\",\"customs administration Fran\u00e7ais d\u00e9chets \u00e9lectroniques\",\"customs inspection\",\"customs Konstanz\",\"d\u00e9chets \u00e9lectroniques\",\"Deutsch Elektroschrott\",\"douane Konstanz\",\"droit environnemental et des d\u00e9chets\",\"electronic scrap\",\"electronic waste permit\",\"electronic waste return\",\"Elektronikabf\u00e4lle\",\"Elektroschrott R\u00fcckf\u00fchrung\",\"\u00e9limination durable\",\"entreprise de recyclage Bavi\u00e8re\",\"environmental and waste law\",\"environmental protection measures\",\"exigence de notification des d\u00e9chets\",\"Genehmigung Elektroschrott\",\"gestion des d\u00e9chets Suisse\",\"grenz\u00fcberschreitende Transporte\",\"illegal import\",\"illegal waste transport\",\"illegale Abfallverbringung\",\"illegale Einfuhr\",\"importation ill\u00e9gale\",\"inspection douani\u00e8re\",\"loi sur l'exp\u00e9dition des d\u00e9chets\",\"mesures de protection de l'environnement\",\"nachhaltige Entsorgung\",\"permis de d\u00e9chets \u00e9lectroniques\",\"r\u00e9cup\u00e9ration des d\u00e9chets\",\"recycling company Bavaria\",\"Recyclingunternehmen Bayern\",\"r\u00e9glementation des d\u00e9chets\",\"retour des d\u00e9chets \u00e9lectroniques\",\"sustainable disposal\",\"transport ill\u00e9gal de d\u00e9chets\",\"transport transfrontalier\",\"Umwelt- und Abfallrecht\",\"Umweltschutzma\u00dfnahmen\",\"waste authorities Germany\",\"waste management Switzerland\",\"waste notification requirement\",\"waste recovery\",\"waste regulation\",\"waste shipment law\",\"Zoll Konstanz\",\"Zollkontrolle\",\"Zollverwaltung English electronic waste\"],\"articleSection\":[\"Bahn \\\/ Binnenschifffahrt \\\/ Strasse\",\"Deutschland\",\"Europa\",\"Logistik &amp; Spedition\",\"Zwitserland\"],\"inLanguage\":\"nl-NL\",\"potentialAction\":[{\"@type\":\"CommentAction\",\"name\":\"Comment\",\"target\":[\"https:\\\/\\\/swisstrans.info\\\/nl\\\/2026\\\/04\\\/30\\\/elektrisch-afval-terug-naar-zwitserland\\\/#respond\"]}]},{\"@type\":\"WebPage\",\"@id\":\"https:\\\/\\\/swisstrans.info\\\/nl\\\/2026\\\/04\\\/30\\\/elektrisch-afval-terug-naar-zwitserland\\\/\",\"url\":\"https:\\\/\\\/swisstrans.info\\\/nl\\\/2026\\\/04\\\/30\\\/elektrisch-afval-terug-naar-zwitserland\\\/\",\"name\":\"Elektrisch afval terug naar Zwitserland - Swisstrans\",\"isPartOf\":{\"@id\":\"https:\\\/\\\/swisstrans.info\\\/nl\\\/#website\"},\"primaryImageOfPage\":{\"@id\":\"https:\\\/\\\/swisstrans.info\\\/nl\\\/2026\\\/04\\\/30\\\/elektrisch-afval-terug-naar-zwitserland\\\/#primaryimage\"},\"image\":{\"@id\":\"https:\\\/\\\/swisstrans.info\\\/nl\\\/2026\\\/04\\\/30\\\/elektrisch-afval-terug-naar-zwitserland\\\/#primaryimage\"},\"thumbnailUrl\":\"https:\\\/\\\/swisstrans.info\\\/wp-content\\\/uploads\\\/sites\\\/8\\\/2026\\\/04\\\/Zoll-elektroschrott_1.webp\",\"datePublished\":\"2026-04-30T12:27:47+00:00\",\"dateModified\":\"2026-04-30T12:40:01+00:00\",\"breadcrumb\":{\"@id\":\"https:\\\/\\\/swisstrans.info\\\/nl\\\/2026\\\/04\\\/30\\\/elektrisch-afval-terug-naar-zwitserland\\\/#breadcrumb\"},\"inLanguage\":\"nl-NL\",\"potentialAction\":[{\"@type\":\"ReadAction\",\"target\":[\"https:\\\/\\\/swisstrans.info\\\/nl\\\/2026\\\/04\\\/30\\\/elektrisch-afval-terug-naar-zwitserland\\\/\"]}]},{\"@type\":\"ImageObject\",\"inLanguage\":\"nl-NL\",\"@id\":\"https:\\\/\\\/swisstrans.info\\\/nl\\\/2026\\\/04\\\/30\\\/elektrisch-afval-terug-naar-zwitserland\\\/#primaryimage\",\"url\":\"https:\\\/\\\/swisstrans.info\\\/wp-content\\\/uploads\\\/sites\\\/8\\\/2026\\\/04\\\/Zoll-elektroschrott_1.webp\",\"contentUrl\":\"https:\\\/\\\/swisstrans.info\\\/wp-content\\\/uploads\\\/sites\\\/8\\\/2026\\\/04\\\/Zoll-elektroschrott_1.webp\",\"width\":976,\"height\":549},{\"@type\":\"BreadcrumbList\",\"@id\":\"https:\\\/\\\/swisstrans.info\\\/nl\\\/2026\\\/04\\\/30\\\/elektrisch-afval-terug-naar-zwitserland\\\/#breadcrumb\",\"itemListElement\":[{\"@type\":\"ListItem\",\"position\":1,\"name\":\"Startseite\",\"item\":\"https:\\\/\\\/swisstrans.info\\\/nl\\\/\"},{\"@type\":\"ListItem\",\"position\":2,\"name\":\"Elektrisch afval terug naar Zwitserland\"}]},{\"@type\":\"WebSite\",\"@id\":\"https:\\\/\\\/swisstrans.info\\\/nl\\\/#website\",\"url\":\"https:\\\/\\\/swisstrans.info\\\/nl\\\/\",\"name\":\"Swisstrans\",\"description\":\"Swisstrans is een sinds 2002 bestaand informatieplatform voor transport en logistiek in Zwitserland en verbindt verladers met aanbieders van producten en diensten.\",\"publisher\":{\"@id\":\"https:\\\/\\\/swisstrans.info\\\/nl\\\/#organization\"},\"potentialAction\":[{\"@type\":\"SearchAction\",\"target\":{\"@type\":\"EntryPoint\",\"urlTemplate\":\"https:\\\/\\\/swisstrans.info\\\/nl\\\/?s={search_term_string}\"},\"query-input\":{\"@type\":\"PropertyValueSpecification\",\"valueRequired\":true,\"valueName\":\"search_term_string\"}}],\"inLanguage\":\"nl-NL\"},{\"@type\":\"Organization\",\"@id\":\"https:\\\/\\\/swisstrans.info\\\/nl\\\/#organization\",\"name\":\"Logismedia Groep AG\",\"alternateName\":\"Logismedia Group AG\",\"url\":\"https:\\\/\\\/swisstrans.info\\\/nl\\\/\",\"logo\":{\"@type\":\"ImageObject\",\"inLanguage\":\"nl-NL\",\"@id\":\"https:\\\/\\\/swisstrans.info\\\/nl\\\/#\\\/schema\\\/logo\\\/image\\\/\",\"url\":\"https:\\\/\\\/swisstrans.info\\\/wp-content\\\/uploads\\\/sites\\\/8\\\/2026\\\/01\\\/swisstrans_logo.png\",\"contentUrl\":\"https:\\\/\\\/swisstrans.info\\\/wp-content\\\/uploads\\\/sites\\\/8\\\/2026\\\/01\\\/swisstrans_logo.png\",\"width\":823,\"height\":164,\"caption\":\"Logismedia Groep AG\"},\"image\":{\"@id\":\"https:\\\/\\\/swisstrans.info\\\/nl\\\/#\\\/schema\\\/logo\\\/image\\\/\"},\"sameAs\":[\"https:\\\/\\\/www.linkedin.com\\\/showcase\\\/swisstrans-info\\\/\"]},{\"@type\":\"Person\",\"@id\":\"https:\\\/\\\/swisstrans.info\\\/nl\\\/#\\\/schema\\\/person\\\/cf538b3157f15afd7589245a4b3dbd25\",\"name\":\"Andreas Haug\",\"url\":\"https:\\\/\\\/swisstrans.info\\\/nl\\\/author\\\/andreas\\\/\"}]}<\/script>\n<!-- \/ Yoast SEO plugin. -->","yoast_head_json":{"title":"Elektrisch afval terug naar Zwitserland - Swisstrans","robots":{"index":"index","follow":"follow","max-snippet":"max-snippet:-1","max-image-preview":"max-image-preview:large","max-video-preview":"max-video-preview:-1"},"canonical":"https:\/\/swisstrans.info\/nl\/2026\/04\/30\/elektrisch-afval-terug-naar-zwitserland\/","og_locale":"nl_NL","og_type":"article","og_title":"Elektrisch afval terug naar Zwitserland - Swisstrans","og_description":"Bij het douanekantoor Konstanz-snelweg werden op 8 april 2026 twee illegale invoeren van meer dan \u00e9\u00e9n ton elektrisch afval ter waarde van meer dan 400.000 EUR gestopt.","og_url":"https:\/\/swisstrans.info\/nl\/2026\/04\/30\/elektrisch-afval-terug-naar-zwitserland\/","og_site_name":"Swisstrans","article_published_time":"2026-04-30T12:27:47+00:00","article_modified_time":"2026-04-30T12:40:01+00:00","og_image":[{"width":976,"height":549,"url":"https:\/\/swisstrans.info\/wp-content\/uploads\/sites\/8\/2026\/04\/Zoll-elektroschrott_1.webp","type":"image\/webp"}],"author":"Andreas Haug","twitter_card":"summary_large_image","twitter_misc":{"Geschreven door":"Andreas Haug","Geschatte leestijd":"1 minuut"},"schema":{"@context":"https:\/\/schema.org","@graph":[{"@type":"Article","@id":"https:\/\/swisstrans.info\/nl\/2026\/04\/30\/elektrisch-afval-terug-naar-zwitserland\/#article","isPartOf":{"@id":"https:\/\/swisstrans.info\/nl\/2026\/04\/30\/elektrisch-afval-terug-naar-zwitserland\/"},"author":{"name":"Andreas Haug","@id":"https:\/\/swisstrans.info\/nl\/#\/schema\/person\/cf538b3157f15afd7589245a4b3dbd25"},"headline":"Elektrisch afval terug naar Zwitserland","datePublished":"2026-04-30T12:27:47+00:00","dateModified":"2026-04-30T12:40:01+00:00","mainEntityOfPage":{"@id":"https:\/\/swisstrans.info\/nl\/2026\/04\/30\/elektrisch-afval-terug-naar-zwitserland\/"},"wordCount":220,"commentCount":0,"publisher":{"@id":"https:\/\/swisstrans.info\/nl\/#organization"},"image":{"@id":"https:\/\/swisstrans.info\/nl\/2026\/04\/30\/elektrisch-afval-terug-naar-zwitserland\/#primaryimage"},"thumbnailUrl":"https:\/\/swisstrans.info\/wp-content\/uploads\/sites\/8\/2026\/04\/Zoll-elektroschrott_1.webp","keywords":["Abfallbeh\u00f6rden Deutschland","abfallrechtliche Notifizierung","Abfallverbringungsgesetz","Abfallverordnung","Abfallverwertung","Abfallwirtschaft Schweiz","administration douani\u00e8re","autorit\u00e9s des d\u00e9chets Allemagne","cross-border transport","customs administration Fran\u00e7ais d\u00e9chets \u00e9lectroniques","customs inspection","customs Konstanz","d\u00e9chets \u00e9lectroniques","Deutsch Elektroschrott","douane Konstanz","droit environnemental et des d\u00e9chets","electronic scrap","electronic waste permit","electronic waste return","Elektronikabf\u00e4lle","Elektroschrott R\u00fcckf\u00fchrung","\u00e9limination durable","entreprise de recyclage Bavi\u00e8re","environmental and waste law","environmental protection measures","exigence de notification des d\u00e9chets","Genehmigung Elektroschrott","gestion des d\u00e9chets Suisse","grenz\u00fcberschreitende Transporte","illegal import","illegal waste transport","illegale Abfallverbringung","illegale Einfuhr","importation ill\u00e9gale","inspection douani\u00e8re","loi sur l'exp\u00e9dition des d\u00e9chets","mesures de protection de l'environnement","nachhaltige Entsorgung","permis de d\u00e9chets \u00e9lectroniques","r\u00e9cup\u00e9ration des d\u00e9chets","recycling company Bavaria","Recyclingunternehmen Bayern","r\u00e9glementation des d\u00e9chets","retour des d\u00e9chets \u00e9lectroniques","sustainable disposal","transport ill\u00e9gal de d\u00e9chets","transport transfrontalier","Umwelt- und Abfallrecht","Umweltschutzma\u00dfnahmen","waste authorities Germany","waste management Switzerland","waste notification requirement","waste recovery","waste regulation","waste shipment law","Zoll Konstanz","Zollkontrolle","Zollverwaltung English electronic waste"],"articleSection":["Bahn \/ Binnenschifffahrt \/ Strasse","Deutschland","Europa","Logistik &amp; Spedition","Zwitserland"],"inLanguage":"nl-NL","potentialAction":[{"@type":"CommentAction","name":"Comment","target":["https:\/\/swisstrans.info\/nl\/2026\/04\/30\/elektrisch-afval-terug-naar-zwitserland\/#respond"]}]},{"@type":"WebPage","@id":"https:\/\/swisstrans.info\/nl\/2026\/04\/30\/elektrisch-afval-terug-naar-zwitserland\/","url":"https:\/\/swisstrans.info\/nl\/2026\/04\/30\/elektrisch-afval-terug-naar-zwitserland\/","name":"Elektrisch afval terug naar Zwitserland - Swisstrans","isPartOf":{"@id":"https:\/\/swisstrans.info\/nl\/#website"},"primaryImageOfPage":{"@id":"https:\/\/swisstrans.info\/nl\/2026\/04\/30\/elektrisch-afval-terug-naar-zwitserland\/#primaryimage"},"image":{"@id":"https:\/\/swisstrans.info\/nl\/2026\/04\/30\/elektrisch-afval-terug-naar-zwitserland\/#primaryimage"},"thumbnailUrl":"https:\/\/swisstrans.info\/wp-content\/uploads\/sites\/8\/2026\/04\/Zoll-elektroschrott_1.webp","datePublished":"2026-04-30T12:27:47+00:00","dateModified":"2026-04-30T12:40:01+00:00","breadcrumb":{"@id":"https:\/\/swisstrans.info\/nl\/2026\/04\/30\/elektrisch-afval-terug-naar-zwitserland\/#breadcrumb"},"inLanguage":"nl-NL","potentialAction":[{"@type":"ReadAction","target":["https:\/\/swisstrans.info\/nl\/2026\/04\/30\/elektrisch-afval-terug-naar-zwitserland\/"]}]},{"@type":"ImageObject","inLanguage":"nl-NL","@id":"https:\/\/swisstrans.info\/nl\/2026\/04\/30\/elektrisch-afval-terug-naar-zwitserland\/#primaryimage","url":"https:\/\/swisstrans.info\/wp-content\/uploads\/sites\/8\/2026\/04\/Zoll-elektroschrott_1.webp","contentUrl":"https:\/\/swisstrans.info\/wp-content\/uploads\/sites\/8\/2026\/04\/Zoll-elektroschrott_1.webp","width":976,"height":549},{"@type":"BreadcrumbList","@id":"https:\/\/swisstrans.info\/nl\/2026\/04\/30\/elektrisch-afval-terug-naar-zwitserland\/#breadcrumb","itemListElement":[{"@type":"ListItem","position":1,"name":"Startseite","item":"https:\/\/swisstrans.info\/nl\/"},{"@type":"ListItem","position":2,"name":"Elektrisch afval terug naar Zwitserland"}]},{"@type":"WebSite","@id":"https:\/\/swisstrans.info\/nl\/#website","url":"https:\/\/swisstrans.info\/nl\/","name":"Swisstrans","description":"Swisstrans is een sinds 2002 bestaand informatieplatform voor transport en logistiek in Zwitserland en verbindt verladers met aanbieders van producten en diensten.","publisher":{"@id":"https:\/\/swisstrans.info\/nl\/#organization"},"potentialAction":[{"@type":"SearchAction","target":{"@type":"EntryPoint","urlTemplate":"https:\/\/swisstrans.info\/nl\/?s={search_term_string}"},"query-input":{"@type":"PropertyValueSpecification","valueRequired":true,"valueName":"search_term_string"}}],"inLanguage":"nl-NL"},{"@type":"Organization","@id":"https:\/\/swisstrans.info\/nl\/#organization","name":"Logismedia Groep AG","alternateName":"Logismedia Group AG","url":"https:\/\/swisstrans.info\/nl\/","logo":{"@type":"ImageObject","inLanguage":"nl-NL","@id":"https:\/\/swisstrans.info\/nl\/#\/schema\/logo\/image\/","url":"https:\/\/swisstrans.info\/wp-content\/uploads\/sites\/8\/2026\/01\/swisstrans_logo.png","contentUrl":"https:\/\/swisstrans.info\/wp-content\/uploads\/sites\/8\/2026\/01\/swisstrans_logo.png","width":823,"height":164,"caption":"Logismedia Groep AG"},"image":{"@id":"https:\/\/swisstrans.info\/nl\/#\/schema\/logo\/image\/"},"sameAs":["https:\/\/www.linkedin.com\/showcase\/swisstrans-info\/"]},{"@type":"Person","@id":"https:\/\/swisstrans.info\/nl\/#\/schema\/person\/cf538b3157f15afd7589245a4b3dbd25","name":"Andreas Haug","url":"https:\/\/swisstrans.info\/nl\/author\/andreas\/"}]}},"_links":{"self":[{"href":"https:\/\/swisstrans.info\/nl\/wp-json\/wp\/v2\/posts\/100989","targetHints":{"allow":["GET"]}}],"collection":[{"href":"https:\/\/swisstrans.info\/nl\/wp-json\/wp\/v2\/posts"}],"about":[{"href":"https:\/\/swisstrans.info\/nl\/wp-json\/wp\/v2\/types\/post"}],"author":[{"embeddable":true,"href":"https:\/\/swisstrans.info\/nl\/wp-json\/wp\/v2\/users\/12"}],"replies":[{"embeddable":true,"href":"https:\/\/swisstrans.info\/nl\/wp-json\/wp\/v2\/comments?post=100989"}],"version-history":[{"count":1,"href":"https:\/\/swisstrans.info\/nl\/wp-json\/wp\/v2\/posts\/100989\/revisions"}],"predecessor-version":[{"id":100996,"href":"https:\/\/swisstrans.info\/nl\/wp-json\/wp\/v2\/posts\/100989\/revisions\/100996"}],"wp:featuredmedia":[{"embeddable":true,"href":"https:\/\/swisstrans.info\/nl\/wp-json\/wp\/v2\/media\/100983"}],"wp:attachment":[{"href":"https:\/\/swisstrans.info\/nl\/wp-json\/wp\/v2\/media?parent=100989"}],"wp:term":[{"taxonomy":"category","embeddable":true,"href":"https:\/\/swisstrans.info\/nl\/wp-json\/wp\/v2\/categories?post=100989"},{"taxonomy":"post_tag","embeddable":true,"href":"https:\/\/swisstrans.info\/nl\/wp-json\/wp\/v2\/tags?post=100989"}],"curies":[{"name":"wp","href":"https:\/\/api.w.org\/{rel}","templated":true}]}}