{"id":100210,"date":"2026-03-11T16:02:07","date_gmt":"2026-03-11T16:02:07","guid":{"rendered":"https:\/\/swisstrans.info\/2026\/03\/11\/sbb-cargo-continua-a-ser-a-preocupacao-em-2025-apesar-da-transformacao\/"},"modified":"2026-03-11T16:02:07","modified_gmt":"2026-03-11T16:02:07","slug":"sbb-cargo-continua-a-ser-a-preocupacao-em-2025-apesar-da-transformacao","status":"publish","type":"post","link":"https:\/\/swisstrans.info\/pt-pt\/2026\/03\/11\/sbb-cargo-continua-a-ser-a-preocupacao-em-2025-apesar-da-transformacao\/","title":{"rendered":"SBB Cargo continua a ser a preocupa\u00e7\u00e3o em 2025, apesar da transforma\u00e7\u00e3o"},"content":{"rendered":"<p>A SBB registrou em 2025 um aumento no n\u00famero di\u00e1rio de passageiros. Com 1,43 milh\u00f5es de passageiros por dia, o n\u00famero supera os 1,39 milh\u00f5es de 2024. Este desenvolvimento no transporte de passageiros resultou em receitas mais altas. Ao mesmo tempo, no entanto, os custos operacionais e de manuten\u00e7\u00e3o, bem como o consumo de energia, tamb\u00e9m aumentaram. Em contraste, as receitas do transporte de mercadorias diminu\u00edram. Este continua a ser um ponto problem\u00e1tico, apesar da transforma\u00e7\u00e3o. A SBB Immobilien, no entanto, conseguiu obter um resultado s\u00f3lido.<\/p>\n<h3>Resultado anual e efeitos extraordin\u00e1rios<\/h3>\n<p>O resultado anual da SBB \u00e9 de 496 milh\u00f5es de francos, o que representa um aumento significativo em compara\u00e7\u00e3o com os 275 milh\u00f5es de francos do ano anterior. No entanto, cerca da metade desse valor \u00e9 atribu\u00edda a efeitos extraordin\u00e1rios, que resultam principalmente de uma redu\u00e7\u00e3o da obriga\u00e7\u00e3o previdenci\u00e1ria. Esses efeitos extraordin\u00e1rios n\u00e3o t\u00eam impacto na d\u00edvida, que atualmente \u00e9 de 11,3 bilh\u00f5es de francos, ap\u00f3s ter sido de 12,1 bilh\u00f5es de francos no ano anterior.<\/p>\n<h3>SBB Cargo continua a ser um desafio<\/h3>\n<p>A SBB enfrenta o desafio de financiar os investimentos necess\u00e1rios em material rodante e instala\u00e7\u00f5es de energia com recursos pr\u00f3prios. Para possibilitar esses investimentos, um lucro operacional anual de cerca de 500 milh\u00f5es de francos \u00e9 considerado necess\u00e1rio.<\/p>\n<p data-start=\"298\" data-end=\"572\">O transporte de mercadorias continua a ser um dos maiores desafios dentro do grupo SBB. Enquanto o transporte de passageiros continua a se beneficiar do aumento no n\u00famero de passageiros, a SBB Cargo est\u00e1 sob press\u00e3o econ\u00f4mica e se encontra em uma fase de transforma\u00e7\u00e3o profunda.<\/p>\n<p data-start=\"621\" data-end=\"1054\">A SBB Cargo \u00e9 o principal fornecedor no transporte ferrovi\u00e1rio de mercadorias na Su\u00ed\u00e7a. Diariamente, os trens de carga transportam cerca de 170.000 toneladas de mercadorias pela Su\u00ed\u00e7a. Assim, a ferrovia assume cerca de um s\u00e9timo do transporte nacional de mercadorias e alivia as estradas em cerca de 15.000 viagens de caminh\u00e3o diariamente. Ao mesmo tempo, o transporte ferrovi\u00e1rio permite uma economia de CO\u2082 de cerca de 80% em compara\u00e7\u00e3o com o transporte rodovi\u00e1rio.<\/p>\n<p data-start=\"1056\" data-end=\"1466\">A empresa atende a diferentes segmentos de transporte. Isso inclui trens completos, o transporte combinado com cont\u00eaineres e semirreboques, bem como o transporte de carga unit\u00e1ria (EWLV), onde vag\u00f5es individuais s\u00e3o agrupados em trens atrav\u00e9s de esta\u00e7\u00f5es de manobra. Este \u00faltimo \u00e9 tradicionalmente considerado especialmente importante para o abastecimento da ind\u00fastria, mas tamb\u00e9m \u00e9 o segmento economicamente mais desafiador.<\/p>\n<p data-start=\"1499\" data-end=\"1716\">No transporte de carga unit\u00e1ria, a SBB Cargo transporta anualmente cerca de 11 milh\u00f5es de toneladas de mercadorias com mais de meio milh\u00e3o de vag\u00f5es. Os clientes v\u00eam de setores como qu\u00edmica, constru\u00e7\u00e3o, a\u00e7o, alimentos ou madeira.<\/p>\n<p data-start=\"1718\" data-end=\"1927\">No entanto, o desempenho do transporte \u00e9 dependente do ciclo econ\u00f4mico. Uma demanda industrial mais fraca, bem como mudan\u00e7as estruturais na log\u00edstica, levaram recentemente a uma diminui\u00e7\u00e3o nas quantidades no transporte interno e de tr\u00e2nsito.<\/p>\n<p data-start=\"1929\" data-end=\"2224\">Al\u00e9m do transporte nacional, a SBB Cargo, atrav\u00e9s da subsidi\u00e1ria <span class=\"hover:entity-accent entity-underline inline cursor-pointer align-baseline\"><span class=\"whitespace-normal\">SBB Cargo International<\/span><\/span>, tamb\u00e9m realiza transportes internacionais de mercadorias por via ferrovi\u00e1ria. Enquanto essa \u00e1rea volta a ser lucrativa, o transporte interno su\u00ed\u00e7o continua a ser o principal desafio econ\u00f4mico.<\/p>\n<h2 data-section-id=\"16im8ij\" data-start=\"2226\" data-end=\"2254\">Situa\u00e7\u00e3o econ\u00f4mica<\/h2>\n<p data-start=\"2256\" data-end=\"2639\">No exerc\u00edcio de 2024, <span class=\"hover:entity-accent entity-underline inline cursor-pointer align-baseline\"><span class=\"whitespace-normal\">SBB Cargo<\/span><\/span> registrou um preju\u00edzo de cerca de 76 milh\u00f5es de francos. Tamb\u00e9m no exerc\u00edcio atual, a situa\u00e7\u00e3o permanece tensa. Observadores do setor acreditam que o d\u00e9ficit em 2025 pode chegar a cerca de 100 milh\u00f5es de francos, caso os problemas estruturais no transporte de mercadorias n\u00e3o sejam rapidamente resolvidos.<\/p>\n<p data-start=\"2641\" data-end=\"2806\">O governo, como propriet\u00e1rio, espera, no entanto, que o transporte de mercadorias seja operado de forma economicamente sustent\u00e1vel a longo prazo, uma vez que n\u00e3o \u00e9 considerado um setor cl\u00e1ssico de servi\u00e7o p\u00fablico.<\/p>\n<p data-start=\"2808\" data-end=\"3039\">As dificuldades financeiras est\u00e3o principalmente relacionadas a tr\u00eas fatores: o d\u00e9ficit estrutural no transporte de carga unit\u00e1ria, a forte concorr\u00eancia com o transporte rodovi\u00e1rio e as quantidades de transporte mais fracas devido ao ciclo econ\u00f4mico.<\/p>\n<p data-start=\"3041\" data-end=\"3160\">Para reduzir os custos, j\u00e1 foram eliminados postos de trabalho. No total, a SBB Cargo emprega cerca de 2.250 colaboradores.<\/p>\n<p data-start=\"3194\" data-end=\"3426\">Em resposta \u00e0s perdas cont\u00ednuas, a SBB est\u00e1 trabalhando em uma reestrutura\u00e7\u00e3o abrangente do transporte de mercadorias. O objetivo \u00e9 tornar o sistema mais eficiente e adaptar a produ\u00e7\u00e3o \u00e0 demanda real.<\/p>\n<p data-start=\"3428\" data-end=\"3629\">O foco est\u00e1 especialmente na moderniza\u00e7\u00e3o do transporte de carga unit\u00e1ria, na expans\u00e3o de trens completos eficientes e em uma maior integra\u00e7\u00e3o do transporte ferrovi\u00e1rio e rodovi\u00e1rio no transporte combinado.<\/p>\n<p data-start=\"3631\" data-end=\"3770\">Uma parte dessa estrat\u00e9gia \u00e9 o conceito &#8222;Suisse Cargo Logistics&#8220;, que visa estabilizar economicamente o transporte de mercadorias a longo prazo.<\/p>\n<p data-start=\"3785\" data-end=\"4072\">A SBB Cargo est\u00e1, portanto, em um ponto de virada. Por um lado, o transporte ferrovi\u00e1rio de mercadorias continua a ser uma parte central da log\u00edstica su\u00ed\u00e7a e desempenha um papel importante na prote\u00e7\u00e3o clim\u00e1tica e na mudan\u00e7a modal. Por outro lado, a crescente press\u00e3o competitiva exige ajustes estruturais.<\/p>\n<p data-start=\"4074\" data-end=\"4266\">Se a transforma\u00e7\u00e3o for bem-sucedida, ser\u00e1 decisivo para saber se o transporte ferrovi\u00e1rio de mercadorias na Su\u00ed\u00e7a pode manter seu papel como a espinha dorsal de uma pol\u00edtica de transporte sustent\u00e1vel a longo prazo.<\/p>\n<h3 data-start=\"4074\" data-end=\"4266\"><a href=\"http:\/\/Die genauen Gesch\u00e4ftszahlen finden Sie auf der\" target=\"_blank\" rel=\"noopener noreferrer\"><strong>Aqui est\u00e1 o relat\u00f3rio anual<\/strong><\/a><\/h3>\n","protected":false},"excerpt":{"rendered":"<p>A SBB registou em 2025 um aumento no n\u00famero de passageiros para 1,43 milh\u00f5es por dia e alcan\u00e7ou um resultado anual de 496 milh\u00f5es de francos.<\/p>\n","protected":false},"author":7,"featured_media":100205,"comment_status":"open","ping_status":"open","sticky":false,"template":"","format":"standard","meta":{"_acf_changed":false,"footnotes":""},"categories":[6740,6742,7588,6365],"tags":[7839,7840,7841,7842,7843,7844,7845,7846,6947,2115,2116,7847,7848,7849,7850,7851,7852,7853,6835,2125,7854,7855,7856,7857,7858,2133,1831,7859,7860,7861,3157,7862,7863,7864,7865,7866,2148,2193,6976,7867,7868,7869,1916,7870,7871,7872,7873,7874,7875,6861,3125,2155,7876,1837,7877,7878],"class_list":["post-100210","post","type-post","status-publish","format-standard","has-post-thumbnail","hentry","category-bahn-binnenschifffahrt-strasse","category-europa","category-finanzberichte","category-suica","tag-betriebs-und-instandhaltungskosten","tag-changements-structurels-logistique","tag-co-savings-rail","tag-co-einsparung-schiene","tag-combined-transport","tag-consommation-denergie","tag-couts-dexploitation-et-de-maintenance","tag-defis-economiques","tag-deutsch-sbb-cargo","tag-digitalisierung-in-der-logistik","tag-digitalization-in-logistics","tag-economic-challenges","tag-economies-de-co-rail","tag-einzelwagenladungsverkehr","tag-energieaufwand","tag-energy-expenditure","tag-fachkraeftemangel-im-transport","tag-goods-transport-switzerland","tag-guetertransport-schweiz","tag-industrie-du-transport","tag-investissements-dans-le-materiel-roulant","tag-investitionen-in-rollmaterial","tag-investments-in-rolling-stock","tag-kombinierter-verkehr","tag-labor-shortage-in-transport","tag-logistics-service-providers","tag-logistikdienstleister","tag-market-share-freight-transport","tag-marktanteil-gueterverkehr","tag-nachhaltige-transportpolitik","tag-numerisation-dans-la-logistique","tag-operating-and-maintenance-costs","tag-part-de-marche-transport-de-marchandises","tag-penurie-de-main-doeuvre-dans-le-transport","tag-performance-de-transport","tag-politique-de-transport-durable","tag-prestataires-de-services-logistiques","tag-rail-freight-transport","tag-sbb-cargo-international","tag-sbb-immobilien","tag-sbb-immobilier","tag-sbb-real-estate","tag-schienengueterverkehr","tag-single-wagon-load-traffic","tag-structural-changes-logistics-francais-sbb-cargo","tag-strukturelle-veraenderungen-logistik-english-sbb-cargo","tag-sustainable-transport-policy","tag-trafic-de-wagons-isoles","tag-transport-combine","tag-transport-de-marchandises-suisse","tag-transport-ferroviaire-de-marchandises","tag-transport-industry","tag-transport-performance","tag-transportwirtschaft","tag-verkehrsleistung","tag-wirtschaftliche-herausforderungen"],"acf":[],"yoast_head":"<!-- This site is optimized with the Yoast SEO plugin v27.3 - https:\/\/yoast.com\/product\/yoast-seo-wordpress\/ -->\n<title>SBB Cargo continua a ser a preocupa\u00e7\u00e3o em 2025, apesar da transforma\u00e7\u00e3o - Swisstrans<\/title>\n<meta name=\"robots\" content=\"index, follow, max-snippet:-1, max-image-preview:large, max-video-preview:-1\" \/>\n<link rel=\"canonical\" href=\"https:\/\/swisstrans.info\/pt-pt\/2026\/03\/11\/sbb-cargo-continua-a-ser-a-preocupacao-em-2025-apesar-da-transformacao\/\" \/>\n<meta property=\"og:locale\" content=\"pt_PT\" \/>\n<meta property=\"og:type\" content=\"article\" \/>\n<meta property=\"og:title\" content=\"SBB Cargo continua a ser a preocupa\u00e7\u00e3o em 2025, apesar da transforma\u00e7\u00e3o - Swisstrans\" \/>\n<meta property=\"og:description\" content=\"A SBB registou em 2025 um aumento no n\u00famero de passageiros para 1,43 milh\u00f5es por dia e alcan\u00e7ou um resultado anual de 496 milh\u00f5es de francos.\" \/>\n<meta property=\"og:url\" content=\"https:\/\/swisstrans.info\/pt-pt\/2026\/03\/11\/sbb-cargo-continua-a-ser-a-preocupacao-em-2025-apesar-da-transformacao\/\" \/>\n<meta property=\"og:site_name\" content=\"Swisstrans\" \/>\n<meta property=\"article:published_time\" content=\"2026-03-11T16:02:07+00:00\" \/>\n<meta property=\"og:image\" content=\"https:\/\/swisstrans.info\/wp-content\/uploads\/sites\/8\/2026\/03\/SBB_11.3.26-aspect-ratio-1400-788.jpg\" \/>\n\t<meta property=\"og:image:width\" content=\"1124\" \/>\n\t<meta property=\"og:image:height\" content=\"633\" \/>\n\t<meta property=\"og:image:type\" content=\"image\/jpeg\" \/>\n<meta name=\"author\" content=\"Andreas M\u00fcller\" \/>\n<meta name=\"twitter:card\" content=\"summary_large_image\" \/>\n<meta name=\"twitter:label1\" content=\"Escrito por\" \/>\n\t<meta name=\"twitter:data1\" content=\"Andreas M\u00fcller\" \/>\n\t<meta name=\"twitter:label2\" content=\"Tempo estimado de leitura\" \/>\n\t<meta name=\"twitter:data2\" content=\"5 minutos\" \/>\n<script type=\"application\/ld+json\" class=\"yoast-schema-graph\">{\"@context\":\"https:\\\/\\\/schema.org\",\"@graph\":[{\"@type\":\"Article\",\"@id\":\"https:\\\/\\\/swisstrans.info\\\/pt-pt\\\/2026\\\/03\\\/11\\\/sbb-cargo-continua-a-ser-a-preocupacao-em-2025-apesar-da-transformacao\\\/#article\",\"isPartOf\":{\"@id\":\"https:\\\/\\\/swisstrans.info\\\/pt-pt\\\/2026\\\/03\\\/11\\\/sbb-cargo-continua-a-ser-a-preocupacao-em-2025-apesar-da-transformacao\\\/\"},\"author\":{\"name\":\"Andreas M\u00fcller\",\"@id\":\"https:\\\/\\\/swisstrans.info\\\/pt-pt\\\/#\\\/schema\\\/person\\\/7b1593b33567ba798d300c8a1b0b85b1\"},\"headline\":\"SBB Cargo continua a ser a preocupa\u00e7\u00e3o em 2025, apesar da transforma\u00e7\u00e3o\",\"datePublished\":\"2026-03-11T16:02:07+00:00\",\"mainEntityOfPage\":{\"@id\":\"https:\\\/\\\/swisstrans.info\\\/pt-pt\\\/2026\\\/03\\\/11\\\/sbb-cargo-continua-a-ser-a-preocupacao-em-2025-apesar-da-transformacao\\\/\"},\"wordCount\":920,\"commentCount\":0,\"publisher\":{\"@id\":\"https:\\\/\\\/swisstrans.info\\\/pt-pt\\\/#organization\"},\"image\":{\"@id\":\"https:\\\/\\\/swisstrans.info\\\/pt-pt\\\/2026\\\/03\\\/11\\\/sbb-cargo-continua-a-ser-a-preocupacao-em-2025-apesar-da-transformacao\\\/#primaryimage\"},\"thumbnailUrl\":\"https:\\\/\\\/swisstrans.info\\\/wp-content\\\/uploads\\\/sites\\\/8\\\/2026\\\/03\\\/SBB_11.3.26-aspect-ratio-1400-788.jpg\",\"keywords\":[\"Betriebs- und Instandhaltungskosten\",\"changements structurels logistique\",\"CO\u2082 savings rail\",\"CO\u2082-Einsparung Schiene\",\"combined transport\",\"consommation d'\u00e9nergie\",\"co\u00fbts d'exploitation et de maintenance\",\"d\u00e9fis \u00e9conomiques\",\"Deutsch SBB Cargo\",\"Digitalisierung in der Logistik\",\"digitalization in logistics\",\"economic challenges\",\"\u00e9conomies de CO\u2082 rail\",\"Einzelwagenladungsverkehr\",\"Energieaufwand\",\"energy expenditure\",\"Fachkr\u00e4ftemangel im Transport\",\"goods transport Switzerland\",\"G\u00fctertransport Schweiz\",\"industrie du transport\",\"investissements dans le mat\u00e9riel roulant\",\"Investitionen in Rollmaterial\",\"investments in rolling stock\",\"kombinierter Verkehr\",\"labor shortage in transport\",\"logistics service providers\",\"Logistikdienstleister\",\"market share freight transport\",\"Marktanteil G\u00fcterverkehr\",\"nachhaltige Transportpolitik\",\"num\u00e9risation dans la logistique\",\"operating and maintenance costs\",\"part de march\u00e9 transport de marchandises\",\"p\u00e9nurie de main-d'\u0153uvre dans le transport\",\"performance de transport\",\"politique de transport durable\",\"prestataires de services logistiques\",\"rail freight transport\",\"SBB Cargo International\",\"SBB Immobilien\",\"SBB immobilier\",\"SBB real estate\",\"Schieneng\u00fcterverkehr\",\"single wagon load traffic\",\"structural changes logistics Fran\u00e7ais SBB Cargo\",\"strukturelle Ver\u00e4nderungen Logistik English SBB Cargo\",\"sustainable transport policy\",\"trafic de wagons isol\u00e9s\",\"transport combin\u00e9\",\"transport de marchandises Suisse\",\"transport ferroviaire de marchandises\",\"transport industry\",\"transport performance\",\"Transportwirtschaft\",\"Verkehrsleistung\",\"wirtschaftliche Herausforderungen\"],\"articleSection\":[\"Bahn \\\/ Binnenschifffahrt \\\/ Strasse\",\"Europa\",\"Finanz-\\\/Jahresberichte\",\"Su\u00ed\u00e7a\"],\"inLanguage\":\"pt-PT\",\"potentialAction\":[{\"@type\":\"CommentAction\",\"name\":\"Comment\",\"target\":[\"https:\\\/\\\/swisstrans.info\\\/pt-pt\\\/2026\\\/03\\\/11\\\/sbb-cargo-continua-a-ser-a-preocupacao-em-2025-apesar-da-transformacao\\\/#respond\"]}]},{\"@type\":\"WebPage\",\"@id\":\"https:\\\/\\\/swisstrans.info\\\/pt-pt\\\/2026\\\/03\\\/11\\\/sbb-cargo-continua-a-ser-a-preocupacao-em-2025-apesar-da-transformacao\\\/\",\"url\":\"https:\\\/\\\/swisstrans.info\\\/pt-pt\\\/2026\\\/03\\\/11\\\/sbb-cargo-continua-a-ser-a-preocupacao-em-2025-apesar-da-transformacao\\\/\",\"name\":\"SBB Cargo continua a ser a preocupa\u00e7\u00e3o em 2025, apesar da transforma\u00e7\u00e3o - Swisstrans\",\"isPartOf\":{\"@id\":\"https:\\\/\\\/swisstrans.info\\\/pt-pt\\\/#website\"},\"primaryImageOfPage\":{\"@id\":\"https:\\\/\\\/swisstrans.info\\\/pt-pt\\\/2026\\\/03\\\/11\\\/sbb-cargo-continua-a-ser-a-preocupacao-em-2025-apesar-da-transformacao\\\/#primaryimage\"},\"image\":{\"@id\":\"https:\\\/\\\/swisstrans.info\\\/pt-pt\\\/2026\\\/03\\\/11\\\/sbb-cargo-continua-a-ser-a-preocupacao-em-2025-apesar-da-transformacao\\\/#primaryimage\"},\"thumbnailUrl\":\"https:\\\/\\\/swisstrans.info\\\/wp-content\\\/uploads\\\/sites\\\/8\\\/2026\\\/03\\\/SBB_11.3.26-aspect-ratio-1400-788.jpg\",\"datePublished\":\"2026-03-11T16:02:07+00:00\",\"breadcrumb\":{\"@id\":\"https:\\\/\\\/swisstrans.info\\\/pt-pt\\\/2026\\\/03\\\/11\\\/sbb-cargo-continua-a-ser-a-preocupacao-em-2025-apesar-da-transformacao\\\/#breadcrumb\"},\"inLanguage\":\"pt-PT\",\"potentialAction\":[{\"@type\":\"ReadAction\",\"target\":[\"https:\\\/\\\/swisstrans.info\\\/pt-pt\\\/2026\\\/03\\\/11\\\/sbb-cargo-continua-a-ser-a-preocupacao-em-2025-apesar-da-transformacao\\\/\"]}]},{\"@type\":\"ImageObject\",\"inLanguage\":\"pt-PT\",\"@id\":\"https:\\\/\\\/swisstrans.info\\\/pt-pt\\\/2026\\\/03\\\/11\\\/sbb-cargo-continua-a-ser-a-preocupacao-em-2025-apesar-da-transformacao\\\/#primaryimage\",\"url\":\"https:\\\/\\\/swisstrans.info\\\/wp-content\\\/uploads\\\/sites\\\/8\\\/2026\\\/03\\\/SBB_11.3.26-aspect-ratio-1400-788.jpg\",\"contentUrl\":\"https:\\\/\\\/swisstrans.info\\\/wp-content\\\/uploads\\\/sites\\\/8\\\/2026\\\/03\\\/SBB_11.3.26-aspect-ratio-1400-788.jpg\",\"width\":1124,\"height\":633},{\"@type\":\"BreadcrumbList\",\"@id\":\"https:\\\/\\\/swisstrans.info\\\/pt-pt\\\/2026\\\/03\\\/11\\\/sbb-cargo-continua-a-ser-a-preocupacao-em-2025-apesar-da-transformacao\\\/#breadcrumb\",\"itemListElement\":[{\"@type\":\"ListItem\",\"position\":1,\"name\":\"Startseite\",\"item\":\"https:\\\/\\\/swisstrans.info\\\/pt-pt\\\/\"},{\"@type\":\"ListItem\",\"position\":2,\"name\":\"SBB Cargo continua a ser a preocupa\u00e7\u00e3o em 2025, apesar da transforma\u00e7\u00e3o\"}]},{\"@type\":\"WebSite\",\"@id\":\"https:\\\/\\\/swisstrans.info\\\/pt-pt\\\/#website\",\"url\":\"https:\\\/\\\/swisstrans.info\\\/pt-pt\\\/\",\"name\":\"Swisstrans\",\"description\":\"A Swisstrans \u00e9 uma plataforma de informa\u00e7\u00e3o para transporte e log\u00edstica na Su\u00ed\u00e7a, existente desde 2002, que liga expedidores a fornecedores de produtos e servi\u00e7os.\",\"publisher\":{\"@id\":\"https:\\\/\\\/swisstrans.info\\\/pt-pt\\\/#organization\"},\"potentialAction\":[{\"@type\":\"SearchAction\",\"target\":{\"@type\":\"EntryPoint\",\"urlTemplate\":\"https:\\\/\\\/swisstrans.info\\\/pt-pt\\\/?s={search_term_string}\"},\"query-input\":{\"@type\":\"PropertyValueSpecification\",\"valueRequired\":true,\"valueName\":\"search_term_string\"}}],\"inLanguage\":\"pt-PT\"},{\"@type\":\"Organization\",\"@id\":\"https:\\\/\\\/swisstrans.info\\\/pt-pt\\\/#organization\",\"name\":\"Logismedia Group AG\",\"alternateName\":\"Logismedia Group AG\",\"url\":\"https:\\\/\\\/swisstrans.info\\\/pt-pt\\\/\",\"logo\":{\"@type\":\"ImageObject\",\"inLanguage\":\"pt-PT\",\"@id\":\"https:\\\/\\\/swisstrans.info\\\/pt-pt\\\/#\\\/schema\\\/logo\\\/image\\\/\",\"url\":\"https:\\\/\\\/swisstrans.info\\\/wp-content\\\/uploads\\\/sites\\\/8\\\/2026\\\/01\\\/swisstrans_logo.png\",\"contentUrl\":\"https:\\\/\\\/swisstrans.info\\\/wp-content\\\/uploads\\\/sites\\\/8\\\/2026\\\/01\\\/swisstrans_logo.png\",\"width\":823,\"height\":164,\"caption\":\"Logismedia Group AG\"},\"image\":{\"@id\":\"https:\\\/\\\/swisstrans.info\\\/pt-pt\\\/#\\\/schema\\\/logo\\\/image\\\/\"},\"sameAs\":[\"https:\\\/\\\/www.linkedin.com\\\/showcase\\\/swisstrans-info\\\/\"]},{\"@type\":\"Person\",\"@id\":\"https:\\\/\\\/swisstrans.info\\\/pt-pt\\\/#\\\/schema\\\/person\\\/7b1593b33567ba798d300c8a1b0b85b1\",\"name\":\"Andreas M\u00fcller\",\"url\":\"https:\\\/\\\/swisstrans.info\\\/pt-pt\\\/author\\\/logismedia\\\/\"}]}<\/script>\n<!-- \/ Yoast SEO plugin. -->","yoast_head_json":{"title":"SBB Cargo continua a ser a preocupa\u00e7\u00e3o em 2025, apesar da transforma\u00e7\u00e3o - Swisstrans","robots":{"index":"index","follow":"follow","max-snippet":"max-snippet:-1","max-image-preview":"max-image-preview:large","max-video-preview":"max-video-preview:-1"},"canonical":"https:\/\/swisstrans.info\/pt-pt\/2026\/03\/11\/sbb-cargo-continua-a-ser-a-preocupacao-em-2025-apesar-da-transformacao\/","og_locale":"pt_PT","og_type":"article","og_title":"SBB Cargo continua a ser a preocupa\u00e7\u00e3o em 2025, apesar da transforma\u00e7\u00e3o - Swisstrans","og_description":"A SBB registou em 2025 um aumento no n\u00famero de passageiros para 1,43 milh\u00f5es por dia e alcan\u00e7ou um resultado anual de 496 milh\u00f5es de francos.","og_url":"https:\/\/swisstrans.info\/pt-pt\/2026\/03\/11\/sbb-cargo-continua-a-ser-a-preocupacao-em-2025-apesar-da-transformacao\/","og_site_name":"Swisstrans","article_published_time":"2026-03-11T16:02:07+00:00","og_image":[{"width":1124,"height":633,"url":"https:\/\/swisstrans.info\/wp-content\/uploads\/sites\/8\/2026\/03\/SBB_11.3.26-aspect-ratio-1400-788.jpg","type":"image\/jpeg"}],"author":"Andreas M\u00fcller","twitter_card":"summary_large_image","twitter_misc":{"Escrito por":"Andreas M\u00fcller","Tempo estimado de leitura":"5 minutos"},"schema":{"@context":"https:\/\/schema.org","@graph":[{"@type":"Article","@id":"https:\/\/swisstrans.info\/pt-pt\/2026\/03\/11\/sbb-cargo-continua-a-ser-a-preocupacao-em-2025-apesar-da-transformacao\/#article","isPartOf":{"@id":"https:\/\/swisstrans.info\/pt-pt\/2026\/03\/11\/sbb-cargo-continua-a-ser-a-preocupacao-em-2025-apesar-da-transformacao\/"},"author":{"name":"Andreas M\u00fcller","@id":"https:\/\/swisstrans.info\/pt-pt\/#\/schema\/person\/7b1593b33567ba798d300c8a1b0b85b1"},"headline":"SBB Cargo continua a ser a preocupa\u00e7\u00e3o em 2025, apesar da transforma\u00e7\u00e3o","datePublished":"2026-03-11T16:02:07+00:00","mainEntityOfPage":{"@id":"https:\/\/swisstrans.info\/pt-pt\/2026\/03\/11\/sbb-cargo-continua-a-ser-a-preocupacao-em-2025-apesar-da-transformacao\/"},"wordCount":920,"commentCount":0,"publisher":{"@id":"https:\/\/swisstrans.info\/pt-pt\/#organization"},"image":{"@id":"https:\/\/swisstrans.info\/pt-pt\/2026\/03\/11\/sbb-cargo-continua-a-ser-a-preocupacao-em-2025-apesar-da-transformacao\/#primaryimage"},"thumbnailUrl":"https:\/\/swisstrans.info\/wp-content\/uploads\/sites\/8\/2026\/03\/SBB_11.3.26-aspect-ratio-1400-788.jpg","keywords":["Betriebs- und Instandhaltungskosten","changements structurels logistique","CO\u2082 savings rail","CO\u2082-Einsparung Schiene","combined transport","consommation d'\u00e9nergie","co\u00fbts d'exploitation et de maintenance","d\u00e9fis \u00e9conomiques","Deutsch SBB Cargo","Digitalisierung in der Logistik","digitalization in logistics","economic challenges","\u00e9conomies de CO\u2082 rail","Einzelwagenladungsverkehr","Energieaufwand","energy expenditure","Fachkr\u00e4ftemangel im Transport","goods transport Switzerland","G\u00fctertransport Schweiz","industrie du transport","investissements dans le mat\u00e9riel roulant","Investitionen in Rollmaterial","investments in rolling stock","kombinierter Verkehr","labor shortage in transport","logistics service providers","Logistikdienstleister","market share freight transport","Marktanteil G\u00fcterverkehr","nachhaltige Transportpolitik","num\u00e9risation dans la logistique","operating and maintenance costs","part de march\u00e9 transport de marchandises","p\u00e9nurie de main-d'\u0153uvre dans le transport","performance de transport","politique de transport durable","prestataires de services logistiques","rail freight transport","SBB Cargo International","SBB Immobilien","SBB immobilier","SBB real estate","Schieneng\u00fcterverkehr","single wagon load traffic","structural changes logistics Fran\u00e7ais SBB Cargo","strukturelle Ver\u00e4nderungen Logistik English SBB Cargo","sustainable transport policy","trafic de wagons isol\u00e9s","transport combin\u00e9","transport de marchandises Suisse","transport ferroviaire de marchandises","transport industry","transport performance","Transportwirtschaft","Verkehrsleistung","wirtschaftliche Herausforderungen"],"articleSection":["Bahn \/ Binnenschifffahrt \/ Strasse","Europa","Finanz-\/Jahresberichte","Su\u00ed\u00e7a"],"inLanguage":"pt-PT","potentialAction":[{"@type":"CommentAction","name":"Comment","target":["https:\/\/swisstrans.info\/pt-pt\/2026\/03\/11\/sbb-cargo-continua-a-ser-a-preocupacao-em-2025-apesar-da-transformacao\/#respond"]}]},{"@type":"WebPage","@id":"https:\/\/swisstrans.info\/pt-pt\/2026\/03\/11\/sbb-cargo-continua-a-ser-a-preocupacao-em-2025-apesar-da-transformacao\/","url":"https:\/\/swisstrans.info\/pt-pt\/2026\/03\/11\/sbb-cargo-continua-a-ser-a-preocupacao-em-2025-apesar-da-transformacao\/","name":"SBB Cargo continua a ser a preocupa\u00e7\u00e3o em 2025, apesar da transforma\u00e7\u00e3o - Swisstrans","isPartOf":{"@id":"https:\/\/swisstrans.info\/pt-pt\/#website"},"primaryImageOfPage":{"@id":"https:\/\/swisstrans.info\/pt-pt\/2026\/03\/11\/sbb-cargo-continua-a-ser-a-preocupacao-em-2025-apesar-da-transformacao\/#primaryimage"},"image":{"@id":"https:\/\/swisstrans.info\/pt-pt\/2026\/03\/11\/sbb-cargo-continua-a-ser-a-preocupacao-em-2025-apesar-da-transformacao\/#primaryimage"},"thumbnailUrl":"https:\/\/swisstrans.info\/wp-content\/uploads\/sites\/8\/2026\/03\/SBB_11.3.26-aspect-ratio-1400-788.jpg","datePublished":"2026-03-11T16:02:07+00:00","breadcrumb":{"@id":"https:\/\/swisstrans.info\/pt-pt\/2026\/03\/11\/sbb-cargo-continua-a-ser-a-preocupacao-em-2025-apesar-da-transformacao\/#breadcrumb"},"inLanguage":"pt-PT","potentialAction":[{"@type":"ReadAction","target":["https:\/\/swisstrans.info\/pt-pt\/2026\/03\/11\/sbb-cargo-continua-a-ser-a-preocupacao-em-2025-apesar-da-transformacao\/"]}]},{"@type":"ImageObject","inLanguage":"pt-PT","@id":"https:\/\/swisstrans.info\/pt-pt\/2026\/03\/11\/sbb-cargo-continua-a-ser-a-preocupacao-em-2025-apesar-da-transformacao\/#primaryimage","url":"https:\/\/swisstrans.info\/wp-content\/uploads\/sites\/8\/2026\/03\/SBB_11.3.26-aspect-ratio-1400-788.jpg","contentUrl":"https:\/\/swisstrans.info\/wp-content\/uploads\/sites\/8\/2026\/03\/SBB_11.3.26-aspect-ratio-1400-788.jpg","width":1124,"height":633},{"@type":"BreadcrumbList","@id":"https:\/\/swisstrans.info\/pt-pt\/2026\/03\/11\/sbb-cargo-continua-a-ser-a-preocupacao-em-2025-apesar-da-transformacao\/#breadcrumb","itemListElement":[{"@type":"ListItem","position":1,"name":"Startseite","item":"https:\/\/swisstrans.info\/pt-pt\/"},{"@type":"ListItem","position":2,"name":"SBB Cargo continua a ser a preocupa\u00e7\u00e3o em 2025, apesar da transforma\u00e7\u00e3o"}]},{"@type":"WebSite","@id":"https:\/\/swisstrans.info\/pt-pt\/#website","url":"https:\/\/swisstrans.info\/pt-pt\/","name":"Swisstrans","description":"A Swisstrans \u00e9 uma plataforma de informa\u00e7\u00e3o para transporte e log\u00edstica na Su\u00ed\u00e7a, existente desde 2002, que liga expedidores a fornecedores de produtos e servi\u00e7os.","publisher":{"@id":"https:\/\/swisstrans.info\/pt-pt\/#organization"},"potentialAction":[{"@type":"SearchAction","target":{"@type":"EntryPoint","urlTemplate":"https:\/\/swisstrans.info\/pt-pt\/?s={search_term_string}"},"query-input":{"@type":"PropertyValueSpecification","valueRequired":true,"valueName":"search_term_string"}}],"inLanguage":"pt-PT"},{"@type":"Organization","@id":"https:\/\/swisstrans.info\/pt-pt\/#organization","name":"Logismedia Group AG","alternateName":"Logismedia Group AG","url":"https:\/\/swisstrans.info\/pt-pt\/","logo":{"@type":"ImageObject","inLanguage":"pt-PT","@id":"https:\/\/swisstrans.info\/pt-pt\/#\/schema\/logo\/image\/","url":"https:\/\/swisstrans.info\/wp-content\/uploads\/sites\/8\/2026\/01\/swisstrans_logo.png","contentUrl":"https:\/\/swisstrans.info\/wp-content\/uploads\/sites\/8\/2026\/01\/swisstrans_logo.png","width":823,"height":164,"caption":"Logismedia Group AG"},"image":{"@id":"https:\/\/swisstrans.info\/pt-pt\/#\/schema\/logo\/image\/"},"sameAs":["https:\/\/www.linkedin.com\/showcase\/swisstrans-info\/"]},{"@type":"Person","@id":"https:\/\/swisstrans.info\/pt-pt\/#\/schema\/person\/7b1593b33567ba798d300c8a1b0b85b1","name":"Andreas M\u00fcller","url":"https:\/\/swisstrans.info\/pt-pt\/author\/logismedia\/"}]}},"_links":{"self":[{"href":"https:\/\/swisstrans.info\/pt-pt\/wp-json\/wp\/v2\/posts\/100210","targetHints":{"allow":["GET"]}}],"collection":[{"href":"https:\/\/swisstrans.info\/pt-pt\/wp-json\/wp\/v2\/posts"}],"about":[{"href":"https:\/\/swisstrans.info\/pt-pt\/wp-json\/wp\/v2\/types\/post"}],"author":[{"embeddable":true,"href":"https:\/\/swisstrans.info\/pt-pt\/wp-json\/wp\/v2\/users\/7"}],"replies":[{"embeddable":true,"href":"https:\/\/swisstrans.info\/pt-pt\/wp-json\/wp\/v2\/comments?post=100210"}],"version-history":[{"count":0,"href":"https:\/\/swisstrans.info\/pt-pt\/wp-json\/wp\/v2\/posts\/100210\/revisions"}],"wp:featuredmedia":[{"embeddable":true,"href":"https:\/\/swisstrans.info\/pt-pt\/wp-json\/wp\/v2\/media\/100205"}],"wp:attachment":[{"href":"https:\/\/swisstrans.info\/pt-pt\/wp-json\/wp\/v2\/media?parent=100210"}],"wp:term":[{"taxonomy":"category","embeddable":true,"href":"https:\/\/swisstrans.info\/pt-pt\/wp-json\/wp\/v2\/categories?post=100210"},{"taxonomy":"post_tag","embeddable":true,"href":"https:\/\/swisstrans.info\/pt-pt\/wp-json\/wp\/v2\/tags?post=100210"}],"curies":[{"name":"wp","href":"https:\/\/api.w.org\/{rel}","templated":true}]}}