{"id":100218,"date":"2026-03-11T16:46:19","date_gmt":"2026-03-11T16:46:19","guid":{"rendered":"https:\/\/swisstrans.info\/2026\/03\/11\/cargo-sous-terrain-com-nova-orientacao\/"},"modified":"2026-03-11T16:46:19","modified_gmt":"2026-03-11T16:46:19","slug":"cargo-sous-terrain-com-nova-orientacao","status":"publish","type":"post","link":"https:\/\/swisstrans.info\/pt-pt\/2026\/03\/11\/cargo-sous-terrain-com-nova-orientacao\/","title":{"rendered":"Cargo sous Terrain com nova orienta\u00e7\u00e3o"},"content":{"rendered":"<p data-start=\"90\" data-end=\"525\">As solu\u00e7\u00f5es de transporte de mercadorias est\u00e3o se tornando cada vez mais importantes. Nesse contexto, a organiza\u00e7\u00e3o CST est\u00e1 se reestruturando estrategicamente. Ap\u00f3s o grande projeto de t\u00fanel inicialmente planejado n\u00e3o ter podido ser prosseguido devido \u00e0s condi\u00e7\u00f5es pol\u00edticas no ano passado, agora um rein\u00edcio com prioridades ajustadas est\u00e1 no centro das aten\u00e7\u00f5es.<\/p>\n<p data-start=\"527\" data-end=\"873\">H\u00e1 mais de uma d\u00e9cada, a CST se dedica \u00e0s exig\u00eancias da log\u00edstica de mercadorias e desenvolve conceitos que visam desbloquear capacidades de transporte adicionais. O foco n\u00e3o est\u00e1 tanto na constru\u00e7\u00e3o de novas infraestruturas, mas sim na quest\u00e3o de como os sistemas existentes podem ser utilizados de forma mais eficiente e interconectados.<\/p>\n<h3 data-section-id=\"ukfw8x\" data-start=\"875\" data-end=\"924\">Projetos de infraestrutura politicamente desafiadores<\/h3>\n<p data-start=\"926\" data-end=\"1337\">A constru\u00e7\u00e3o de grandes infraestruturas de transporte na Su\u00ed\u00e7a tornou-se politicamente mais desafiadora. Projetos dessa magnitude necessitam de condi\u00e7\u00f5es regulat\u00f3rias est\u00e1veis, amplo apoio social e pol\u00edtico, al\u00e9m de um benef\u00edcio de transporte claramente demonstrado. No entanto, no projeto de t\u00fanel planejado, ficou evidente que essas condi\u00e7\u00f5es ainda n\u00e3o est\u00e3o totalmente atendidas.<\/p>\n<p data-start=\"1339\" data-end=\"1633\">Nos pr\u00f3ximos anos, a pol\u00edtica de transporte, portanto, se concentrar\u00e1 mais na prioriza\u00e7\u00e3o, viabilidade financeira e melhor utiliza\u00e7\u00e3o da infraestrutura existente. Diante de recursos financeiros limitados e crescente press\u00e3o por a\u00e7\u00e3o, os projetos de expans\u00e3o est\u00e3o se tornando cada vez mais secund\u00e1rios.<\/p>\n<p data-start=\"1635\" data-end=\"1866\">A reorienta\u00e7\u00e3o estrat\u00e9gica da CST se alinha exatamente a esse desenvolvimento. O foco est\u00e1 no desenvolvimento de tecnologias de transporte escal\u00e1veis que possam desbloquear capacidades existentes, at\u00e9 ent\u00e3o n\u00e3o utilizadas, no sistema de transporte.<\/p>\n<h3 data-section-id=\"5mf6zk\" data-start=\"1868\" data-end=\"1909\">Sistemas fragmentados no transporte de mercadorias<\/h3>\n<p data-start=\"1911\" data-end=\"2225\">O transporte de mercadorias atual \u00e9 caracterizado por uma forte fragmenta\u00e7\u00e3o. Diferentes atores otimizam seus processos de transporte, geralmente de forma independente, enquanto a infraestrutura subjacente \u00e9 escassa, complexa e apenas limitadamente coordenada. Solu\u00e7\u00f5es conjuntas e intersist\u00eamicas s\u00e3o, at\u00e9 agora, raras.<\/p>\n<p data-start=\"2227\" data-end=\"2478\">Nesse contexto, a quest\u00e3o central \u00e9 qual estrat\u00e9gia abrangente pode permitir um desenvolvimento sustent\u00e1vel do transporte de mercadorias, sem ser exclusivamente determinada por interesses de curto prazo de atores individuais do mercado.<\/p>\n<p data-start=\"2480\" data-end=\"2781\">Poss\u00edveis abordagens residem, em particular, na agrega\u00e7\u00e3o de demandas de transporte, na maior integra\u00e7\u00e3o de cadeias de transporte e na utiliza\u00e7\u00e3o econ\u00f4mica dos potenciais dos sistemas existentes. Especialmente no transporte ferrovi\u00e1rio de mercadorias, ainda existem oportunidades n\u00e3o exploradas nesse contexto.<\/p>\n<h3 data-section-id=\"1qxd97m\" data-start=\"2783\" data-end=\"2840\">Whitepaper sobre o futuro do transporte multimodal de mercadorias<\/h3>\n<p data-start=\"2842\" data-end=\"3177\">As considera\u00e7\u00f5es e an\u00e1lises fundamentais foram resumidas em um whitepaper que examina a situa\u00e7\u00e3o atual e poss\u00edveis perspectivas de desenvolvimento do transporte multimodal de mercadorias na Su\u00ed\u00e7a. O estudo destaca estruturas centrais e fatores de influ\u00eancia que moldam o processo de transforma\u00e7\u00e3o do sistema de transporte.<\/p>\n<p data-start=\"3179\" data-end=\"3412\">Uma conclus\u00e3o central \u00e9 que otimiza\u00e7\u00f5es isoladas de participantes individuais do mercado n\u00e3o s\u00e3o suficientes. Em vez disso, \u00e9 necess\u00e1ria uma coordena\u00e7\u00e3o e integra\u00e7\u00e3o sist\u00eamica mais forte em toda a rede de transporte de mercadorias.<\/p>\n<p data-start=\"3414\" data-end=\"3765\" data-is-last-node=\"\" data-is-only-node=\"\">O whitepaper intitulado <strong data-start=\"3443\" data-end=\"3559\">\u201cDa otimiza\u00e7\u00e3o \u00e0 transforma\u00e7\u00e3o \u2013 Abordagens de desenvolvimento para a rede de transporte multimodal de mercadorias da Su\u00ed\u00e7a\u201d<\/strong> agora deve ser discutido dentro da comunidade especializada. O editorial da publica\u00e7\u00e3o \u00e9 de Ludwig H\u00e4berle, vice-diretor do Instituto de Gest\u00e3o de Produ\u00e7\u00e3o e Cadeia de Suprimentos da Universidade de St. Gallen.<\/p>\n<p data-start=\"3414\" data-end=\"3765\" data-is-last-node=\"\" data-is-only-node=\"\"><a href=\"https:\/\/www.cst.ch\/\" target=\"_blank\" rel=\"noopener noreferrer\">www.cst.ch<\/a><\/p>\n","protected":false},"excerpt":{"rendered":"<p data-start=\"90\" data-end=\"525\">Solu\u00e7\u00f5es de transporte de mercadorias est\u00e3o se tornando cada vez mais importantes. Nesse contexto, a organiza\u00e7\u00e3o CST est\u00e1 se reestruturando estrategicamente. Ap\u00f3s o grande projeto de t\u00fanel inicialmente planejado n\u00e3o ter podido ser prosseguido no ano passado devido \u00e0s condi\u00e7\u00f5es pol\u00edticas, agora um rein\u00edcio com prioridades ajustadas est\u00e1 no centro das aten\u00e7\u00f5es.<\/p>\n<p data-start=\"527\" data-end=\"873\">H\u00e1 mais de uma d\u00e9cada, a CST se dedica \u00e0s exig\u00eancias da log\u00edstica de mercadorias e desenvolve conceitos que visam desbloquear capacidades de transporte adicionais. O foco n\u00e3o est\u00e1 tanto na constru\u00e7\u00e3o de novas infraestruturas, mas sim na quest\u00e3o de como os sistemas existentes podem ser utilizados de forma mais eficiente e interconectados.<\/p>\n<h3 data-section-id=\"ukfw8x\" data-start=\"875\" data-end=\"924\">Projetos de infraestrutura politicamente desafiadores<\/h3>\n<p data-start=\"926\" data-end=\"1337\">A constru\u00e7\u00e3o de grandes infraestruturas de transporte na Su\u00ed\u00e7a se tornou politicamente mais desafiadora. Projetos dessa magnitude necessitam de condi\u00e7\u00f5es regulat\u00f3rias est\u00e1veis, amplo apoio social e pol\u00edtico, al\u00e9m de um benef\u00edcio de transporte claramente demonstrado. No entanto, no projeto de t\u00fanel planejado, ficou evidente que essas condi\u00e7\u00f5es ainda n\u00e3o est\u00e3o totalmente atendidas.<\/p>\n<p data-start=\"1339\" data-end=\"1633\">Nos pr\u00f3ximos anos, a pol\u00edtica de transporte, portanto, se concentrar\u00e1 mais na prioriza\u00e7\u00e3o, viabilidade financeira e melhor utiliza\u00e7\u00e3o da infraestrutura existente. Diante de recursos financeiros limitados e crescente press\u00e3o por a\u00e7\u00e3o, os projetos de expans\u00e3o est\u00e3o se tornando cada vez mais secund\u00e1rios.<\/p>\n<p data-start=\"1635\" data-end=\"1866\">A reorienta\u00e7\u00e3o estrat\u00e9gica da CST se conecta exatamente a esse desenvolvimento. O foco est\u00e1 no desenvolvimento de tecnologias de transporte escal\u00e1veis que possam desbloquear capacidades existentes, at\u00e9 ent\u00e3o n\u00e3o utilizadas, no sistema de transporte.<\/p>\n<h3 data-section-id=\"5mf6zk\" data-start=\"1868\" data-end=\"1909\">Sistemas fragmentados no transporte de mercadorias<\/h3>\n<p data-start=\"1911\" data-end=\"2225\">O transporte de mercadorias atual \u00e9 caracterizado por uma forte fragmenta\u00e7\u00e3o. Diferentes atores otimizam seus processos de transporte, na maioria das vezes, de forma independente, enquanto a infraestrutura subjacente \u00e9 escassa, complexa e apenas limitadamente coordenada. Solu\u00e7\u00f5es conjuntas e intersistemas s\u00e3o, at\u00e9 agora, raras.<\/p>\n<p data-start=\"2227\" data-end=\"2478\">Nesse contexto, a quest\u00e3o central \u00e9 qual estrat\u00e9gia abrangente pode permitir um desenvolvimento sustent\u00e1vel do transporte de mercadorias, sem ser exclusivamente determinada pelos interesses de curto prazo de atores individuais do mercado.<\/p>\n<p data-start=\"2480\" data-end=\"2781\">Poss\u00edveis abordagens residem, em particular, na agrega\u00e7\u00e3o de demandas de transporte, na maior integra\u00e7\u00e3o de cadeias de transporte e na utiliza\u00e7\u00e3o econ\u00f4mica dos potenciais de sistemas existentes. Especialmente no transporte ferrovi\u00e1rio de mercadorias, ainda existem oportunidades n\u00e3o exploradas nesse contexto.<\/p>\n<h3 data-section-id=\"1qxd97m\" data-start=\"2783\" data-end=\"2840\">Whitepaper sobre o futuro do transporte multimodal de mercadorias<\/h3>\n<p data-start=\"2842\" data-end=\"3177\">As considera\u00e7\u00f5es e an\u00e1lises fundamentais foram resumidas em um whitepaper que investiga a situa\u00e7\u00e3o atual e poss\u00edveis perspectivas de desenvolvimento do transporte multimodal de mercadorias na Su\u00ed\u00e7a. O estudo ilumina estruturas centrais e fatores de influ\u00eancia que moldam o processo de transforma\u00e7\u00e3o do sistema de transporte.<\/p>\n<p data-start=\"3179\" data-end=\"3412\">Uma conclus\u00e3o central \u00e9 que otimiza\u00e7\u00f5es isoladas de participantes individuais do mercado n\u00e3o s\u00e3o suficientes. Em vez disso, \u00e9 necess\u00e1ria uma coordena\u00e7\u00e3o e integra\u00e7\u00e3o sist\u00eamica mais forte dentro de toda a rede de transporte de mercadorias.<\/p>\n<p data-start=\"3414\" data-end=\"3765\" data-is-last-node=\"\" data-is-only-node=\"\">O whitepaper intitulado <strong data-start=\"3443\" data-end=\"3559\">\u201eDa otimiza\u00e7\u00e3o \u00e0 transforma\u00e7\u00e3o \u2013 Abordagens de desenvolvimento para a rede de transporte multimodal de mercadorias da Su\u00ed\u00e7a\u201c<\/strong> agora deve ser discutido dentro da comunidade especializada. O editorial da publica\u00e7\u00e3o \u00e9 de Ludwig H\u00e4berle, vice-diretor do Instituto de Gest\u00e3o de Produ\u00e7\u00e3o e Cadeia de Suprimentos da Universidade de St. Gallen.<\/p>\n<p data-start=\"3414\" data-end=\"3765\" data-is-last-node=\"\" data-is-only-node=\"\"><a href=\"https:\/\/www.cst.ch\/\" target=\"_blank\" rel=\"noopener noreferrer\">www.cst.ch<\/a><\/p>\n","protected":false},"author":7,"featured_media":100213,"comment_status":"open","ping_status":"open","sticky":false,"template":"","format":"standard","meta":{"_acf_changed":false,"footnotes":""},"categories":[6740,6365],"tags":[7879,7880,7881,7882,7883,4157,7884,7885,7886,7887,7888,7889,7890,3234,2123,7891,4166,4167,7892,2176,2622,7893,7894,1800,2232,7895,7896,7897,7898,4178,2193,7899,1916,7900,2106,2641,7901,7902,7903,7904,7905,7906,3125,7907,7908,7909,7910,7911,7912,7913,7914,7915,7916,7917,7918,7919,7920,7921],"class_list":["post-100218","post","type-post","status-publish","format-standard","has-post-thumbnail","hentry","category-bahn-binnenschifffahrt-strasse","category-suica","tag-capacites-de-transport","tag-chaines-de-transport","tag-conditions-cadres-politiques","tag-coordination-systemique","tag-cst","tag-deutsch-gueterverkehr","tag-development-perspectives","tag-economic-utilization","tag-entwicklungsperspektiven","tag-fachkraeftemangel-english-freight-transport","tag-fragmentation-du-transport-de-marchandises","tag-fragmentation-in-freight-transport","tag-fragmentierung-im-gueterverkehr","tag-freight-logistics","tag-gestion-de-la-chaine-dapprovisionnement","tag-gueterlogistik","tag-infrastructure-projects","tag-infrastrukturprojekte","tag-livre-blanc-transport-de-marchandises","tag-logistique-de-fret","tag-logistique-durable","tag-multimodal-freight-transport","tag-multimodaler-gueterverkehr","tag-nachhaltige-logistik","tag-penurie-de-main-doeuvre","tag-perspectives-de-developpement","tag-political-framework-conditions","tag-politique-de-transport","tag-politische-rahmenbedingungen","tag-projets-dinfrastructure","tag-rail-freight-transport","tag-reseau-de-transport-suisse","tag-schienengueterverkehr","tag-skills-shortage-francais-transport-de-marchandises","tag-supply-chain-management","tag-sustainable-logistics","tag-systeme-de-transport","tag-systemic-coordination","tag-systemische-koordination","tag-technologies-de-transport","tag-transport-capacities","tag-transport-chains","tag-transport-ferroviaire-de-marchandises","tag-transport-multimodal-de-marchandises","tag-transport-network-switzerland","tag-transport-policy","tag-transport-system","tag-transport-technologies","tag-transportkapazitaeten","tag-transportketten","tag-transporttechnologien","tag-utilisation-economique","tag-verkehrsnetz-schweiz","tag-verkehrspolitik","tag-verkehrssystem","tag-white-paper-freight-transport","tag-whitepaper-gueterverkehr","tag-wirtschaftliche-nutzung"],"acf":[],"yoast_head":"<!-- This site is optimized with the Yoast SEO plugin v27.3 - https:\/\/yoast.com\/product\/yoast-seo-wordpress\/ -->\n<title>Cargo sous Terrain com nova orienta\u00e7\u00e3o - Swisstrans<\/title>\n<meta name=\"robots\" content=\"index, follow, max-snippet:-1, max-image-preview:large, max-video-preview:-1\" \/>\n<link rel=\"canonical\" href=\"https:\/\/swisstrans.info\/pt-pt\/2026\/03\/11\/cargo-sous-terrain-com-nova-orientacao\/\" \/>\n<meta property=\"og:locale\" content=\"pt_PT\" \/>\n<meta property=\"og:type\" content=\"article\" \/>\n<meta property=\"og:title\" content=\"Cargo sous Terrain com nova orienta\u00e7\u00e3o - Swisstrans\" \/>\n<meta property=\"og:description\" content=\"Solu\u00e7\u00f5es de transporte de mercadorias est\u00e3o se tornando cada vez mais importantes. Nesse contexto, a organiza\u00e7\u00e3o CST est\u00e1 se reestruturando estrategicamente. Ap\u00f3s o grande projeto de t\u00fanel inicialmente planejado n\u00e3o ter podido ser prosseguido no ano passado devido \u00e0s condi\u00e7\u00f5es pol\u00edticas, agora um rein\u00edcio com prioridades ajustadas est\u00e1 no centro das aten\u00e7\u00f5es. H\u00e1 mais de uma d\u00e9cada, a CST se dedica \u00e0s exig\u00eancias da log\u00edstica de mercadorias e desenvolve conceitos que visam desbloquear capacidades de transporte adicionais. O foco n\u00e3o est\u00e1 tanto na constru\u00e7\u00e3o de novas infraestruturas, mas sim na quest\u00e3o de como os sistemas existentes podem ser utilizados de forma mais eficiente e interconectados.  Projetos de infraestrutura politicamente desafiadores A constru\u00e7\u00e3o de grandes infraestruturas de transporte na Su\u00ed\u00e7a se tornou politicamente mais desafiadora. Projetos dessa magnitude necessitam de condi\u00e7\u00f5es regulat\u00f3rias est\u00e1veis, amplo apoio social e pol\u00edtico, al\u00e9m de um benef\u00edcio de transporte claramente demonstrado. No entanto, no projeto de t\u00fanel planejado, ficou evidente que essas condi\u00e7\u00f5es ainda n\u00e3o est\u00e3o totalmente atendidas. Nos pr\u00f3ximos anos, a pol\u00edtica de transporte, portanto, se concentrar\u00e1 mais na prioriza\u00e7\u00e3o, viabilidade financeira e melhor utiliza\u00e7\u00e3o da infraestrutura existente. Diante de recursos financeiros limitados e crescente press\u00e3o por a\u00e7\u00e3o, os projetos de expans\u00e3o est\u00e3o se tornando cada vez mais secund\u00e1rios. A reorienta\u00e7\u00e3o estrat\u00e9gica da CST se conecta exatamente a esse desenvolvimento. O foco est\u00e1 no desenvolvimento de tecnologias de transporte escal\u00e1veis que possam desbloquear capacidades existentes, at\u00e9 ent\u00e3o n\u00e3o utilizadas, no sistema de transporte.  Sistemas fragmentados no transporte de mercadorias O transporte de mercadorias atual \u00e9 caracterizado por uma forte fragmenta\u00e7\u00e3o. Diferentes atores otimizam seus processos de transporte, na maioria das vezes, de forma independente, enquanto a infraestrutura subjacente \u00e9 escassa, complexa e apenas limitadamente coordenada. Solu\u00e7\u00f5es conjuntas e intersistemas s\u00e3o, at\u00e9 agora, raras. Nesse contexto, a quest\u00e3o central \u00e9 qual estrat\u00e9gia abrangente pode permitir um desenvolvimento sustent\u00e1vel do transporte de mercadorias, sem ser exclusivamente determinada pelos interesses de curto prazo de atores individuais do mercado. Poss\u00edveis abordagens residem, em particular, na agrega\u00e7\u00e3o de demandas de transporte, na maior integra\u00e7\u00e3o de cadeias de transporte e na utiliza\u00e7\u00e3o econ\u00f4mica dos potenciais de sistemas existentes. Especialmente no transporte ferrovi\u00e1rio de mercadorias, ainda existem oportunidades n\u00e3o exploradas nesse contexto.  Whitepaper sobre o futuro do transporte multimodal de mercadorias As considera\u00e7\u00f5es e an\u00e1lises fundamentais foram resumidas em um whitepaper que investiga a situa\u00e7\u00e3o atual e poss\u00edveis perspectivas de desenvolvimento do transporte multimodal de mercadorias na Su\u00ed\u00e7a. O estudo ilumina estruturas centrais e fatores de influ\u00eancia que moldam o processo de transforma\u00e7\u00e3o do sistema de transporte. Uma conclus\u00e3o central \u00e9 que otimiza\u00e7\u00f5es isoladas de participantes individuais do mercado n\u00e3o s\u00e3o suficientes. Em vez disso, \u00e9 necess\u00e1ria uma coordena\u00e7\u00e3o e integra\u00e7\u00e3o sist\u00eamica mais forte dentro de toda a rede de transporte de mercadorias. O whitepaper intitulado \u201eDa otimiza\u00e7\u00e3o \u00e0 transforma\u00e7\u00e3o \u2013 Abordagens de desenvolvimento para a rede de transporte multimodal de mercadorias da Su\u00ed\u00e7a\u201c agora deve ser discutido dentro da comunidade especializada. O editorial da publica\u00e7\u00e3o \u00e9 de Ludwig H\u00e4berle, vice-diretor do Instituto de Gest\u00e3o de Produ\u00e7\u00e3o e Cadeia de Suprimentos da Universidade de St. Gallen. www.cst.ch\" \/>\n<meta property=\"og:url\" content=\"https:\/\/swisstrans.info\/pt-pt\/2026\/03\/11\/cargo-sous-terrain-com-nova-orientacao\/\" \/>\n<meta property=\"og:site_name\" content=\"Swisstrans\" \/>\n<meta property=\"article:published_time\" content=\"2026-03-11T16:46:19+00:00\" \/>\n<meta property=\"og:image\" content=\"https:\/\/swisstrans.info\/wp-content\/uploads\/sites\/8\/2026\/03\/Cargo_sous_Terrain_11.3.26-aspect-ratio-1400-788.png\" \/>\n\t<meta property=\"og:image:width\" content=\"1179\" \/>\n\t<meta property=\"og:image:height\" content=\"664\" \/>\n\t<meta property=\"og:image:type\" content=\"image\/png\" \/>\n<meta name=\"author\" content=\"Andreas M\u00fcller\" \/>\n<meta name=\"twitter:card\" content=\"summary_large_image\" \/>\n<meta name=\"twitter:label1\" content=\"Escrito por\" \/>\n\t<meta name=\"twitter:data1\" content=\"Andreas M\u00fcller\" \/>\n\t<meta name=\"twitter:label2\" content=\"Tempo estimado de leitura\" \/>\n\t<meta name=\"twitter:data2\" content=\"3 minutos\" \/>\n<script type=\"application\/ld+json\" class=\"yoast-schema-graph\">{\"@context\":\"https:\\\/\\\/schema.org\",\"@graph\":[{\"@type\":\"Article\",\"@id\":\"https:\\\/\\\/swisstrans.info\\\/pt-pt\\\/2026\\\/03\\\/11\\\/cargo-sous-terrain-com-nova-orientacao\\\/#article\",\"isPartOf\":{\"@id\":\"https:\\\/\\\/swisstrans.info\\\/pt-pt\\\/2026\\\/03\\\/11\\\/cargo-sous-terrain-com-nova-orientacao\\\/\"},\"author\":{\"name\":\"Andreas M\u00fcller\",\"@id\":\"https:\\\/\\\/swisstrans.info\\\/pt-pt\\\/#\\\/schema\\\/person\\\/7b1593b33567ba798d300c8a1b0b85b1\"},\"headline\":\"Cargo sous Terrain com nova orienta\u00e7\u00e3o\",\"datePublished\":\"2026-03-11T16:46:19+00:00\",\"mainEntityOfPage\":{\"@id\":\"https:\\\/\\\/swisstrans.info\\\/pt-pt\\\/2026\\\/03\\\/11\\\/cargo-sous-terrain-com-nova-orientacao\\\/\"},\"wordCount\":580,\"commentCount\":0,\"publisher\":{\"@id\":\"https:\\\/\\\/swisstrans.info\\\/pt-pt\\\/#organization\"},\"image\":{\"@id\":\"https:\\\/\\\/swisstrans.info\\\/pt-pt\\\/2026\\\/03\\\/11\\\/cargo-sous-terrain-com-nova-orientacao\\\/#primaryimage\"},\"thumbnailUrl\":\"https:\\\/\\\/swisstrans.info\\\/wp-content\\\/uploads\\\/sites\\\/8\\\/2026\\\/03\\\/Cargo_sous_Terrain_11.3.26-aspect-ratio-1400-788.png\",\"keywords\":[\"capacit\u00e9s de transport\",\"cha\u00eenes de transport\",\"conditions-cadres politiques\",\"coordination syst\u00e9mique\",\"CST\",\"Deutsch G\u00fcterverkehr\",\"development perspectives\",\"economic utilization\",\"Entwicklungsperspektiven\",\"Fachkr\u00e4ftemangel English freight transport\",\"fragmentation du transport de marchandises\",\"fragmentation in freight transport\",\"Fragmentierung im G\u00fcterverkehr\",\"freight logistics\",\"gestion de la cha\u00eene d'approvisionnement\",\"G\u00fcterlogistik\",\"infrastructure projects\",\"Infrastrukturprojekte\",\"livre blanc transport de marchandises\",\"logistique de fret\",\"logistique durable\",\"multimodal freight transport\",\"multimodaler G\u00fcterverkehr\",\"nachhaltige Logistik\",\"p\u00e9nurie de main-d'\u0153uvre\",\"perspectives de d\u00e9veloppement\",\"political framework conditions\",\"politique de transport\",\"politische Rahmenbedingungen\",\"projets d'infrastructure\",\"rail freight transport\",\"r\u00e9seau de transport Suisse\",\"Schieneng\u00fcterverkehr\",\"skills shortage Fran\u00e7ais transport de marchandises\",\"Supply Chain Management\",\"sustainable logistics\",\"syst\u00e8me de transport\",\"systemic coordination\",\"systemische Koordination\",\"technologies de transport\",\"transport capacities\",\"transport chains\",\"transport ferroviaire de marchandises\",\"transport multimodal de marchandises\",\"transport network Switzerland\",\"transport policy\",\"transport system\",\"transport technologies\",\"Transportkapazit\u00e4ten\",\"Transportketten\",\"Transporttechnologien\",\"utilisation \u00e9conomique\",\"Verkehrsnetz Schweiz\",\"Verkehrspolitik\",\"Verkehrssystem\",\"white paper freight transport\",\"Whitepaper G\u00fcterverkehr\",\"wirtschaftliche Nutzung\"],\"articleSection\":[\"Bahn \\\/ Binnenschifffahrt \\\/ Strasse\",\"Su\u00ed\u00e7a\"],\"inLanguage\":\"pt-PT\",\"potentialAction\":[{\"@type\":\"CommentAction\",\"name\":\"Comment\",\"target\":[\"https:\\\/\\\/swisstrans.info\\\/pt-pt\\\/2026\\\/03\\\/11\\\/cargo-sous-terrain-com-nova-orientacao\\\/#respond\"]}]},{\"@type\":\"WebPage\",\"@id\":\"https:\\\/\\\/swisstrans.info\\\/pt-pt\\\/2026\\\/03\\\/11\\\/cargo-sous-terrain-com-nova-orientacao\\\/\",\"url\":\"https:\\\/\\\/swisstrans.info\\\/pt-pt\\\/2026\\\/03\\\/11\\\/cargo-sous-terrain-com-nova-orientacao\\\/\",\"name\":\"Cargo sous Terrain com nova orienta\u00e7\u00e3o - Swisstrans\",\"isPartOf\":{\"@id\":\"https:\\\/\\\/swisstrans.info\\\/pt-pt\\\/#website\"},\"primaryImageOfPage\":{\"@id\":\"https:\\\/\\\/swisstrans.info\\\/pt-pt\\\/2026\\\/03\\\/11\\\/cargo-sous-terrain-com-nova-orientacao\\\/#primaryimage\"},\"image\":{\"@id\":\"https:\\\/\\\/swisstrans.info\\\/pt-pt\\\/2026\\\/03\\\/11\\\/cargo-sous-terrain-com-nova-orientacao\\\/#primaryimage\"},\"thumbnailUrl\":\"https:\\\/\\\/swisstrans.info\\\/wp-content\\\/uploads\\\/sites\\\/8\\\/2026\\\/03\\\/Cargo_sous_Terrain_11.3.26-aspect-ratio-1400-788.png\",\"datePublished\":\"2026-03-11T16:46:19+00:00\",\"breadcrumb\":{\"@id\":\"https:\\\/\\\/swisstrans.info\\\/pt-pt\\\/2026\\\/03\\\/11\\\/cargo-sous-terrain-com-nova-orientacao\\\/#breadcrumb\"},\"inLanguage\":\"pt-PT\",\"potentialAction\":[{\"@type\":\"ReadAction\",\"target\":[\"https:\\\/\\\/swisstrans.info\\\/pt-pt\\\/2026\\\/03\\\/11\\\/cargo-sous-terrain-com-nova-orientacao\\\/\"]}]},{\"@type\":\"ImageObject\",\"inLanguage\":\"pt-PT\",\"@id\":\"https:\\\/\\\/swisstrans.info\\\/pt-pt\\\/2026\\\/03\\\/11\\\/cargo-sous-terrain-com-nova-orientacao\\\/#primaryimage\",\"url\":\"https:\\\/\\\/swisstrans.info\\\/wp-content\\\/uploads\\\/sites\\\/8\\\/2026\\\/03\\\/Cargo_sous_Terrain_11.3.26-aspect-ratio-1400-788.png\",\"contentUrl\":\"https:\\\/\\\/swisstrans.info\\\/wp-content\\\/uploads\\\/sites\\\/8\\\/2026\\\/03\\\/Cargo_sous_Terrain_11.3.26-aspect-ratio-1400-788.png\",\"width\":1179,\"height\":664},{\"@type\":\"BreadcrumbList\",\"@id\":\"https:\\\/\\\/swisstrans.info\\\/pt-pt\\\/2026\\\/03\\\/11\\\/cargo-sous-terrain-com-nova-orientacao\\\/#breadcrumb\",\"itemListElement\":[{\"@type\":\"ListItem\",\"position\":1,\"name\":\"Startseite\",\"item\":\"https:\\\/\\\/swisstrans.info\\\/pt-pt\\\/\"},{\"@type\":\"ListItem\",\"position\":2,\"name\":\"Cargo sous Terrain com nova orienta\u00e7\u00e3o\"}]},{\"@type\":\"WebSite\",\"@id\":\"https:\\\/\\\/swisstrans.info\\\/pt-pt\\\/#website\",\"url\":\"https:\\\/\\\/swisstrans.info\\\/pt-pt\\\/\",\"name\":\"Swisstrans\",\"description\":\"A Swisstrans \u00e9 uma plataforma de informa\u00e7\u00e3o para transporte e log\u00edstica na Su\u00ed\u00e7a, existente desde 2002, que liga expedidores a fornecedores de produtos e servi\u00e7os.\",\"publisher\":{\"@id\":\"https:\\\/\\\/swisstrans.info\\\/pt-pt\\\/#organization\"},\"potentialAction\":[{\"@type\":\"SearchAction\",\"target\":{\"@type\":\"EntryPoint\",\"urlTemplate\":\"https:\\\/\\\/swisstrans.info\\\/pt-pt\\\/?s={search_term_string}\"},\"query-input\":{\"@type\":\"PropertyValueSpecification\",\"valueRequired\":true,\"valueName\":\"search_term_string\"}}],\"inLanguage\":\"pt-PT\"},{\"@type\":\"Organization\",\"@id\":\"https:\\\/\\\/swisstrans.info\\\/pt-pt\\\/#organization\",\"name\":\"Logismedia Group AG\",\"alternateName\":\"Logismedia Group AG\",\"url\":\"https:\\\/\\\/swisstrans.info\\\/pt-pt\\\/\",\"logo\":{\"@type\":\"ImageObject\",\"inLanguage\":\"pt-PT\",\"@id\":\"https:\\\/\\\/swisstrans.info\\\/pt-pt\\\/#\\\/schema\\\/logo\\\/image\\\/\",\"url\":\"https:\\\/\\\/swisstrans.info\\\/wp-content\\\/uploads\\\/sites\\\/8\\\/2026\\\/01\\\/swisstrans_logo.png\",\"contentUrl\":\"https:\\\/\\\/swisstrans.info\\\/wp-content\\\/uploads\\\/sites\\\/8\\\/2026\\\/01\\\/swisstrans_logo.png\",\"width\":823,\"height\":164,\"caption\":\"Logismedia Group AG\"},\"image\":{\"@id\":\"https:\\\/\\\/swisstrans.info\\\/pt-pt\\\/#\\\/schema\\\/logo\\\/image\\\/\"},\"sameAs\":[\"https:\\\/\\\/www.linkedin.com\\\/showcase\\\/swisstrans-info\\\/\"]},{\"@type\":\"Person\",\"@id\":\"https:\\\/\\\/swisstrans.info\\\/pt-pt\\\/#\\\/schema\\\/person\\\/7b1593b33567ba798d300c8a1b0b85b1\",\"name\":\"Andreas M\u00fcller\",\"url\":\"https:\\\/\\\/swisstrans.info\\\/pt-pt\\\/author\\\/logismedia\\\/\"}]}<\/script>\n<!-- \/ Yoast SEO plugin. -->","yoast_head_json":{"title":"Cargo sous Terrain com nova orienta\u00e7\u00e3o - Swisstrans","robots":{"index":"index","follow":"follow","max-snippet":"max-snippet:-1","max-image-preview":"max-image-preview:large","max-video-preview":"max-video-preview:-1"},"canonical":"https:\/\/swisstrans.info\/pt-pt\/2026\/03\/11\/cargo-sous-terrain-com-nova-orientacao\/","og_locale":"pt_PT","og_type":"article","og_title":"Cargo sous Terrain com nova orienta\u00e7\u00e3o - Swisstrans","og_description":"Solu\u00e7\u00f5es de transporte de mercadorias est\u00e3o se tornando cada vez mais importantes. Nesse contexto, a organiza\u00e7\u00e3o CST est\u00e1 se reestruturando estrategicamente. Ap\u00f3s o grande projeto de t\u00fanel inicialmente planejado n\u00e3o ter podido ser prosseguido no ano passado devido \u00e0s condi\u00e7\u00f5es pol\u00edticas, agora um rein\u00edcio com prioridades ajustadas est\u00e1 no centro das aten\u00e7\u00f5es. H\u00e1 mais de uma d\u00e9cada, a CST se dedica \u00e0s exig\u00eancias da log\u00edstica de mercadorias e desenvolve conceitos que visam desbloquear capacidades de transporte adicionais. O foco n\u00e3o est\u00e1 tanto na constru\u00e7\u00e3o de novas infraestruturas, mas sim na quest\u00e3o de como os sistemas existentes podem ser utilizados de forma mais eficiente e interconectados.  Projetos de infraestrutura politicamente desafiadores A constru\u00e7\u00e3o de grandes infraestruturas de transporte na Su\u00ed\u00e7a se tornou politicamente mais desafiadora. Projetos dessa magnitude necessitam de condi\u00e7\u00f5es regulat\u00f3rias est\u00e1veis, amplo apoio social e pol\u00edtico, al\u00e9m de um benef\u00edcio de transporte claramente demonstrado. No entanto, no projeto de t\u00fanel planejado, ficou evidente que essas condi\u00e7\u00f5es ainda n\u00e3o est\u00e3o totalmente atendidas. Nos pr\u00f3ximos anos, a pol\u00edtica de transporte, portanto, se concentrar\u00e1 mais na prioriza\u00e7\u00e3o, viabilidade financeira e melhor utiliza\u00e7\u00e3o da infraestrutura existente. Diante de recursos financeiros limitados e crescente press\u00e3o por a\u00e7\u00e3o, os projetos de expans\u00e3o est\u00e3o se tornando cada vez mais secund\u00e1rios. A reorienta\u00e7\u00e3o estrat\u00e9gica da CST se conecta exatamente a esse desenvolvimento. O foco est\u00e1 no desenvolvimento de tecnologias de transporte escal\u00e1veis que possam desbloquear capacidades existentes, at\u00e9 ent\u00e3o n\u00e3o utilizadas, no sistema de transporte.  Sistemas fragmentados no transporte de mercadorias O transporte de mercadorias atual \u00e9 caracterizado por uma forte fragmenta\u00e7\u00e3o. Diferentes atores otimizam seus processos de transporte, na maioria das vezes, de forma independente, enquanto a infraestrutura subjacente \u00e9 escassa, complexa e apenas limitadamente coordenada. Solu\u00e7\u00f5es conjuntas e intersistemas s\u00e3o, at\u00e9 agora, raras. Nesse contexto, a quest\u00e3o central \u00e9 qual estrat\u00e9gia abrangente pode permitir um desenvolvimento sustent\u00e1vel do transporte de mercadorias, sem ser exclusivamente determinada pelos interesses de curto prazo de atores individuais do mercado. Poss\u00edveis abordagens residem, em particular, na agrega\u00e7\u00e3o de demandas de transporte, na maior integra\u00e7\u00e3o de cadeias de transporte e na utiliza\u00e7\u00e3o econ\u00f4mica dos potenciais de sistemas existentes. Especialmente no transporte ferrovi\u00e1rio de mercadorias, ainda existem oportunidades n\u00e3o exploradas nesse contexto.  Whitepaper sobre o futuro do transporte multimodal de mercadorias As considera\u00e7\u00f5es e an\u00e1lises fundamentais foram resumidas em um whitepaper que investiga a situa\u00e7\u00e3o atual e poss\u00edveis perspectivas de desenvolvimento do transporte multimodal de mercadorias na Su\u00ed\u00e7a. O estudo ilumina estruturas centrais e fatores de influ\u00eancia que moldam o processo de transforma\u00e7\u00e3o do sistema de transporte. Uma conclus\u00e3o central \u00e9 que otimiza\u00e7\u00f5es isoladas de participantes individuais do mercado n\u00e3o s\u00e3o suficientes. Em vez disso, \u00e9 necess\u00e1ria uma coordena\u00e7\u00e3o e integra\u00e7\u00e3o sist\u00eamica mais forte dentro de toda a rede de transporte de mercadorias. O whitepaper intitulado \u201eDa otimiza\u00e7\u00e3o \u00e0 transforma\u00e7\u00e3o \u2013 Abordagens de desenvolvimento para a rede de transporte multimodal de mercadorias da Su\u00ed\u00e7a\u201c agora deve ser discutido dentro da comunidade especializada. O editorial da publica\u00e7\u00e3o \u00e9 de Ludwig H\u00e4berle, vice-diretor do Instituto de Gest\u00e3o de Produ\u00e7\u00e3o e Cadeia de Suprimentos da Universidade de St. Gallen. www.cst.ch","og_url":"https:\/\/swisstrans.info\/pt-pt\/2026\/03\/11\/cargo-sous-terrain-com-nova-orientacao\/","og_site_name":"Swisstrans","article_published_time":"2026-03-11T16:46:19+00:00","og_image":[{"url":"https:\/\/swisstrans.info\/wp-content\/uploads\/sites\/8\/2026\/03\/Cargo_sous_Terrain_11.3.26-aspect-ratio-1400-788.png","width":1179,"height":664,"type":"image\/png"}],"author":"Andreas M\u00fcller","twitter_card":"summary_large_image","twitter_misc":{"Escrito por":"Andreas M\u00fcller","Tempo estimado de leitura":"3 minutos"},"schema":{"@context":"https:\/\/schema.org","@graph":[{"@type":"Article","@id":"https:\/\/swisstrans.info\/pt-pt\/2026\/03\/11\/cargo-sous-terrain-com-nova-orientacao\/#article","isPartOf":{"@id":"https:\/\/swisstrans.info\/pt-pt\/2026\/03\/11\/cargo-sous-terrain-com-nova-orientacao\/"},"author":{"name":"Andreas M\u00fcller","@id":"https:\/\/swisstrans.info\/pt-pt\/#\/schema\/person\/7b1593b33567ba798d300c8a1b0b85b1"},"headline":"Cargo sous Terrain com nova orienta\u00e7\u00e3o","datePublished":"2026-03-11T16:46:19+00:00","mainEntityOfPage":{"@id":"https:\/\/swisstrans.info\/pt-pt\/2026\/03\/11\/cargo-sous-terrain-com-nova-orientacao\/"},"wordCount":580,"commentCount":0,"publisher":{"@id":"https:\/\/swisstrans.info\/pt-pt\/#organization"},"image":{"@id":"https:\/\/swisstrans.info\/pt-pt\/2026\/03\/11\/cargo-sous-terrain-com-nova-orientacao\/#primaryimage"},"thumbnailUrl":"https:\/\/swisstrans.info\/wp-content\/uploads\/sites\/8\/2026\/03\/Cargo_sous_Terrain_11.3.26-aspect-ratio-1400-788.png","keywords":["capacit\u00e9s de transport","cha\u00eenes de transport","conditions-cadres politiques","coordination syst\u00e9mique","CST","Deutsch G\u00fcterverkehr","development perspectives","economic utilization","Entwicklungsperspektiven","Fachkr\u00e4ftemangel English freight transport","fragmentation du transport de marchandises","fragmentation in freight transport","Fragmentierung im G\u00fcterverkehr","freight logistics","gestion de la cha\u00eene d'approvisionnement","G\u00fcterlogistik","infrastructure projects","Infrastrukturprojekte","livre blanc transport de marchandises","logistique de fret","logistique durable","multimodal freight transport","multimodaler G\u00fcterverkehr","nachhaltige Logistik","p\u00e9nurie de main-d'\u0153uvre","perspectives de d\u00e9veloppement","political framework conditions","politique de transport","politische Rahmenbedingungen","projets d'infrastructure","rail freight transport","r\u00e9seau de transport Suisse","Schieneng\u00fcterverkehr","skills shortage Fran\u00e7ais transport de marchandises","Supply Chain Management","sustainable logistics","syst\u00e8me de transport","systemic coordination","systemische Koordination","technologies de transport","transport capacities","transport chains","transport ferroviaire de marchandises","transport multimodal de marchandises","transport network Switzerland","transport policy","transport system","transport technologies","Transportkapazit\u00e4ten","Transportketten","Transporttechnologien","utilisation \u00e9conomique","Verkehrsnetz Schweiz","Verkehrspolitik","Verkehrssystem","white paper freight transport","Whitepaper G\u00fcterverkehr","wirtschaftliche Nutzung"],"articleSection":["Bahn \/ Binnenschifffahrt \/ Strasse","Su\u00ed\u00e7a"],"inLanguage":"pt-PT","potentialAction":[{"@type":"CommentAction","name":"Comment","target":["https:\/\/swisstrans.info\/pt-pt\/2026\/03\/11\/cargo-sous-terrain-com-nova-orientacao\/#respond"]}]},{"@type":"WebPage","@id":"https:\/\/swisstrans.info\/pt-pt\/2026\/03\/11\/cargo-sous-terrain-com-nova-orientacao\/","url":"https:\/\/swisstrans.info\/pt-pt\/2026\/03\/11\/cargo-sous-terrain-com-nova-orientacao\/","name":"Cargo sous Terrain com nova orienta\u00e7\u00e3o - Swisstrans","isPartOf":{"@id":"https:\/\/swisstrans.info\/pt-pt\/#website"},"primaryImageOfPage":{"@id":"https:\/\/swisstrans.info\/pt-pt\/2026\/03\/11\/cargo-sous-terrain-com-nova-orientacao\/#primaryimage"},"image":{"@id":"https:\/\/swisstrans.info\/pt-pt\/2026\/03\/11\/cargo-sous-terrain-com-nova-orientacao\/#primaryimage"},"thumbnailUrl":"https:\/\/swisstrans.info\/wp-content\/uploads\/sites\/8\/2026\/03\/Cargo_sous_Terrain_11.3.26-aspect-ratio-1400-788.png","datePublished":"2026-03-11T16:46:19+00:00","breadcrumb":{"@id":"https:\/\/swisstrans.info\/pt-pt\/2026\/03\/11\/cargo-sous-terrain-com-nova-orientacao\/#breadcrumb"},"inLanguage":"pt-PT","potentialAction":[{"@type":"ReadAction","target":["https:\/\/swisstrans.info\/pt-pt\/2026\/03\/11\/cargo-sous-terrain-com-nova-orientacao\/"]}]},{"@type":"ImageObject","inLanguage":"pt-PT","@id":"https:\/\/swisstrans.info\/pt-pt\/2026\/03\/11\/cargo-sous-terrain-com-nova-orientacao\/#primaryimage","url":"https:\/\/swisstrans.info\/wp-content\/uploads\/sites\/8\/2026\/03\/Cargo_sous_Terrain_11.3.26-aspect-ratio-1400-788.png","contentUrl":"https:\/\/swisstrans.info\/wp-content\/uploads\/sites\/8\/2026\/03\/Cargo_sous_Terrain_11.3.26-aspect-ratio-1400-788.png","width":1179,"height":664},{"@type":"BreadcrumbList","@id":"https:\/\/swisstrans.info\/pt-pt\/2026\/03\/11\/cargo-sous-terrain-com-nova-orientacao\/#breadcrumb","itemListElement":[{"@type":"ListItem","position":1,"name":"Startseite","item":"https:\/\/swisstrans.info\/pt-pt\/"},{"@type":"ListItem","position":2,"name":"Cargo sous Terrain com nova orienta\u00e7\u00e3o"}]},{"@type":"WebSite","@id":"https:\/\/swisstrans.info\/pt-pt\/#website","url":"https:\/\/swisstrans.info\/pt-pt\/","name":"Swisstrans","description":"A Swisstrans \u00e9 uma plataforma de informa\u00e7\u00e3o para transporte e log\u00edstica na Su\u00ed\u00e7a, existente desde 2002, que liga expedidores a fornecedores de produtos e servi\u00e7os.","publisher":{"@id":"https:\/\/swisstrans.info\/pt-pt\/#organization"},"potentialAction":[{"@type":"SearchAction","target":{"@type":"EntryPoint","urlTemplate":"https:\/\/swisstrans.info\/pt-pt\/?s={search_term_string}"},"query-input":{"@type":"PropertyValueSpecification","valueRequired":true,"valueName":"search_term_string"}}],"inLanguage":"pt-PT"},{"@type":"Organization","@id":"https:\/\/swisstrans.info\/pt-pt\/#organization","name":"Logismedia Group AG","alternateName":"Logismedia Group AG","url":"https:\/\/swisstrans.info\/pt-pt\/","logo":{"@type":"ImageObject","inLanguage":"pt-PT","@id":"https:\/\/swisstrans.info\/pt-pt\/#\/schema\/logo\/image\/","url":"https:\/\/swisstrans.info\/wp-content\/uploads\/sites\/8\/2026\/01\/swisstrans_logo.png","contentUrl":"https:\/\/swisstrans.info\/wp-content\/uploads\/sites\/8\/2026\/01\/swisstrans_logo.png","width":823,"height":164,"caption":"Logismedia Group AG"},"image":{"@id":"https:\/\/swisstrans.info\/pt-pt\/#\/schema\/logo\/image\/"},"sameAs":["https:\/\/www.linkedin.com\/showcase\/swisstrans-info\/"]},{"@type":"Person","@id":"https:\/\/swisstrans.info\/pt-pt\/#\/schema\/person\/7b1593b33567ba798d300c8a1b0b85b1","name":"Andreas M\u00fcller","url":"https:\/\/swisstrans.info\/pt-pt\/author\/logismedia\/"}]}},"_links":{"self":[{"href":"https:\/\/swisstrans.info\/pt-pt\/wp-json\/wp\/v2\/posts\/100218","targetHints":{"allow":["GET"]}}],"collection":[{"href":"https:\/\/swisstrans.info\/pt-pt\/wp-json\/wp\/v2\/posts"}],"about":[{"href":"https:\/\/swisstrans.info\/pt-pt\/wp-json\/wp\/v2\/types\/post"}],"author":[{"embeddable":true,"href":"https:\/\/swisstrans.info\/pt-pt\/wp-json\/wp\/v2\/users\/7"}],"replies":[{"embeddable":true,"href":"https:\/\/swisstrans.info\/pt-pt\/wp-json\/wp\/v2\/comments?post=100218"}],"version-history":[{"count":0,"href":"https:\/\/swisstrans.info\/pt-pt\/wp-json\/wp\/v2\/posts\/100218\/revisions"}],"wp:featuredmedia":[{"embeddable":true,"href":"https:\/\/swisstrans.info\/pt-pt\/wp-json\/wp\/v2\/media\/100213"}],"wp:attachment":[{"href":"https:\/\/swisstrans.info\/pt-pt\/wp-json\/wp\/v2\/media?parent=100218"}],"wp:term":[{"taxonomy":"category","embeddable":true,"href":"https:\/\/swisstrans.info\/pt-pt\/wp-json\/wp\/v2\/categories?post=100218"},{"taxonomy":"post_tag","embeddable":true,"href":"https:\/\/swisstrans.info\/pt-pt\/wp-json\/wp\/v2\/tags?post=100218"}],"curies":[{"name":"wp","href":"https:\/\/api.w.org\/{rel}","templated":true}]}}