{"id":100234,"date":"2026-03-12T13:07:30","date_gmt":"2026-03-12T13:07:30","guid":{"rendered":"https:\/\/swisstrans.info\/2026\/03\/12\/schweizerische-post-com-queda-de-receita-em-2025\/"},"modified":"2026-03-12T13:07:30","modified_gmt":"2026-03-12T13:07:30","slug":"schweizerische-post-com-queda-de-receita-em-2025","status":"publish","type":"post","link":"https:\/\/swisstrans.info\/pt-pt\/2026\/03\/12\/schweizerische-post-com-queda-de-receita-em-2025\/","title":{"rendered":"Schweizerische Post com queda de receita em 2025"},"content":{"rendered":"<p>A Post apresentou seu balan\u00e7o anual em condi\u00e7\u00f5es dif\u00edceis, ofuscadas por uma trag\u00e9dia. Em um inc\u00eandio de um ve\u00edculo postal na comuna de Kerzers, em Freiburg, v\u00e1rias pessoas perderam a vida, incluindo o motorista do ve\u00edculo. O conselho de administra\u00e7\u00e3o e a dire\u00e7\u00e3o do grupo expressam suas condol\u00eancias aos familiares e apoiam as investiga\u00e7\u00f5es em andamento das autoridades competentes. Apesar dessas circunst\u00e2ncias tr\u00e1gicas, a Post apresenta seu balan\u00e7o anual, demonstrando assim sua responsabilidade para com a popula\u00e7\u00e3o.<\/p>\n<h3>Resultados financeiros em resumo<\/h3>\n<p>Nos neg\u00f3cios operacionais, a Post conseguiu um resultado operacional de 332 milh\u00f5es de francos, o que representa uma queda de 82 milh\u00f5es de francos em compara\u00e7\u00e3o ao ano anterior. O lucro do grupo caiu 20 milh\u00f5es de francos, totalizando 315 milh\u00f5es de francos. O sucesso da PostFinance contribuiu significativamente para esse resultado, apesar dos desafios de um ambiente de juros dif\u00edcil. O CEO Pascal Grieder enfatiza que, sem a contribui\u00e7\u00e3o da PostFinance, o resultado operacional teria sido quase equilibrado. Alex Glanzmann, chefe de finan\u00e7as, destaca que a Post permaneceu eficiente, apesar das condi\u00e7\u00f5es desafiadoras.<\/p>\n<p>A transforma\u00e7\u00e3o digital mostra desenvolvimentos positivos. O novo aplicativo da Post est\u00e1 se tornando cada vez mais popular, e o n\u00famero de envios enviados digitalmente aumentou em 60% em 2025, totalizando 4,5 milh\u00f5es. Al\u00e9m disso, 360.000 clientes particulares assinaram o recebimento de envios digitais, o que representa um aumento de 90% em compara\u00e7\u00e3o ao ano anterior. Esses desenvolvimentos destacam a crescente import\u00e2ncia da comunica\u00e7\u00e3o digital.<\/p>\n<h3>Desenvolvimentos no mercado de log\u00edstica e correspond\u00eancia<\/h3>\n<p>Na \u00e1rea de log\u00edstica, a Post registrou um aumento no volume de pacotes para 186,6 milh\u00f5es de envios, o que corresponde a um aumento de 3,7%. A PostFinance conseguiu um resultado operacional de 290 milh\u00f5es de francos, apoiada por novas solu\u00e7\u00f5es digitais de investimento e previd\u00eancia. Em contraste, o mercado de correspond\u00eancia experimentou uma queda de 4,2% nos envios endere\u00e7ados, resultando em uma queda de receita de 85 milh\u00f5es de francos nos neg\u00f3cios de cartas e jornais.<\/p>\n<p>Para enfrentar os desafios financeiros, a Post planeja aprimorar sua estrat\u00e9gia at\u00e9 2030. O foco est\u00e1 no fortalecimento das \u00e1reas principais de log\u00edstica, comunica\u00e7\u00e3o, mobilidade e servi\u00e7os financeiros. O CEO Grieder explica que a Post deseja trabalhar menos, mas com mais foco e impacto. O objetivo \u00e9 aumentar a contribui\u00e7\u00e3o de lucro do neg\u00f3cio de pacotes e acelerar o crescimento no setor de investimentos.<\/p>\n<h3>Perspectivas e medidas estrat\u00e9gicas<\/h3>\n<p>A Post continuar\u00e1 a realizar ajustes de pre\u00e7os e a reduzir custos internos para garantir um fornecimento b\u00e1sico financeiramente vi\u00e1vel. At\u00e9 2030, os processos nas \u00e1reas internas devem ser simplificados para trabalhar de forma mais eficiente. Al\u00e9m disso, a Post depender\u00e1 do apoio da pol\u00edtica para conduzir um di\u00e1logo sobre a extens\u00e3o do fornecimento b\u00e1sico e preservar a liberdade empresarial.<\/p>\n<p>O CEO Grieder elogia a solidariedade dentro da empresa e enfatiza a for\u00e7a da equipe, especialmente em tempos dif\u00edceis. A Post continuar\u00e1 a oferecer seus servi\u00e7os e enfrentar os desafios do mercado, enquanto mant\u00e9m seus pensamentos nas v\u00edtimas da trag\u00e9dia.<\/p>\n<p><a href=\"http:\/\/www.post.ch\" target=\"_blank\" rel=\"noopener noreferrer\">www.post.ch<\/a><\/p>\n","protected":false},"excerpt":{"rendered":"<p>Quantidade de pacotes chega a 186,6 milh\u00f5es de envios, o que corresponde a um aumento de 3,7 por cento.<\/p>\n","protected":false},"author":7,"featured_media":100229,"comment_status":"open","ping_status":"open","sticky":false,"template":"","format":"standard","meta":{"_acf_changed":false,"footnotes":""},"categories":[6740,6742,6365],"tags":[7963,7964,7965,7966,7967,7968,7969,7970,7971,7972,7973,7974,7975,7546,7976,2211,7977,2212,7978,7979,7980,7981,7982,7983,7984,7985,7986,2133,1831,3750,7987,7988,7989,7990,7991,7992,7993,7994,3756,3757,7995,7996,2148,7997,7998,7999,8000,8001,7622,8002,8003,8004,8005,8006,8007,2242,8008],"class_list":["post-100234","post","type-post","status-publish","format-standard","has-post-thumbnail","hentry","category-bahn-binnenschifffahrt-strasse","category-europa","category-suica","tag-accident-tragique","tag-activite-dinvestissement","tag-ajustements-de-prix","tag-anlagegeschaeft","tag-annual-report","tag-baisse-de-revenus","tag-baisse-des-revenus-2025","tag-basic-services","tag-betriebsergebnis","tag-briefmarkt","tag-challenges-of-the-post-francais-poste-suisse","tag-communication-numerique","tag-defis-de-la-poste","tag-deutsch-schweizerische-post","tag-digital-communication","tag-digital-transformation","tag-digitale-kommunikation","tag-digitale-transformation","tag-ertragsrueckgang-2025","tag-financial-services","tag-finanzdienstleistungen","tag-grundversorgung","tag-herausforderungen-der-post-english-swiss-post","tag-interne-kosten-senken","tag-investment-business","tag-jahresbilanz","tag-kerzers","tag-logistics-service-providers","tag-logistikdienstleister","tag-logistique-de-colis","tag-mail-market","tag-marche-postal","tag-market-strategies","tag-marktstrategien","tag-mobilitaet","tag-mobilite","tag-mobility","tag-operating-result","tag-paketlogistik","tag-parcel-logistics","tag-postfinance","tag-preisanpassungen","tag-prestataires-de-services-logistiques","tag-price-adjustments","tag-rapport-annuel","tag-reduce-internal-costs","tag-reduction-des-couts-internes","tag-resultat-dexploitation","tag-revenue-decline-2025","tag-revenue-drop","tag-services-de-base","tag-services-financiers","tag-strategies-de-marche","tag-tragic-accident","tag-tragisches-unglueck","tag-transformation-numerique","tag-umsatzrueckgang"],"acf":[],"yoast_head":"<!-- This site is optimized with the Yoast SEO plugin v27.3 - https:\/\/yoast.com\/product\/yoast-seo-wordpress\/ -->\n<title>Schweizerische Post com queda de receita em 2025 - Swisstrans<\/title>\n<meta name=\"robots\" content=\"index, follow, max-snippet:-1, max-image-preview:large, max-video-preview:-1\" \/>\n<link rel=\"canonical\" href=\"https:\/\/swisstrans.info\/pt-pt\/2026\/03\/12\/schweizerische-post-com-queda-de-receita-em-2025\/\" \/>\n<meta property=\"og:locale\" content=\"pt_PT\" \/>\n<meta property=\"og:type\" content=\"article\" \/>\n<meta property=\"og:title\" content=\"Schweizerische Post com queda de receita em 2025 - Swisstrans\" \/>\n<meta property=\"og:description\" content=\"Quantidade de pacotes chega a 186,6 milh\u00f5es de envios, o que corresponde a um aumento de 3,7 por cento.\" \/>\n<meta property=\"og:url\" content=\"https:\/\/swisstrans.info\/pt-pt\/2026\/03\/12\/schweizerische-post-com-queda-de-receita-em-2025\/\" \/>\n<meta property=\"og:site_name\" content=\"Swisstrans\" \/>\n<meta property=\"article:published_time\" content=\"2026-03-12T13:07:30+00:00\" \/>\n<meta property=\"og:image\" content=\"https:\/\/swisstrans.info\/wp-content\/uploads\/sites\/8\/2026\/03\/Post_CH_12.3.26-scaled-1.jpg\" \/>\n\t<meta property=\"og:image:width\" content=\"2560\" \/>\n\t<meta property=\"og:image:height\" content=\"1440\" \/>\n\t<meta property=\"og:image:type\" content=\"image\/jpeg\" \/>\n<meta name=\"author\" content=\"Andreas M\u00fcller\" \/>\n<meta name=\"twitter:card\" content=\"summary_large_image\" \/>\n<meta name=\"twitter:label1\" content=\"Escrito por\" \/>\n\t<meta name=\"twitter:data1\" content=\"Andreas M\u00fcller\" \/>\n\t<meta name=\"twitter:label2\" content=\"Tempo estimado de leitura\" \/>\n\t<meta name=\"twitter:data2\" content=\"3 minutos\" \/>\n<script type=\"application\/ld+json\" class=\"yoast-schema-graph\">{\"@context\":\"https:\\\/\\\/schema.org\",\"@graph\":[{\"@type\":\"Article\",\"@id\":\"https:\\\/\\\/swisstrans.info\\\/pt-pt\\\/2026\\\/03\\\/12\\\/schweizerische-post-com-queda-de-receita-em-2025\\\/#article\",\"isPartOf\":{\"@id\":\"https:\\\/\\\/swisstrans.info\\\/pt-pt\\\/2026\\\/03\\\/12\\\/schweizerische-post-com-queda-de-receita-em-2025\\\/\"},\"author\":{\"name\":\"Andreas M\u00fcller\",\"@id\":\"https:\\\/\\\/swisstrans.info\\\/pt-pt\\\/#\\\/schema\\\/person\\\/7b1593b33567ba798d300c8a1b0b85b1\"},\"headline\":\"Schweizerische Post com queda de receita em 2025\",\"datePublished\":\"2026-03-12T13:07:30+00:00\",\"mainEntityOfPage\":{\"@id\":\"https:\\\/\\\/swisstrans.info\\\/pt-pt\\\/2026\\\/03\\\/12\\\/schweizerische-post-com-queda-de-receita-em-2025\\\/\"},\"wordCount\":550,\"commentCount\":0,\"publisher\":{\"@id\":\"https:\\\/\\\/swisstrans.info\\\/pt-pt\\\/#organization\"},\"image\":{\"@id\":\"https:\\\/\\\/swisstrans.info\\\/pt-pt\\\/2026\\\/03\\\/12\\\/schweizerische-post-com-queda-de-receita-em-2025\\\/#primaryimage\"},\"thumbnailUrl\":\"https:\\\/\\\/swisstrans.info\\\/wp-content\\\/uploads\\\/sites\\\/8\\\/2026\\\/03\\\/Post_CH_12.3.26-scaled-1.jpg\",\"keywords\":[\"accident tragique\",\"activit\u00e9 d'investissement\",\"ajustements de prix\",\"Anlagegesch\u00e4ft\",\"annual report\",\"baisse de revenus\",\"baisse des revenus 2025\",\"basic services\",\"Betriebsergebnis\",\"Briefmarkt\",\"challenges of the Post Fran\u00e7ais Poste suisse\",\"communication num\u00e9rique\",\"d\u00e9fis de la Poste\",\"Deutsch Schweizerische Post\",\"digital communication\",\"digital transformation\",\"digitale Kommunikation\",\"digitale Transformation\",\"Ertragsr\u00fcckgang 2025\",\"financial services\",\"Finanzdienstleistungen\",\"Grundversorgung\",\"Herausforderungen der Post English Swiss Post\",\"interne Kosten senken\",\"investment business\",\"Jahresbilanz\",\"Kerzers\",\"logistics service providers\",\"Logistikdienstleister\",\"logistique de colis\",\"mail market\",\"march\u00e9 postal\",\"market strategies\",\"Marktstrategien\",\"Mobilit\u00e4t\",\"mobilit\u00e9\",\"mobility\",\"operating result\",\"Paketlogistik\",\"parcel logistics\",\"PostFinance\",\"Preisanpassungen\",\"prestataires de services logistiques\",\"price adjustments\",\"rapport annuel\",\"reduce internal costs\",\"r\u00e9duction des co\u00fbts internes\",\"r\u00e9sultat d'exploitation\",\"revenue decline 2025\",\"revenue drop\",\"services de base\",\"services financiers\",\"strat\u00e9gies de march\u00e9\",\"tragic accident\",\"tragisches Ungl\u00fcck\",\"transformation num\u00e9rique\",\"Umsatzr\u00fcckgang\"],\"articleSection\":[\"Bahn \\\/ Binnenschifffahrt \\\/ Strasse\",\"Europa\",\"Su\u00ed\u00e7a\"],\"inLanguage\":\"pt-PT\",\"potentialAction\":[{\"@type\":\"CommentAction\",\"name\":\"Comment\",\"target\":[\"https:\\\/\\\/swisstrans.info\\\/pt-pt\\\/2026\\\/03\\\/12\\\/schweizerische-post-com-queda-de-receita-em-2025\\\/#respond\"]}]},{\"@type\":\"WebPage\",\"@id\":\"https:\\\/\\\/swisstrans.info\\\/pt-pt\\\/2026\\\/03\\\/12\\\/schweizerische-post-com-queda-de-receita-em-2025\\\/\",\"url\":\"https:\\\/\\\/swisstrans.info\\\/pt-pt\\\/2026\\\/03\\\/12\\\/schweizerische-post-com-queda-de-receita-em-2025\\\/\",\"name\":\"Schweizerische Post com queda de receita em 2025 - Swisstrans\",\"isPartOf\":{\"@id\":\"https:\\\/\\\/swisstrans.info\\\/pt-pt\\\/#website\"},\"primaryImageOfPage\":{\"@id\":\"https:\\\/\\\/swisstrans.info\\\/pt-pt\\\/2026\\\/03\\\/12\\\/schweizerische-post-com-queda-de-receita-em-2025\\\/#primaryimage\"},\"image\":{\"@id\":\"https:\\\/\\\/swisstrans.info\\\/pt-pt\\\/2026\\\/03\\\/12\\\/schweizerische-post-com-queda-de-receita-em-2025\\\/#primaryimage\"},\"thumbnailUrl\":\"https:\\\/\\\/swisstrans.info\\\/wp-content\\\/uploads\\\/sites\\\/8\\\/2026\\\/03\\\/Post_CH_12.3.26-scaled-1.jpg\",\"datePublished\":\"2026-03-12T13:07:30+00:00\",\"breadcrumb\":{\"@id\":\"https:\\\/\\\/swisstrans.info\\\/pt-pt\\\/2026\\\/03\\\/12\\\/schweizerische-post-com-queda-de-receita-em-2025\\\/#breadcrumb\"},\"inLanguage\":\"pt-PT\",\"potentialAction\":[{\"@type\":\"ReadAction\",\"target\":[\"https:\\\/\\\/swisstrans.info\\\/pt-pt\\\/2026\\\/03\\\/12\\\/schweizerische-post-com-queda-de-receita-em-2025\\\/\"]}]},{\"@type\":\"ImageObject\",\"inLanguage\":\"pt-PT\",\"@id\":\"https:\\\/\\\/swisstrans.info\\\/pt-pt\\\/2026\\\/03\\\/12\\\/schweizerische-post-com-queda-de-receita-em-2025\\\/#primaryimage\",\"url\":\"https:\\\/\\\/swisstrans.info\\\/wp-content\\\/uploads\\\/sites\\\/8\\\/2026\\\/03\\\/Post_CH_12.3.26-scaled-1.jpg\",\"contentUrl\":\"https:\\\/\\\/swisstrans.info\\\/wp-content\\\/uploads\\\/sites\\\/8\\\/2026\\\/03\\\/Post_CH_12.3.26-scaled-1.jpg\",\"width\":2560,\"height\":1440},{\"@type\":\"BreadcrumbList\",\"@id\":\"https:\\\/\\\/swisstrans.info\\\/pt-pt\\\/2026\\\/03\\\/12\\\/schweizerische-post-com-queda-de-receita-em-2025\\\/#breadcrumb\",\"itemListElement\":[{\"@type\":\"ListItem\",\"position\":1,\"name\":\"Startseite\",\"item\":\"https:\\\/\\\/swisstrans.info\\\/pt-pt\\\/\"},{\"@type\":\"ListItem\",\"position\":2,\"name\":\"Schweizerische Post com queda de receita em 2025\"}]},{\"@type\":\"WebSite\",\"@id\":\"https:\\\/\\\/swisstrans.info\\\/pt-pt\\\/#website\",\"url\":\"https:\\\/\\\/swisstrans.info\\\/pt-pt\\\/\",\"name\":\"Swisstrans\",\"description\":\"A Swisstrans \u00e9 uma plataforma de informa\u00e7\u00e3o para transporte e log\u00edstica na Su\u00ed\u00e7a, existente desde 2002, que liga expedidores a fornecedores de produtos e servi\u00e7os.\",\"publisher\":{\"@id\":\"https:\\\/\\\/swisstrans.info\\\/pt-pt\\\/#organization\"},\"potentialAction\":[{\"@type\":\"SearchAction\",\"target\":{\"@type\":\"EntryPoint\",\"urlTemplate\":\"https:\\\/\\\/swisstrans.info\\\/pt-pt\\\/?s={search_term_string}\"},\"query-input\":{\"@type\":\"PropertyValueSpecification\",\"valueRequired\":true,\"valueName\":\"search_term_string\"}}],\"inLanguage\":\"pt-PT\"},{\"@type\":\"Organization\",\"@id\":\"https:\\\/\\\/swisstrans.info\\\/pt-pt\\\/#organization\",\"name\":\"Logismedia Group AG\",\"alternateName\":\"Logismedia Group AG\",\"url\":\"https:\\\/\\\/swisstrans.info\\\/pt-pt\\\/\",\"logo\":{\"@type\":\"ImageObject\",\"inLanguage\":\"pt-PT\",\"@id\":\"https:\\\/\\\/swisstrans.info\\\/pt-pt\\\/#\\\/schema\\\/logo\\\/image\\\/\",\"url\":\"https:\\\/\\\/swisstrans.info\\\/wp-content\\\/uploads\\\/sites\\\/8\\\/2026\\\/01\\\/swisstrans_logo.png\",\"contentUrl\":\"https:\\\/\\\/swisstrans.info\\\/wp-content\\\/uploads\\\/sites\\\/8\\\/2026\\\/01\\\/swisstrans_logo.png\",\"width\":823,\"height\":164,\"caption\":\"Logismedia Group AG\"},\"image\":{\"@id\":\"https:\\\/\\\/swisstrans.info\\\/pt-pt\\\/#\\\/schema\\\/logo\\\/image\\\/\"},\"sameAs\":[\"https:\\\/\\\/www.linkedin.com\\\/showcase\\\/swisstrans-info\\\/\"]},{\"@type\":\"Person\",\"@id\":\"https:\\\/\\\/swisstrans.info\\\/pt-pt\\\/#\\\/schema\\\/person\\\/7b1593b33567ba798d300c8a1b0b85b1\",\"name\":\"Andreas M\u00fcller\",\"url\":\"https:\\\/\\\/swisstrans.info\\\/pt-pt\\\/author\\\/logismedia\\\/\"}]}<\/script>\n<!-- \/ Yoast SEO plugin. -->","yoast_head_json":{"title":"Schweizerische Post com queda de receita em 2025 - Swisstrans","robots":{"index":"index","follow":"follow","max-snippet":"max-snippet:-1","max-image-preview":"max-image-preview:large","max-video-preview":"max-video-preview:-1"},"canonical":"https:\/\/swisstrans.info\/pt-pt\/2026\/03\/12\/schweizerische-post-com-queda-de-receita-em-2025\/","og_locale":"pt_PT","og_type":"article","og_title":"Schweizerische Post com queda de receita em 2025 - Swisstrans","og_description":"Quantidade de pacotes chega a 186,6 milh\u00f5es de envios, o que corresponde a um aumento de 3,7 por cento.","og_url":"https:\/\/swisstrans.info\/pt-pt\/2026\/03\/12\/schweizerische-post-com-queda-de-receita-em-2025\/","og_site_name":"Swisstrans","article_published_time":"2026-03-12T13:07:30+00:00","og_image":[{"width":2560,"height":1440,"url":"https:\/\/swisstrans.info\/wp-content\/uploads\/sites\/8\/2026\/03\/Post_CH_12.3.26-scaled-1.jpg","type":"image\/jpeg"}],"author":"Andreas M\u00fcller","twitter_card":"summary_large_image","twitter_misc":{"Escrito por":"Andreas M\u00fcller","Tempo estimado de leitura":"3 minutos"},"schema":{"@context":"https:\/\/schema.org","@graph":[{"@type":"Article","@id":"https:\/\/swisstrans.info\/pt-pt\/2026\/03\/12\/schweizerische-post-com-queda-de-receita-em-2025\/#article","isPartOf":{"@id":"https:\/\/swisstrans.info\/pt-pt\/2026\/03\/12\/schweizerische-post-com-queda-de-receita-em-2025\/"},"author":{"name":"Andreas M\u00fcller","@id":"https:\/\/swisstrans.info\/pt-pt\/#\/schema\/person\/7b1593b33567ba798d300c8a1b0b85b1"},"headline":"Schweizerische Post com queda de receita em 2025","datePublished":"2026-03-12T13:07:30+00:00","mainEntityOfPage":{"@id":"https:\/\/swisstrans.info\/pt-pt\/2026\/03\/12\/schweizerische-post-com-queda-de-receita-em-2025\/"},"wordCount":550,"commentCount":0,"publisher":{"@id":"https:\/\/swisstrans.info\/pt-pt\/#organization"},"image":{"@id":"https:\/\/swisstrans.info\/pt-pt\/2026\/03\/12\/schweizerische-post-com-queda-de-receita-em-2025\/#primaryimage"},"thumbnailUrl":"https:\/\/swisstrans.info\/wp-content\/uploads\/sites\/8\/2026\/03\/Post_CH_12.3.26-scaled-1.jpg","keywords":["accident tragique","activit\u00e9 d'investissement","ajustements de prix","Anlagegesch\u00e4ft","annual report","baisse de revenus","baisse des revenus 2025","basic services","Betriebsergebnis","Briefmarkt","challenges of the Post Fran\u00e7ais Poste suisse","communication num\u00e9rique","d\u00e9fis de la Poste","Deutsch Schweizerische Post","digital communication","digital transformation","digitale Kommunikation","digitale Transformation","Ertragsr\u00fcckgang 2025","financial services","Finanzdienstleistungen","Grundversorgung","Herausforderungen der Post English Swiss Post","interne Kosten senken","investment business","Jahresbilanz","Kerzers","logistics service providers","Logistikdienstleister","logistique de colis","mail market","march\u00e9 postal","market strategies","Marktstrategien","Mobilit\u00e4t","mobilit\u00e9","mobility","operating result","Paketlogistik","parcel logistics","PostFinance","Preisanpassungen","prestataires de services logistiques","price adjustments","rapport annuel","reduce internal costs","r\u00e9duction des co\u00fbts internes","r\u00e9sultat d'exploitation","revenue decline 2025","revenue drop","services de base","services financiers","strat\u00e9gies de march\u00e9","tragic accident","tragisches Ungl\u00fcck","transformation num\u00e9rique","Umsatzr\u00fcckgang"],"articleSection":["Bahn \/ Binnenschifffahrt \/ Strasse","Europa","Su\u00ed\u00e7a"],"inLanguage":"pt-PT","potentialAction":[{"@type":"CommentAction","name":"Comment","target":["https:\/\/swisstrans.info\/pt-pt\/2026\/03\/12\/schweizerische-post-com-queda-de-receita-em-2025\/#respond"]}]},{"@type":"WebPage","@id":"https:\/\/swisstrans.info\/pt-pt\/2026\/03\/12\/schweizerische-post-com-queda-de-receita-em-2025\/","url":"https:\/\/swisstrans.info\/pt-pt\/2026\/03\/12\/schweizerische-post-com-queda-de-receita-em-2025\/","name":"Schweizerische Post com queda de receita em 2025 - Swisstrans","isPartOf":{"@id":"https:\/\/swisstrans.info\/pt-pt\/#website"},"primaryImageOfPage":{"@id":"https:\/\/swisstrans.info\/pt-pt\/2026\/03\/12\/schweizerische-post-com-queda-de-receita-em-2025\/#primaryimage"},"image":{"@id":"https:\/\/swisstrans.info\/pt-pt\/2026\/03\/12\/schweizerische-post-com-queda-de-receita-em-2025\/#primaryimage"},"thumbnailUrl":"https:\/\/swisstrans.info\/wp-content\/uploads\/sites\/8\/2026\/03\/Post_CH_12.3.26-scaled-1.jpg","datePublished":"2026-03-12T13:07:30+00:00","breadcrumb":{"@id":"https:\/\/swisstrans.info\/pt-pt\/2026\/03\/12\/schweizerische-post-com-queda-de-receita-em-2025\/#breadcrumb"},"inLanguage":"pt-PT","potentialAction":[{"@type":"ReadAction","target":["https:\/\/swisstrans.info\/pt-pt\/2026\/03\/12\/schweizerische-post-com-queda-de-receita-em-2025\/"]}]},{"@type":"ImageObject","inLanguage":"pt-PT","@id":"https:\/\/swisstrans.info\/pt-pt\/2026\/03\/12\/schweizerische-post-com-queda-de-receita-em-2025\/#primaryimage","url":"https:\/\/swisstrans.info\/wp-content\/uploads\/sites\/8\/2026\/03\/Post_CH_12.3.26-scaled-1.jpg","contentUrl":"https:\/\/swisstrans.info\/wp-content\/uploads\/sites\/8\/2026\/03\/Post_CH_12.3.26-scaled-1.jpg","width":2560,"height":1440},{"@type":"BreadcrumbList","@id":"https:\/\/swisstrans.info\/pt-pt\/2026\/03\/12\/schweizerische-post-com-queda-de-receita-em-2025\/#breadcrumb","itemListElement":[{"@type":"ListItem","position":1,"name":"Startseite","item":"https:\/\/swisstrans.info\/pt-pt\/"},{"@type":"ListItem","position":2,"name":"Schweizerische Post com queda de receita em 2025"}]},{"@type":"WebSite","@id":"https:\/\/swisstrans.info\/pt-pt\/#website","url":"https:\/\/swisstrans.info\/pt-pt\/","name":"Swisstrans","description":"A Swisstrans \u00e9 uma plataforma de informa\u00e7\u00e3o para transporte e log\u00edstica na Su\u00ed\u00e7a, existente desde 2002, que liga expedidores a fornecedores de produtos e servi\u00e7os.","publisher":{"@id":"https:\/\/swisstrans.info\/pt-pt\/#organization"},"potentialAction":[{"@type":"SearchAction","target":{"@type":"EntryPoint","urlTemplate":"https:\/\/swisstrans.info\/pt-pt\/?s={search_term_string}"},"query-input":{"@type":"PropertyValueSpecification","valueRequired":true,"valueName":"search_term_string"}}],"inLanguage":"pt-PT"},{"@type":"Organization","@id":"https:\/\/swisstrans.info\/pt-pt\/#organization","name":"Logismedia Group AG","alternateName":"Logismedia Group AG","url":"https:\/\/swisstrans.info\/pt-pt\/","logo":{"@type":"ImageObject","inLanguage":"pt-PT","@id":"https:\/\/swisstrans.info\/pt-pt\/#\/schema\/logo\/image\/","url":"https:\/\/swisstrans.info\/wp-content\/uploads\/sites\/8\/2026\/01\/swisstrans_logo.png","contentUrl":"https:\/\/swisstrans.info\/wp-content\/uploads\/sites\/8\/2026\/01\/swisstrans_logo.png","width":823,"height":164,"caption":"Logismedia Group AG"},"image":{"@id":"https:\/\/swisstrans.info\/pt-pt\/#\/schema\/logo\/image\/"},"sameAs":["https:\/\/www.linkedin.com\/showcase\/swisstrans-info\/"]},{"@type":"Person","@id":"https:\/\/swisstrans.info\/pt-pt\/#\/schema\/person\/7b1593b33567ba798d300c8a1b0b85b1","name":"Andreas M\u00fcller","url":"https:\/\/swisstrans.info\/pt-pt\/author\/logismedia\/"}]}},"_links":{"self":[{"href":"https:\/\/swisstrans.info\/pt-pt\/wp-json\/wp\/v2\/posts\/100234","targetHints":{"allow":["GET"]}}],"collection":[{"href":"https:\/\/swisstrans.info\/pt-pt\/wp-json\/wp\/v2\/posts"}],"about":[{"href":"https:\/\/swisstrans.info\/pt-pt\/wp-json\/wp\/v2\/types\/post"}],"author":[{"embeddable":true,"href":"https:\/\/swisstrans.info\/pt-pt\/wp-json\/wp\/v2\/users\/7"}],"replies":[{"embeddable":true,"href":"https:\/\/swisstrans.info\/pt-pt\/wp-json\/wp\/v2\/comments?post=100234"}],"version-history":[{"count":0,"href":"https:\/\/swisstrans.info\/pt-pt\/wp-json\/wp\/v2\/posts\/100234\/revisions"}],"wp:featuredmedia":[{"embeddable":true,"href":"https:\/\/swisstrans.info\/pt-pt\/wp-json\/wp\/v2\/media\/100229"}],"wp:attachment":[{"href":"https:\/\/swisstrans.info\/pt-pt\/wp-json\/wp\/v2\/media?parent=100234"}],"wp:term":[{"taxonomy":"category","embeddable":true,"href":"https:\/\/swisstrans.info\/pt-pt\/wp-json\/wp\/v2\/categories?post=100234"},{"taxonomy":"post_tag","embeddable":true,"href":"https:\/\/swisstrans.info\/pt-pt\/wp-json\/wp\/v2\/tags?post=100234"}],"curies":[{"name":"wp","href":"https:\/\/api.w.org\/{rel}","templated":true}]}}