{"id":100242,"date":"2026-03-12T19:11:46","date_gmt":"2026-03-12T19:11:46","guid":{"rendered":"https:\/\/swisstrans.info\/2026\/03\/12\/a-ferrovia-perdera-participacao-no-transporte-de-mercadorias-transalpino-em-2025\/"},"modified":"2026-03-12T19:11:46","modified_gmt":"2026-03-12T19:11:46","slug":"a-ferrovia-perdera-participacao-no-transporte-de-mercadorias-transalpino-em-2025","status":"publish","type":"post","link":"https:\/\/swisstrans.info\/pt-pt\/2026\/03\/12\/a-ferrovia-perdera-participacao-no-transporte-de-mercadorias-transalpino-em-2025\/","title":{"rendered":"A ferrovia perder\u00e1 participa\u00e7\u00e3o no transporte de mercadorias transalpino em 2025"},"content":{"rendered":"<p>A evolu\u00e7\u00e3o do transporte de mercadorias atravessando os Alpes apresenta uma tend\u00eancia preocupante em 2025. De acordo com o relat\u00f3rio semestral do Escrit\u00f3rio Federal dos Transportes (BAV), publicado em 12 de mar\u00e7o de 2026, o transporte ferrovi\u00e1rio perdeu novamente participa\u00e7\u00e3o de mercado para o transporte rodovi\u00e1rio. A participa\u00e7\u00e3o da ferrovia no total do transporte de mercadorias alpenquerente caiu para 68,6%, o que representa uma diminui\u00e7\u00e3o de 1,7 pontos percentuais em compara\u00e7\u00e3o ao ano anterior. Enquanto o n\u00famero de caminh\u00f5es que atravessaram os Alpes permaneceu constante em 960.000, o transporte ferrovi\u00e1rio registrou uma queda de 7,5%.<\/p>\n<h3>Causas da queda<\/h3>\n<p>As causas dessa queda s\u00e3o diversas. Um fator essencial \u00e9 a qualidade e confiabilidade insuficientes do transporte ferrovi\u00e1rio de mercadorias, especialmente ao longo dos eixos norte-sul da Europa. Obras e interrup\u00e7\u00f5es nas linhas na Alemanha agravaram ainda mais a situa\u00e7\u00e3o. Esses problemas de infraestrutura, combinados com um ambiente econ\u00f4mico tenso, resultaram em um transporte ferrovi\u00e1rio menos atraente para as empresas de transporte.<\/p>\n<h3>O Conselho Federal planeja medidas corretivas<\/h3>\n<p>Para contrabalan\u00e7ar essa evolu\u00e7\u00e3o, o Conselho Federal anunciou no relat\u00f3rio de deslocamento no final de 2025 a extens\u00e3o dos subs\u00eddios operacionais para o transporte combinado, v\u00e1lidos at\u00e9 2030. As respectivas mo\u00e7\u00f5es das comiss\u00f5es de transporte do Conselho Nacional e do Conselho dos Estados foram solicitadas para aprova\u00e7\u00e3o. Essas medidas visam oferecer \u00e0s empresas de transporte seguran\u00e7a de planejamento e investimento a longo prazo. Al\u00e9m disso, incentivos financeiros tempor\u00e1rios est\u00e3o previstos para mitigar os efeitos da suspens\u00e3o planejada da &#8222;Estrada Rolante&#8220; a partir de dezembro de 2025.<\/p>\n<p>Outro passo do Conselho Federal \u00e9 promover uma r\u00e1pida moderniza\u00e7\u00e3o da infraestrutura ferrovi\u00e1ria nos pa\u00edses vizinhos. O Conselho Federal se empenhar\u00e1 para que as obras sejam bem coordenadas internacionalmente e que haja op\u00e7\u00f5es de desvio suficientemente eficientes para o transporte ferrovi\u00e1rio de mercadorias. Essas medidas visam fortalecer a competitividade do transporte ferrovi\u00e1rio e aumentar a atratividade do transporte de mercadorias atravessando os Alpes como um todo.<\/p>\n<h3><a href=\"https:\/\/www.bav.admin.ch\/de\/berichte-und-zahlen#Alpenquerender-G%C3%BCterverkehr:-Semesterberichte\" target=\"_blank\" rel=\"noopener noreferrer\">Mais informa\u00e7\u00f5es<\/a><\/h3>\n","protected":false},"excerpt":{"rendered":"<p>O Conselho Federal planeja prorrogar as contribui\u00e7\u00f5es operacionais para o transporte combinado at\u00e9 2030, a fim de fortalecer a competitividade do transporte ferrovi\u00e1rio.<\/p>\n","protected":false},"author":7,"featured_media":100237,"comment_status":"open","ping_status":"open","sticky":false,"template":"","format":"standard","meta":{"_acf_changed":false,"footnotes":""},"categories":[6740,6742,6365],"tags":[8009,8010,8011,7843,8012,8013,8014,8015,8016,8017,8018,8019,8020,8021,8022,8023,8024,8025,8026,8027,7857,8028,8029,8030,8031,8032,8033,5112,8034,8035,8036,8037,8038,2193,8039,8040,8041,8042,1916,8043,8044,5119,8045,5120,8046,8047,7875,8048,8049,3125,8050,6482,8051,8052,8053,8054,6490,8055],"class_list":["post-100242","post","type-post","status-publish","format-standard","has-post-thumbnail","hentry","category-bahn-binnenschifffahrt-strasse","category-europa","category-suica","tag-attractivite-du-transport-ferroviaire","tag-betriebsbeitraege-schiene","tag-bundesamt-fuer-verkehr","tag-combined-transport","tag-commissions-des-transports-suisse","tag-corridors-nord-sud-europeens","tag-declin-du-transport-ferroviaire","tag-decline-rail-transport","tag-defis-des-entreprises-de-transport","tag-deutsch-alpenquerender-gueterverkehr","tag-economic-environment-logistics","tag-environnement-economique-logistique","tag-europaeische-nord-sued-achsen","tag-european-north-south-corridors","tag-federal-office-of-transport","tag-freight-transport-trends-2025","tag-guetertransport-trends-2025","tag-industrie-du-transport-allemagne","tag-infrastructure-issues-rail","tag-infrastrukturprobleme-schiene","tag-kombinierter-verkehr","tag-lastwagenverkehr-alpen","tag-market-share-rail","tag-marktanteile-schiene","tag-modernisation-des-infrastructures-ferroviaires","tag-modernisierung-bahninfrastruktur","tag-modernization-rail-infrastructure","tag-nachhaltige-logistikloesungen","tag-office-federal-des-transports","tag-operating-subsidies-rail","tag-part-de-marche-rail","tag-planification-des-transports-suisse","tag-problemes-dinfrastructure-rail","tag-rail-freight-transport","tag-rail-transport-attractiveness","tag-rollende-landstrasse","tag-rolling-highway","tag-route-roulante","tag-schienengueterverkehr","tag-schienentransport-attraktivitaet","tag-schienenverkehr-rueckgang","tag-solutions-logistiques-durables","tag-subventions-dexploitation-rail","tag-sustainable-logistics-solutions","tag-tendances-du-transport-de-marchandises-2025","tag-trafic-routier-alpes","tag-transport-combine","tag-transport-commissions-switzerland-francais-transport-de-marchandises-alpin","tag-transport-companies-challenges","tag-transport-ferroviaire-de-marchandises","tag-transport-industry-germany","tag-transport-planning-switzerland","tag-transportunternehmen-herausforderungen","tag-transportwirtschaft-deutschland","tag-truck-traffic-alps","tag-verkehrskommissionen-schweiz-english-alpine-freight-transport","tag-verkehrsplanung-schweiz","tag-wirtschaftliches-umfeld-logistik"],"acf":[],"yoast_head":"<!-- This site is optimized with the Yoast SEO plugin v27.3 - https:\/\/yoast.com\/product\/yoast-seo-wordpress\/ -->\n<title>A ferrovia perder\u00e1 participa\u00e7\u00e3o no transporte de mercadorias transalpino em 2025 - Swisstrans<\/title>\n<meta name=\"robots\" content=\"index, follow, max-snippet:-1, max-image-preview:large, max-video-preview:-1\" \/>\n<link rel=\"canonical\" href=\"https:\/\/swisstrans.info\/pt-pt\/2026\/03\/12\/a-ferrovia-perdera-participacao-no-transporte-de-mercadorias-transalpino-em-2025\/\" \/>\n<meta property=\"og:locale\" content=\"pt_PT\" \/>\n<meta property=\"og:type\" content=\"article\" \/>\n<meta property=\"og:title\" content=\"A ferrovia perder\u00e1 participa\u00e7\u00e3o no transporte de mercadorias transalpino em 2025 - Swisstrans\" \/>\n<meta property=\"og:description\" content=\"O Conselho Federal planeja prorrogar as contribui\u00e7\u00f5es operacionais para o transporte combinado at\u00e9 2030, a fim de fortalecer a competitividade do transporte ferrovi\u00e1rio.\" \/>\n<meta property=\"og:url\" content=\"https:\/\/swisstrans.info\/pt-pt\/2026\/03\/12\/a-ferrovia-perdera-participacao-no-transporte-de-mercadorias-transalpino-em-2025\/\" \/>\n<meta property=\"og:site_name\" content=\"Swisstrans\" \/>\n<meta property=\"article:published_time\" content=\"2026-03-12T19:11:46+00:00\" \/>\n<meta property=\"og:image\" content=\"https:\/\/swisstrans.info\/wp-content\/uploads\/sites\/8\/2026\/03\/AdobeStock_172130630-scaled-aspect-ratio-1400-788-scaled-1.jpeg\" \/>\n\t<meta property=\"og:image:width\" content=\"2560\" \/>\n\t<meta property=\"og:image:height\" content=\"1441\" \/>\n\t<meta property=\"og:image:type\" content=\"image\/jpeg\" \/>\n<meta name=\"author\" content=\"Andreas M\u00fcller\" \/>\n<meta name=\"twitter:card\" content=\"summary_large_image\" \/>\n<meta name=\"twitter:label1\" content=\"Escrito por\" \/>\n\t<meta name=\"twitter:data1\" content=\"Andreas M\u00fcller\" \/>\n\t<meta name=\"twitter:label2\" content=\"Tempo estimado de leitura\" \/>\n\t<meta name=\"twitter:data2\" content=\"2 minutos\" \/>\n<script type=\"application\/ld+json\" class=\"yoast-schema-graph\">{\"@context\":\"https:\\\/\\\/schema.org\",\"@graph\":[{\"@type\":\"Article\",\"@id\":\"https:\\\/\\\/swisstrans.info\\\/pt-pt\\\/2026\\\/03\\\/12\\\/a-ferrovia-perdera-participacao-no-transporte-de-mercadorias-transalpino-em-2025\\\/#article\",\"isPartOf\":{\"@id\":\"https:\\\/\\\/swisstrans.info\\\/pt-pt\\\/2026\\\/03\\\/12\\\/a-ferrovia-perdera-participacao-no-transporte-de-mercadorias-transalpino-em-2025\\\/\"},\"author\":{\"name\":\"Andreas M\u00fcller\",\"@id\":\"https:\\\/\\\/swisstrans.info\\\/pt-pt\\\/#\\\/schema\\\/person\\\/7b1593b33567ba798d300c8a1b0b85b1\"},\"headline\":\"A ferrovia perder\u00e1 participa\u00e7\u00e3o no transporte de mercadorias transalpino em 2025\",\"datePublished\":\"2026-03-12T19:11:46+00:00\",\"mainEntityOfPage\":{\"@id\":\"https:\\\/\\\/swisstrans.info\\\/pt-pt\\\/2026\\\/03\\\/12\\\/a-ferrovia-perdera-participacao-no-transporte-de-mercadorias-transalpino-em-2025\\\/\"},\"wordCount\":361,\"commentCount\":0,\"publisher\":{\"@id\":\"https:\\\/\\\/swisstrans.info\\\/pt-pt\\\/#organization\"},\"image\":{\"@id\":\"https:\\\/\\\/swisstrans.info\\\/pt-pt\\\/2026\\\/03\\\/12\\\/a-ferrovia-perdera-participacao-no-transporte-de-mercadorias-transalpino-em-2025\\\/#primaryimage\"},\"thumbnailUrl\":\"https:\\\/\\\/swisstrans.info\\\/wp-content\\\/uploads\\\/sites\\\/8\\\/2026\\\/03\\\/AdobeStock_172130630-scaled-aspect-ratio-1400-788-scaled-1.jpeg\",\"keywords\":[\"attractivit\u00e9 du transport ferroviaire\",\"Betriebsbeitr\u00e4ge Schiene\",\"Bundesamt f\u00fcr Verkehr\",\"combined transport\",\"commissions des transports Suisse\",\"corridors nord-sud europ\u00e9ens\",\"d\u00e9clin du transport ferroviaire\",\"decline rail transport\",\"d\u00e9fis des entreprises de transport\",\"Deutsch alpenquerender G\u00fcterverkehr\",\"economic environment logistics\",\"environnement \u00e9conomique logistique\",\"europ\u00e4ische Nord-S\u00fcd-Achsen\",\"European North-South corridors\",\"Federal Office of Transport\",\"freight transport trends 2025\",\"G\u00fctertransport Trends 2025\",\"industrie du transport Allemagne\",\"infrastructure issues rail\",\"Infrastrukturprobleme Schiene\",\"kombinierter Verkehr\",\"Lastwagenverkehr Alpen\",\"market share rail\",\"Marktanteile Schiene\",\"modernisation des infrastructures ferroviaires\",\"Modernisierung Bahninfrastruktur\",\"modernization rail infrastructure\",\"nachhaltige Logistikl\u00f6sungen\",\"Office f\u00e9d\u00e9ral des transports\",\"operating subsidies rail\",\"part de march\u00e9 rail\",\"planification des transports Suisse\",\"probl\u00e8mes d'infrastructure rail\",\"rail freight transport\",\"rail transport attractiveness\",\"Rollende Landstra\u00dfe\",\"rolling highway\",\"route roulante\",\"Schieneng\u00fcterverkehr\",\"Schienentransport Attraktivit\u00e4t\",\"Schienenverkehr R\u00fcckgang\",\"solutions logistiques durables\",\"subventions d'exploitation rail\",\"sustainable logistics solutions\",\"tendances du transport de marchandises 2025\",\"trafic routier Alpes\",\"transport combin\u00e9\",\"transport commissions Switzerland Fran\u00e7ais transport de marchandises alpin\",\"transport companies challenges\",\"transport ferroviaire de marchandises\",\"transport industry Germany\",\"transport planning Switzerland\",\"Transportunternehmen Herausforderungen\",\"Transportwirtschaft Deutschland\",\"truck traffic Alps\",\"Verkehrskommissionen Schweiz English Alpine freight transport\",\"Verkehrsplanung Schweiz\",\"wirtschaftliches Umfeld Logistik\"],\"articleSection\":[\"Bahn \\\/ Binnenschifffahrt \\\/ Strasse\",\"Europa\",\"Su\u00ed\u00e7a\"],\"inLanguage\":\"pt-PT\",\"potentialAction\":[{\"@type\":\"CommentAction\",\"name\":\"Comment\",\"target\":[\"https:\\\/\\\/swisstrans.info\\\/pt-pt\\\/2026\\\/03\\\/12\\\/a-ferrovia-perdera-participacao-no-transporte-de-mercadorias-transalpino-em-2025\\\/#respond\"]}]},{\"@type\":\"WebPage\",\"@id\":\"https:\\\/\\\/swisstrans.info\\\/pt-pt\\\/2026\\\/03\\\/12\\\/a-ferrovia-perdera-participacao-no-transporte-de-mercadorias-transalpino-em-2025\\\/\",\"url\":\"https:\\\/\\\/swisstrans.info\\\/pt-pt\\\/2026\\\/03\\\/12\\\/a-ferrovia-perdera-participacao-no-transporte-de-mercadorias-transalpino-em-2025\\\/\",\"name\":\"A ferrovia perder\u00e1 participa\u00e7\u00e3o no transporte de mercadorias transalpino em 2025 - Swisstrans\",\"isPartOf\":{\"@id\":\"https:\\\/\\\/swisstrans.info\\\/pt-pt\\\/#website\"},\"primaryImageOfPage\":{\"@id\":\"https:\\\/\\\/swisstrans.info\\\/pt-pt\\\/2026\\\/03\\\/12\\\/a-ferrovia-perdera-participacao-no-transporte-de-mercadorias-transalpino-em-2025\\\/#primaryimage\"},\"image\":{\"@id\":\"https:\\\/\\\/swisstrans.info\\\/pt-pt\\\/2026\\\/03\\\/12\\\/a-ferrovia-perdera-participacao-no-transporte-de-mercadorias-transalpino-em-2025\\\/#primaryimage\"},\"thumbnailUrl\":\"https:\\\/\\\/swisstrans.info\\\/wp-content\\\/uploads\\\/sites\\\/8\\\/2026\\\/03\\\/AdobeStock_172130630-scaled-aspect-ratio-1400-788-scaled-1.jpeg\",\"datePublished\":\"2026-03-12T19:11:46+00:00\",\"breadcrumb\":{\"@id\":\"https:\\\/\\\/swisstrans.info\\\/pt-pt\\\/2026\\\/03\\\/12\\\/a-ferrovia-perdera-participacao-no-transporte-de-mercadorias-transalpino-em-2025\\\/#breadcrumb\"},\"inLanguage\":\"pt-PT\",\"potentialAction\":[{\"@type\":\"ReadAction\",\"target\":[\"https:\\\/\\\/swisstrans.info\\\/pt-pt\\\/2026\\\/03\\\/12\\\/a-ferrovia-perdera-participacao-no-transporte-de-mercadorias-transalpino-em-2025\\\/\"]}]},{\"@type\":\"ImageObject\",\"inLanguage\":\"pt-PT\",\"@id\":\"https:\\\/\\\/swisstrans.info\\\/pt-pt\\\/2026\\\/03\\\/12\\\/a-ferrovia-perdera-participacao-no-transporte-de-mercadorias-transalpino-em-2025\\\/#primaryimage\",\"url\":\"https:\\\/\\\/swisstrans.info\\\/wp-content\\\/uploads\\\/sites\\\/8\\\/2026\\\/03\\\/AdobeStock_172130630-scaled-aspect-ratio-1400-788-scaled-1.jpeg\",\"contentUrl\":\"https:\\\/\\\/swisstrans.info\\\/wp-content\\\/uploads\\\/sites\\\/8\\\/2026\\\/03\\\/AdobeStock_172130630-scaled-aspect-ratio-1400-788-scaled-1.jpeg\",\"width\":2560,\"height\":1441},{\"@type\":\"BreadcrumbList\",\"@id\":\"https:\\\/\\\/swisstrans.info\\\/pt-pt\\\/2026\\\/03\\\/12\\\/a-ferrovia-perdera-participacao-no-transporte-de-mercadorias-transalpino-em-2025\\\/#breadcrumb\",\"itemListElement\":[{\"@type\":\"ListItem\",\"position\":1,\"name\":\"Startseite\",\"item\":\"https:\\\/\\\/swisstrans.info\\\/pt-pt\\\/\"},{\"@type\":\"ListItem\",\"position\":2,\"name\":\"A ferrovia perder\u00e1 participa\u00e7\u00e3o no transporte de mercadorias transalpino em 2025\"}]},{\"@type\":\"WebSite\",\"@id\":\"https:\\\/\\\/swisstrans.info\\\/pt-pt\\\/#website\",\"url\":\"https:\\\/\\\/swisstrans.info\\\/pt-pt\\\/\",\"name\":\"Swisstrans\",\"description\":\"A Swisstrans \u00e9 uma plataforma de informa\u00e7\u00e3o para transporte e log\u00edstica na Su\u00ed\u00e7a, existente desde 2002, que liga expedidores a fornecedores de produtos e servi\u00e7os.\",\"publisher\":{\"@id\":\"https:\\\/\\\/swisstrans.info\\\/pt-pt\\\/#organization\"},\"potentialAction\":[{\"@type\":\"SearchAction\",\"target\":{\"@type\":\"EntryPoint\",\"urlTemplate\":\"https:\\\/\\\/swisstrans.info\\\/pt-pt\\\/?s={search_term_string}\"},\"query-input\":{\"@type\":\"PropertyValueSpecification\",\"valueRequired\":true,\"valueName\":\"search_term_string\"}}],\"inLanguage\":\"pt-PT\"},{\"@type\":\"Organization\",\"@id\":\"https:\\\/\\\/swisstrans.info\\\/pt-pt\\\/#organization\",\"name\":\"Logismedia Group AG\",\"alternateName\":\"Logismedia Group AG\",\"url\":\"https:\\\/\\\/swisstrans.info\\\/pt-pt\\\/\",\"logo\":{\"@type\":\"ImageObject\",\"inLanguage\":\"pt-PT\",\"@id\":\"https:\\\/\\\/swisstrans.info\\\/pt-pt\\\/#\\\/schema\\\/logo\\\/image\\\/\",\"url\":\"https:\\\/\\\/swisstrans.info\\\/wp-content\\\/uploads\\\/sites\\\/8\\\/2026\\\/01\\\/swisstrans_logo.png\",\"contentUrl\":\"https:\\\/\\\/swisstrans.info\\\/wp-content\\\/uploads\\\/sites\\\/8\\\/2026\\\/01\\\/swisstrans_logo.png\",\"width\":823,\"height\":164,\"caption\":\"Logismedia Group AG\"},\"image\":{\"@id\":\"https:\\\/\\\/swisstrans.info\\\/pt-pt\\\/#\\\/schema\\\/logo\\\/image\\\/\"},\"sameAs\":[\"https:\\\/\\\/www.linkedin.com\\\/showcase\\\/swisstrans-info\\\/\"]},{\"@type\":\"Person\",\"@id\":\"https:\\\/\\\/swisstrans.info\\\/pt-pt\\\/#\\\/schema\\\/person\\\/7b1593b33567ba798d300c8a1b0b85b1\",\"name\":\"Andreas M\u00fcller\",\"url\":\"https:\\\/\\\/swisstrans.info\\\/pt-pt\\\/author\\\/logismedia\\\/\"}]}<\/script>\n<!-- \/ Yoast SEO plugin. -->","yoast_head_json":{"title":"A ferrovia perder\u00e1 participa\u00e7\u00e3o no transporte de mercadorias transalpino em 2025 - Swisstrans","robots":{"index":"index","follow":"follow","max-snippet":"max-snippet:-1","max-image-preview":"max-image-preview:large","max-video-preview":"max-video-preview:-1"},"canonical":"https:\/\/swisstrans.info\/pt-pt\/2026\/03\/12\/a-ferrovia-perdera-participacao-no-transporte-de-mercadorias-transalpino-em-2025\/","og_locale":"pt_PT","og_type":"article","og_title":"A ferrovia perder\u00e1 participa\u00e7\u00e3o no transporte de mercadorias transalpino em 2025 - Swisstrans","og_description":"O Conselho Federal planeja prorrogar as contribui\u00e7\u00f5es operacionais para o transporte combinado at\u00e9 2030, a fim de fortalecer a competitividade do transporte ferrovi\u00e1rio.","og_url":"https:\/\/swisstrans.info\/pt-pt\/2026\/03\/12\/a-ferrovia-perdera-participacao-no-transporte-de-mercadorias-transalpino-em-2025\/","og_site_name":"Swisstrans","article_published_time":"2026-03-12T19:11:46+00:00","og_image":[{"width":2560,"height":1441,"url":"https:\/\/swisstrans.info\/wp-content\/uploads\/sites\/8\/2026\/03\/AdobeStock_172130630-scaled-aspect-ratio-1400-788-scaled-1.jpeg","type":"image\/jpeg"}],"author":"Andreas M\u00fcller","twitter_card":"summary_large_image","twitter_misc":{"Escrito por":"Andreas M\u00fcller","Tempo estimado de leitura":"2 minutos"},"schema":{"@context":"https:\/\/schema.org","@graph":[{"@type":"Article","@id":"https:\/\/swisstrans.info\/pt-pt\/2026\/03\/12\/a-ferrovia-perdera-participacao-no-transporte-de-mercadorias-transalpino-em-2025\/#article","isPartOf":{"@id":"https:\/\/swisstrans.info\/pt-pt\/2026\/03\/12\/a-ferrovia-perdera-participacao-no-transporte-de-mercadorias-transalpino-em-2025\/"},"author":{"name":"Andreas M\u00fcller","@id":"https:\/\/swisstrans.info\/pt-pt\/#\/schema\/person\/7b1593b33567ba798d300c8a1b0b85b1"},"headline":"A ferrovia perder\u00e1 participa\u00e7\u00e3o no transporte de mercadorias transalpino em 2025","datePublished":"2026-03-12T19:11:46+00:00","mainEntityOfPage":{"@id":"https:\/\/swisstrans.info\/pt-pt\/2026\/03\/12\/a-ferrovia-perdera-participacao-no-transporte-de-mercadorias-transalpino-em-2025\/"},"wordCount":361,"commentCount":0,"publisher":{"@id":"https:\/\/swisstrans.info\/pt-pt\/#organization"},"image":{"@id":"https:\/\/swisstrans.info\/pt-pt\/2026\/03\/12\/a-ferrovia-perdera-participacao-no-transporte-de-mercadorias-transalpino-em-2025\/#primaryimage"},"thumbnailUrl":"https:\/\/swisstrans.info\/wp-content\/uploads\/sites\/8\/2026\/03\/AdobeStock_172130630-scaled-aspect-ratio-1400-788-scaled-1.jpeg","keywords":["attractivit\u00e9 du transport ferroviaire","Betriebsbeitr\u00e4ge Schiene","Bundesamt f\u00fcr Verkehr","combined transport","commissions des transports Suisse","corridors nord-sud europ\u00e9ens","d\u00e9clin du transport ferroviaire","decline rail transport","d\u00e9fis des entreprises de transport","Deutsch alpenquerender G\u00fcterverkehr","economic environment logistics","environnement \u00e9conomique logistique","europ\u00e4ische Nord-S\u00fcd-Achsen","European North-South corridors","Federal Office of Transport","freight transport trends 2025","G\u00fctertransport Trends 2025","industrie du transport Allemagne","infrastructure issues rail","Infrastrukturprobleme Schiene","kombinierter Verkehr","Lastwagenverkehr Alpen","market share rail","Marktanteile Schiene","modernisation des infrastructures ferroviaires","Modernisierung Bahninfrastruktur","modernization rail infrastructure","nachhaltige Logistikl\u00f6sungen","Office f\u00e9d\u00e9ral des transports","operating subsidies rail","part de march\u00e9 rail","planification des transports Suisse","probl\u00e8mes d'infrastructure rail","rail freight transport","rail transport attractiveness","Rollende Landstra\u00dfe","rolling highway","route roulante","Schieneng\u00fcterverkehr","Schienentransport Attraktivit\u00e4t","Schienenverkehr R\u00fcckgang","solutions logistiques durables","subventions d'exploitation rail","sustainable logistics solutions","tendances du transport de marchandises 2025","trafic routier Alpes","transport combin\u00e9","transport commissions Switzerland Fran\u00e7ais transport de marchandises alpin","transport companies challenges","transport ferroviaire de marchandises","transport industry Germany","transport planning Switzerland","Transportunternehmen Herausforderungen","Transportwirtschaft Deutschland","truck traffic Alps","Verkehrskommissionen Schweiz English Alpine freight transport","Verkehrsplanung Schweiz","wirtschaftliches Umfeld Logistik"],"articleSection":["Bahn \/ Binnenschifffahrt \/ Strasse","Europa","Su\u00ed\u00e7a"],"inLanguage":"pt-PT","potentialAction":[{"@type":"CommentAction","name":"Comment","target":["https:\/\/swisstrans.info\/pt-pt\/2026\/03\/12\/a-ferrovia-perdera-participacao-no-transporte-de-mercadorias-transalpino-em-2025\/#respond"]}]},{"@type":"WebPage","@id":"https:\/\/swisstrans.info\/pt-pt\/2026\/03\/12\/a-ferrovia-perdera-participacao-no-transporte-de-mercadorias-transalpino-em-2025\/","url":"https:\/\/swisstrans.info\/pt-pt\/2026\/03\/12\/a-ferrovia-perdera-participacao-no-transporte-de-mercadorias-transalpino-em-2025\/","name":"A ferrovia perder\u00e1 participa\u00e7\u00e3o no transporte de mercadorias transalpino em 2025 - Swisstrans","isPartOf":{"@id":"https:\/\/swisstrans.info\/pt-pt\/#website"},"primaryImageOfPage":{"@id":"https:\/\/swisstrans.info\/pt-pt\/2026\/03\/12\/a-ferrovia-perdera-participacao-no-transporte-de-mercadorias-transalpino-em-2025\/#primaryimage"},"image":{"@id":"https:\/\/swisstrans.info\/pt-pt\/2026\/03\/12\/a-ferrovia-perdera-participacao-no-transporte-de-mercadorias-transalpino-em-2025\/#primaryimage"},"thumbnailUrl":"https:\/\/swisstrans.info\/wp-content\/uploads\/sites\/8\/2026\/03\/AdobeStock_172130630-scaled-aspect-ratio-1400-788-scaled-1.jpeg","datePublished":"2026-03-12T19:11:46+00:00","breadcrumb":{"@id":"https:\/\/swisstrans.info\/pt-pt\/2026\/03\/12\/a-ferrovia-perdera-participacao-no-transporte-de-mercadorias-transalpino-em-2025\/#breadcrumb"},"inLanguage":"pt-PT","potentialAction":[{"@type":"ReadAction","target":["https:\/\/swisstrans.info\/pt-pt\/2026\/03\/12\/a-ferrovia-perdera-participacao-no-transporte-de-mercadorias-transalpino-em-2025\/"]}]},{"@type":"ImageObject","inLanguage":"pt-PT","@id":"https:\/\/swisstrans.info\/pt-pt\/2026\/03\/12\/a-ferrovia-perdera-participacao-no-transporte-de-mercadorias-transalpino-em-2025\/#primaryimage","url":"https:\/\/swisstrans.info\/wp-content\/uploads\/sites\/8\/2026\/03\/AdobeStock_172130630-scaled-aspect-ratio-1400-788-scaled-1.jpeg","contentUrl":"https:\/\/swisstrans.info\/wp-content\/uploads\/sites\/8\/2026\/03\/AdobeStock_172130630-scaled-aspect-ratio-1400-788-scaled-1.jpeg","width":2560,"height":1441},{"@type":"BreadcrumbList","@id":"https:\/\/swisstrans.info\/pt-pt\/2026\/03\/12\/a-ferrovia-perdera-participacao-no-transporte-de-mercadorias-transalpino-em-2025\/#breadcrumb","itemListElement":[{"@type":"ListItem","position":1,"name":"Startseite","item":"https:\/\/swisstrans.info\/pt-pt\/"},{"@type":"ListItem","position":2,"name":"A ferrovia perder\u00e1 participa\u00e7\u00e3o no transporte de mercadorias transalpino em 2025"}]},{"@type":"WebSite","@id":"https:\/\/swisstrans.info\/pt-pt\/#website","url":"https:\/\/swisstrans.info\/pt-pt\/","name":"Swisstrans","description":"A Swisstrans \u00e9 uma plataforma de informa\u00e7\u00e3o para transporte e log\u00edstica na Su\u00ed\u00e7a, existente desde 2002, que liga expedidores a fornecedores de produtos e servi\u00e7os.","publisher":{"@id":"https:\/\/swisstrans.info\/pt-pt\/#organization"},"potentialAction":[{"@type":"SearchAction","target":{"@type":"EntryPoint","urlTemplate":"https:\/\/swisstrans.info\/pt-pt\/?s={search_term_string}"},"query-input":{"@type":"PropertyValueSpecification","valueRequired":true,"valueName":"search_term_string"}}],"inLanguage":"pt-PT"},{"@type":"Organization","@id":"https:\/\/swisstrans.info\/pt-pt\/#organization","name":"Logismedia Group AG","alternateName":"Logismedia Group AG","url":"https:\/\/swisstrans.info\/pt-pt\/","logo":{"@type":"ImageObject","inLanguage":"pt-PT","@id":"https:\/\/swisstrans.info\/pt-pt\/#\/schema\/logo\/image\/","url":"https:\/\/swisstrans.info\/wp-content\/uploads\/sites\/8\/2026\/01\/swisstrans_logo.png","contentUrl":"https:\/\/swisstrans.info\/wp-content\/uploads\/sites\/8\/2026\/01\/swisstrans_logo.png","width":823,"height":164,"caption":"Logismedia Group AG"},"image":{"@id":"https:\/\/swisstrans.info\/pt-pt\/#\/schema\/logo\/image\/"},"sameAs":["https:\/\/www.linkedin.com\/showcase\/swisstrans-info\/"]},{"@type":"Person","@id":"https:\/\/swisstrans.info\/pt-pt\/#\/schema\/person\/7b1593b33567ba798d300c8a1b0b85b1","name":"Andreas M\u00fcller","url":"https:\/\/swisstrans.info\/pt-pt\/author\/logismedia\/"}]}},"_links":{"self":[{"href":"https:\/\/swisstrans.info\/pt-pt\/wp-json\/wp\/v2\/posts\/100242","targetHints":{"allow":["GET"]}}],"collection":[{"href":"https:\/\/swisstrans.info\/pt-pt\/wp-json\/wp\/v2\/posts"}],"about":[{"href":"https:\/\/swisstrans.info\/pt-pt\/wp-json\/wp\/v2\/types\/post"}],"author":[{"embeddable":true,"href":"https:\/\/swisstrans.info\/pt-pt\/wp-json\/wp\/v2\/users\/7"}],"replies":[{"embeddable":true,"href":"https:\/\/swisstrans.info\/pt-pt\/wp-json\/wp\/v2\/comments?post=100242"}],"version-history":[{"count":0,"href":"https:\/\/swisstrans.info\/pt-pt\/wp-json\/wp\/v2\/posts\/100242\/revisions"}],"wp:featuredmedia":[{"embeddable":true,"href":"https:\/\/swisstrans.info\/pt-pt\/wp-json\/wp\/v2\/media\/100237"}],"wp:attachment":[{"href":"https:\/\/swisstrans.info\/pt-pt\/wp-json\/wp\/v2\/media?parent=100242"}],"wp:term":[{"taxonomy":"category","embeddable":true,"href":"https:\/\/swisstrans.info\/pt-pt\/wp-json\/wp\/v2\/categories?post=100242"},{"taxonomy":"post_tag","embeddable":true,"href":"https:\/\/swisstrans.info\/pt-pt\/wp-json\/wp\/v2\/tags?post=100242"}],"curies":[{"name":"wp","href":"https:\/\/api.w.org\/{rel}","templated":true}]}}