{"id":100752,"date":"2026-04-20T08:53:41","date_gmt":"2026-04-20T08:53:41","guid":{"rendered":"https:\/\/swisstrans.info\/2026\/04\/20\/a-associacao-swiss-supply-sera-dissolvida-no-final-de-abril\/"},"modified":"2026-04-21T12:30:06","modified_gmt":"2026-04-21T10:30:06","slug":"a-associacao-swiss-supply-sera-dissolvida-no-final-de-abril","status":"publish","type":"post","link":"https:\/\/swisstrans.info\/pt-pt\/2026\/04\/20\/a-associacao-swiss-supply-sera-dissolvida-no-final-de-abril\/","title":{"rendered":"A associa\u00e7\u00e3o Swiss Supply ser\u00e1 dissolvida no final de abril"},"content":{"rendered":"<p>O Verband Swiss Supply, fundado em 26 de mar\u00e7o de 2021, ser\u00e1 dissolvido exatamente cinco anos depois, em 30 de abril de 2026. A institui\u00e7\u00e3o, que foi lan\u00e7ada como uma federa\u00e7\u00e3o dos associa\u00e7\u00f5es de log\u00edstica, foi inicialmente idealizada por Andreas K\u00f6nig, mas ap\u00f3s sua ren\u00fancia h\u00e1 dois anos, as atividades diminu\u00edram consideravelmente. Como as associa\u00e7\u00f5es afiliadas j\u00e1 fazem muito pela ind\u00fastria e, principalmente, pela promo\u00e7\u00e3o de novos talentos, a extin\u00e7\u00e3o deste Verband ser\u00e1 suport\u00e1vel. A iniciativa &#8222;Movement32&#8220;, criada pela Swiss Supply, tamb\u00e9m foi silenciosamente encerrada no final do ano passado, levando \u00e0 decis\u00e3o de dissolu\u00e7\u00e3o da Swiss Supply:<\/p>\n<p>Aqui est\u00e1 o texto oficial do an\u00fancio:<\/p>\n<blockquote>\n<p class=\"x_MsoNormal\"><i><span data-olk-copy-source=\"MessageBody\">Estamos entrando em contato hoje para inform\u00e1-lo sobre desenvolvimentos importantes relacionados \u00e0 Swiss Supply e \u00e0 iniciativa Movement\u201932.<\/span><\/i><\/p>\n<p class=\"x_MsoNormal\"><i>A Swiss Supply foi fundada com o objetivo de promover a imagem da log\u00edstica, cadeia de suprimentos, transporte, compras e reciclagem na Su\u00ed\u00e7a, al\u00e9m de educar o p\u00fablico sobre a import\u00e2ncia central de toda a cadeia de valor. Ao mesmo tempo, deveria ser vis\u00edvel a contribui\u00e7\u00e3o desses setores para a economia e a sociedade, bem como a diversidade de perfis profissionais e oportunidades de carreira.<\/i><\/p>\n<p class=\"x_MsoNormal\"><i>Um projeto central para alcan\u00e7ar esses objetivos foi a iniciativa Movement\u201932. No entanto, apesar dos esfor\u00e7os intensivos, a Swiss Supply n\u00e3o conseguiu garantir os recursos financeiros necess\u00e1rios para o in\u00edcio. Embora o feedback durante as mesas-redondas tenha sido muito positivo, nas conversas subsequentes com potenciais parceiros, houve uma disposi\u00e7\u00e3o inesperadamente baixa para apoio financeiro. V\u00e1rias empresas que inicialmente apoiaram o projeto decidiram, por fim, n\u00e3o participar. Com os compromissos apresentados, o objetivo almejado n\u00e3o p\u00f4de ser alcan\u00e7ado.<\/i><\/p>\n<p class=\"x_MsoNormal\"><i>Por isso, o conselho da Swiss Supply decidiu em sua reuni\u00e3o de 23 de fevereiro de 2026 dissolver a Swiss Supply, uma vez que os objetivos definidos n\u00e3o puderam ser alcan\u00e7ados na forma atual, n\u00e3o havendo, portanto, mais valor sustent\u00e1vel.<\/i><\/p>\n<p class=\"x_MsoNormal\"><i>As associa\u00e7\u00f5es continuar\u00e3o a se empenhar ativamente no desenvolvimento dos temas centrais, especialmente a promo\u00e7\u00e3o de novos talentos e o fortalecimento da imagem do setor em suas estruturas existentes e futuras. A ideia original de reunir toda a cadeia de suprimentos em uma iniciativa comum revelou-se complexa demais. Assim, as associa\u00e7\u00f5es continuar\u00e3o suas atividades de forma direcionada e individual.<\/i><\/p>\n<p class=\"x_MsoNormal\"><i>Agradecemos sinceramente pelo seu apoio, confian\u00e7a e colabora\u00e7\u00e3o construtiva.<\/i><\/p>\n<\/blockquote>\n<p>&nbsp;<\/p>\n","protected":false},"excerpt":{"rendered":"<p>A associa\u00e7\u00e3o Swiss Supply ser\u00e1 dissolvida em 30 de abril de 2026, uma vez que os objetivos definidos n\u00e3o foram alcan\u00e7ados e as associa\u00e7\u00f5es afiliadas continuar\u00e3o ativas.<\/p>\n","protected":false},"author":7,"featured_media":100747,"comment_status":"open","ping_status":"open","sticky":false,"template":"","format":"standard","meta":{"_acf_changed":false,"footnotes":""},"categories":[6893],"tags":[9635,9636,4018,9637,9638,9639,9640,9641,3353,3354,9642,9122,2122,2123,7167,9643,9644,6963,9645,6840,6841,6842,9646,9647,9648,2132,7048,2135,7049,9649,9650,9481,3379,7183,9651,9652,9653,9654,2145,7185,7062,9655,9656,9657,9658,2153,9659,2106,7029,6983,9660,9661,9048,9049,9662,9663],"class_list":["post-100752","post","type-post","status-publish","format-standard","has-post-thumbnail","hentry","category-logistik-spedition","tag-association-logistique-suisse","tag-branchenimage-logistik","tag-chaine-de-valeur","tag-companies-logistics","tag-corridors-suisse","tag-corridors-switzerland","tag-dachverband-logistik","tag-deutsch-swiss-supply","tag-digitalisierung-logistik","tag-digitalization-logistics","tag-economic-importance-logistics","tag-entreprises-logistiques","tag-fachkraeftemangel-logistik","tag-gestion-de-la-chaine-dapprovisionnement","tag-hafenbetrieb-schweiz","tag-image-de-lindustrie-logistique","tag-importance-economique-logistique","tag-industrie-du-transport-suisse","tag-industry-image-logistics","tag-infrastructure-suisse","tag-infrastructure-switzerland","tag-infrastruktur-schweiz","tag-initiative-movement32","tag-korridore-schweiz","tag-logistics-association-switzerland","tag-logistics-sector","tag-logistics-service-providers-switzerland","tag-logistikbranche","tag-logistikdienstleister-schweiz","tag-logistikverband-schweiz","tag-movement32-initiative","tag-nachwuchsfoerderung-logistik","tag-numerisation-logistique","tag-operations-portuaires-suisse","tag-organisation-faitiere-logistique","tag-partenariats-logistiques","tag-partnerschaften-logistik-english-swiss-supply","tag-partnerships-logistics-francais-swiss-supply","tag-penurie-de-main-doeuvre-logistique","tag-port-operations-switzerland","tag-prestataires-de-services-logistiques-suisse","tag-promotion-de-la-jeunesse-logistique","tag-recyclage-suisse","tag-recycling-schweiz","tag-recycling-switzerland","tag-secteur-logistique","tag-skilled-labor-shortage-logistics","tag-supply-chain-management","tag-transport-industry-switzerland","tag-transportwirtschaft-schweiz","tag-umbrella-organization-logistics","tag-unternehmen-logistik","tag-value-chain","tag-wertschoepfungskette","tag-wirtschaftliche-bedeutung-logistik","tag-youth-promotion-logistics"],"acf":[],"yoast_head":"<!-- This site is optimized with the Yoast SEO plugin v27.3 - https:\/\/yoast.com\/product\/yoast-seo-wordpress\/ -->\n<title>A associa\u00e7\u00e3o Swiss Supply ser\u00e1 dissolvida no final de abril - Swisstrans<\/title>\n<meta name=\"robots\" content=\"index, follow, max-snippet:-1, max-image-preview:large, max-video-preview:-1\" \/>\n<link rel=\"canonical\" href=\"https:\/\/swisstrans.info\/pt-pt\/2026\/04\/20\/a-associacao-swiss-supply-sera-dissolvida-no-final-de-abril\/\" \/>\n<meta property=\"og:locale\" content=\"pt_PT\" \/>\n<meta property=\"og:type\" content=\"article\" \/>\n<meta property=\"og:title\" content=\"A associa\u00e7\u00e3o Swiss Supply ser\u00e1 dissolvida no final de abril - Swisstrans\" \/>\n<meta property=\"og:description\" content=\"A associa\u00e7\u00e3o Swiss Supply ser\u00e1 dissolvida em 30 de abril de 2026, uma vez que os objetivos definidos n\u00e3o foram alcan\u00e7ados e as associa\u00e7\u00f5es afiliadas continuar\u00e3o ativas.\" \/>\n<meta property=\"og:url\" content=\"https:\/\/swisstrans.info\/pt-pt\/2026\/04\/20\/a-associacao-swiss-supply-sera-dissolvida-no-final-de-abril\/\" \/>\n<meta property=\"og:site_name\" content=\"Swisstrans\" \/>\n<meta property=\"article:published_time\" content=\"2026-04-20T08:53:41+00:00\" \/>\n<meta property=\"article:modified_time\" content=\"2026-04-21T10:30:06+00:00\" \/>\n<meta property=\"og:image\" content=\"https:\/\/swisstrans.info\/wp-content\/uploads\/sites\/8\/2026\/04\/Swiss-Supply_Logo_NEU_01_bearbeitet-600x395-1-aspect-ratio-1400-788.webp\" \/>\n\t<meta property=\"og:image:width\" content=\"600\" \/>\n\t<meta property=\"og:image:height\" content=\"338\" \/>\n\t<meta property=\"og:image:type\" content=\"image\/webp\" \/>\n<meta name=\"author\" content=\"Andreas M\u00fcller\" \/>\n<meta name=\"twitter:card\" content=\"summary_large_image\" \/>\n<meta name=\"twitter:label1\" content=\"Escrito por\" \/>\n\t<meta name=\"twitter:data1\" content=\"Andreas M\u00fcller\" \/>\n\t<meta name=\"twitter:label2\" content=\"Tempo estimado de leitura\" \/>\n\t<meta name=\"twitter:data2\" content=\"2 minutos\" \/>\n<script type=\"application\/ld+json\" class=\"yoast-schema-graph\">{\"@context\":\"https:\\\/\\\/schema.org\",\"@graph\":[{\"@type\":\"Article\",\"@id\":\"https:\\\/\\\/swisstrans.info\\\/pt-pt\\\/2026\\\/04\\\/20\\\/a-associacao-swiss-supply-sera-dissolvida-no-final-de-abril\\\/#article\",\"isPartOf\":{\"@id\":\"https:\\\/\\\/swisstrans.info\\\/pt-pt\\\/2026\\\/04\\\/20\\\/a-associacao-swiss-supply-sera-dissolvida-no-final-de-abril\\\/\"},\"author\":{\"name\":\"Andreas M\u00fcller\",\"@id\":\"https:\\\/\\\/swisstrans.info\\\/pt-pt\\\/#\\\/schema\\\/person\\\/7b1593b33567ba798d300c8a1b0b85b1\"},\"headline\":\"A associa\u00e7\u00e3o Swiss Supply ser\u00e1 dissolvida no final de abril\",\"datePublished\":\"2026-04-20T08:53:41+00:00\",\"dateModified\":\"2026-04-21T10:30:06+00:00\",\"mainEntityOfPage\":{\"@id\":\"https:\\\/\\\/swisstrans.info\\\/pt-pt\\\/2026\\\/04\\\/20\\\/a-associacao-swiss-supply-sera-dissolvida-no-final-de-abril\\\/\"},\"wordCount\":426,\"commentCount\":0,\"publisher\":{\"@id\":\"https:\\\/\\\/swisstrans.info\\\/pt-pt\\\/#organization\"},\"image\":{\"@id\":\"https:\\\/\\\/swisstrans.info\\\/pt-pt\\\/2026\\\/04\\\/20\\\/a-associacao-swiss-supply-sera-dissolvida-no-final-de-abril\\\/#primaryimage\"},\"thumbnailUrl\":\"https:\\\/\\\/swisstrans.info\\\/wp-content\\\/uploads\\\/sites\\\/8\\\/2026\\\/04\\\/Swiss-Supply_Logo_NEU_01_bearbeitet-600x395-1-aspect-ratio-1400-788.webp\",\"keywords\":[\"association logistique Suisse\",\"Branchenimage Logistik\",\"cha\u00eene de valeur\",\"companies logistics\",\"corridors Suisse\",\"corridors Switzerland\",\"Dachverband Logistik\",\"Deutsch Swiss Supply\",\"Digitalisierung Logistik\",\"digitalization logistics\",\"economic importance logistics\",\"entreprises logistiques\",\"Fachkr\u00e4ftemangel Logistik\",\"gestion de la cha\u00eene d'approvisionnement\",\"Hafenbetrieb Schweiz\",\"image de l'industrie logistique\",\"importance \u00e9conomique logistique\",\"industrie du transport suisse\",\"industry image logistics\",\"infrastructure Suisse\",\"infrastructure Switzerland\",\"Infrastruktur Schweiz\",\"Initiative Movement32\",\"Korridore Schweiz\",\"logistics association Switzerland\",\"logistics sector\",\"logistics service providers Switzerland\",\"Logistikbranche\",\"Logistikdienstleister Schweiz\",\"Logistikverband Schweiz\",\"Movement32 initiative\",\"Nachwuchsf\u00f6rderung Logistik\",\"num\u00e9risation logistique\",\"op\u00e9rations portuaires Suisse\",\"organisation fa\u00eeti\u00e8re logistique\",\"partenariats logistiques\",\"Partnerschaften Logistik English Swiss Supply\",\"partnerships logistics Fran\u00e7ais Swiss Supply\",\"p\u00e9nurie de main-d'\u0153uvre logistique\",\"port operations Switzerland\",\"prestataires de services logistiques Suisse\",\"promotion de la jeunesse logistique\",\"recyclage Suisse\",\"Recycling Schweiz\",\"recycling Switzerland\",\"secteur logistique\",\"skilled labor shortage logistics\",\"Supply Chain Management\",\"transport industry Switzerland\",\"Transportwirtschaft Schweiz\",\"umbrella organization logistics\",\"Unternehmen Logistik\",\"value chain\",\"Wertsch\u00f6pfungskette\",\"wirtschaftliche Bedeutung Logistik\",\"youth promotion logistics\"],\"articleSection\":[\"Logistik &amp; Spedition\"],\"inLanguage\":\"pt-PT\",\"potentialAction\":[{\"@type\":\"CommentAction\",\"name\":\"Comment\",\"target\":[\"https:\\\/\\\/swisstrans.info\\\/pt-pt\\\/2026\\\/04\\\/20\\\/a-associacao-swiss-supply-sera-dissolvida-no-final-de-abril\\\/#respond\"]}]},{\"@type\":\"WebPage\",\"@id\":\"https:\\\/\\\/swisstrans.info\\\/pt-pt\\\/2026\\\/04\\\/20\\\/a-associacao-swiss-supply-sera-dissolvida-no-final-de-abril\\\/\",\"url\":\"https:\\\/\\\/swisstrans.info\\\/pt-pt\\\/2026\\\/04\\\/20\\\/a-associacao-swiss-supply-sera-dissolvida-no-final-de-abril\\\/\",\"name\":\"A associa\u00e7\u00e3o Swiss Supply ser\u00e1 dissolvida no final de abril - Swisstrans\",\"isPartOf\":{\"@id\":\"https:\\\/\\\/swisstrans.info\\\/pt-pt\\\/#website\"},\"primaryImageOfPage\":{\"@id\":\"https:\\\/\\\/swisstrans.info\\\/pt-pt\\\/2026\\\/04\\\/20\\\/a-associacao-swiss-supply-sera-dissolvida-no-final-de-abril\\\/#primaryimage\"},\"image\":{\"@id\":\"https:\\\/\\\/swisstrans.info\\\/pt-pt\\\/2026\\\/04\\\/20\\\/a-associacao-swiss-supply-sera-dissolvida-no-final-de-abril\\\/#primaryimage\"},\"thumbnailUrl\":\"https:\\\/\\\/swisstrans.info\\\/wp-content\\\/uploads\\\/sites\\\/8\\\/2026\\\/04\\\/Swiss-Supply_Logo_NEU_01_bearbeitet-600x395-1-aspect-ratio-1400-788.webp\",\"datePublished\":\"2026-04-20T08:53:41+00:00\",\"dateModified\":\"2026-04-21T10:30:06+00:00\",\"breadcrumb\":{\"@id\":\"https:\\\/\\\/swisstrans.info\\\/pt-pt\\\/2026\\\/04\\\/20\\\/a-associacao-swiss-supply-sera-dissolvida-no-final-de-abril\\\/#breadcrumb\"},\"inLanguage\":\"pt-PT\",\"potentialAction\":[{\"@type\":\"ReadAction\",\"target\":[\"https:\\\/\\\/swisstrans.info\\\/pt-pt\\\/2026\\\/04\\\/20\\\/a-associacao-swiss-supply-sera-dissolvida-no-final-de-abril\\\/\"]}]},{\"@type\":\"ImageObject\",\"inLanguage\":\"pt-PT\",\"@id\":\"https:\\\/\\\/swisstrans.info\\\/pt-pt\\\/2026\\\/04\\\/20\\\/a-associacao-swiss-supply-sera-dissolvida-no-final-de-abril\\\/#primaryimage\",\"url\":\"https:\\\/\\\/swisstrans.info\\\/wp-content\\\/uploads\\\/sites\\\/8\\\/2026\\\/04\\\/Swiss-Supply_Logo_NEU_01_bearbeitet-600x395-1-aspect-ratio-1400-788.webp\",\"contentUrl\":\"https:\\\/\\\/swisstrans.info\\\/wp-content\\\/uploads\\\/sites\\\/8\\\/2026\\\/04\\\/Swiss-Supply_Logo_NEU_01_bearbeitet-600x395-1-aspect-ratio-1400-788.webp\",\"width\":600,\"height\":338},{\"@type\":\"BreadcrumbList\",\"@id\":\"https:\\\/\\\/swisstrans.info\\\/pt-pt\\\/2026\\\/04\\\/20\\\/a-associacao-swiss-supply-sera-dissolvida-no-final-de-abril\\\/#breadcrumb\",\"itemListElement\":[{\"@type\":\"ListItem\",\"position\":1,\"name\":\"Startseite\",\"item\":\"https:\\\/\\\/swisstrans.info\\\/pt-pt\\\/\"},{\"@type\":\"ListItem\",\"position\":2,\"name\":\"A associa\u00e7\u00e3o Swiss Supply ser\u00e1 dissolvida no final de abril\"}]},{\"@type\":\"WebSite\",\"@id\":\"https:\\\/\\\/swisstrans.info\\\/pt-pt\\\/#website\",\"url\":\"https:\\\/\\\/swisstrans.info\\\/pt-pt\\\/\",\"name\":\"Swisstrans\",\"description\":\"A Swisstrans \u00e9 uma plataforma de informa\u00e7\u00e3o para transporte e log\u00edstica na Su\u00ed\u00e7a, existente desde 2002, que liga expedidores a fornecedores de produtos e servi\u00e7os.\",\"publisher\":{\"@id\":\"https:\\\/\\\/swisstrans.info\\\/pt-pt\\\/#organization\"},\"potentialAction\":[{\"@type\":\"SearchAction\",\"target\":{\"@type\":\"EntryPoint\",\"urlTemplate\":\"https:\\\/\\\/swisstrans.info\\\/pt-pt\\\/?s={search_term_string}\"},\"query-input\":{\"@type\":\"PropertyValueSpecification\",\"valueRequired\":true,\"valueName\":\"search_term_string\"}}],\"inLanguage\":\"pt-PT\"},{\"@type\":\"Organization\",\"@id\":\"https:\\\/\\\/swisstrans.info\\\/pt-pt\\\/#organization\",\"name\":\"Logismedia Group AG\",\"alternateName\":\"Logismedia Group AG\",\"url\":\"https:\\\/\\\/swisstrans.info\\\/pt-pt\\\/\",\"logo\":{\"@type\":\"ImageObject\",\"inLanguage\":\"pt-PT\",\"@id\":\"https:\\\/\\\/swisstrans.info\\\/pt-pt\\\/#\\\/schema\\\/logo\\\/image\\\/\",\"url\":\"https:\\\/\\\/swisstrans.info\\\/wp-content\\\/uploads\\\/sites\\\/8\\\/2026\\\/01\\\/swisstrans_logo.png\",\"contentUrl\":\"https:\\\/\\\/swisstrans.info\\\/wp-content\\\/uploads\\\/sites\\\/8\\\/2026\\\/01\\\/swisstrans_logo.png\",\"width\":823,\"height\":164,\"caption\":\"Logismedia Group AG\"},\"image\":{\"@id\":\"https:\\\/\\\/swisstrans.info\\\/pt-pt\\\/#\\\/schema\\\/logo\\\/image\\\/\"},\"sameAs\":[\"https:\\\/\\\/www.linkedin.com\\\/showcase\\\/swisstrans-info\\\/\"]},{\"@type\":\"Person\",\"@id\":\"https:\\\/\\\/swisstrans.info\\\/pt-pt\\\/#\\\/schema\\\/person\\\/7b1593b33567ba798d300c8a1b0b85b1\",\"name\":\"Andreas M\u00fcller\",\"url\":\"https:\\\/\\\/swisstrans.info\\\/pt-pt\\\/author\\\/logismedia\\\/\"}]}<\/script>\n<!-- \/ Yoast SEO plugin. -->","yoast_head_json":{"title":"A associa\u00e7\u00e3o Swiss Supply ser\u00e1 dissolvida no final de abril - Swisstrans","robots":{"index":"index","follow":"follow","max-snippet":"max-snippet:-1","max-image-preview":"max-image-preview:large","max-video-preview":"max-video-preview:-1"},"canonical":"https:\/\/swisstrans.info\/pt-pt\/2026\/04\/20\/a-associacao-swiss-supply-sera-dissolvida-no-final-de-abril\/","og_locale":"pt_PT","og_type":"article","og_title":"A associa\u00e7\u00e3o Swiss Supply ser\u00e1 dissolvida no final de abril - Swisstrans","og_description":"A associa\u00e7\u00e3o Swiss Supply ser\u00e1 dissolvida em 30 de abril de 2026, uma vez que os objetivos definidos n\u00e3o foram alcan\u00e7ados e as associa\u00e7\u00f5es afiliadas continuar\u00e3o ativas.","og_url":"https:\/\/swisstrans.info\/pt-pt\/2026\/04\/20\/a-associacao-swiss-supply-sera-dissolvida-no-final-de-abril\/","og_site_name":"Swisstrans","article_published_time":"2026-04-20T08:53:41+00:00","article_modified_time":"2026-04-21T10:30:06+00:00","og_image":[{"width":600,"height":338,"url":"https:\/\/swisstrans.info\/wp-content\/uploads\/sites\/8\/2026\/04\/Swiss-Supply_Logo_NEU_01_bearbeitet-600x395-1-aspect-ratio-1400-788.webp","type":"image\/webp"}],"author":"Andreas M\u00fcller","twitter_card":"summary_large_image","twitter_misc":{"Escrito por":"Andreas M\u00fcller","Tempo estimado de leitura":"2 minutos"},"schema":{"@context":"https:\/\/schema.org","@graph":[{"@type":"Article","@id":"https:\/\/swisstrans.info\/pt-pt\/2026\/04\/20\/a-associacao-swiss-supply-sera-dissolvida-no-final-de-abril\/#article","isPartOf":{"@id":"https:\/\/swisstrans.info\/pt-pt\/2026\/04\/20\/a-associacao-swiss-supply-sera-dissolvida-no-final-de-abril\/"},"author":{"name":"Andreas M\u00fcller","@id":"https:\/\/swisstrans.info\/pt-pt\/#\/schema\/person\/7b1593b33567ba798d300c8a1b0b85b1"},"headline":"A associa\u00e7\u00e3o Swiss Supply ser\u00e1 dissolvida no final de abril","datePublished":"2026-04-20T08:53:41+00:00","dateModified":"2026-04-21T10:30:06+00:00","mainEntityOfPage":{"@id":"https:\/\/swisstrans.info\/pt-pt\/2026\/04\/20\/a-associacao-swiss-supply-sera-dissolvida-no-final-de-abril\/"},"wordCount":426,"commentCount":0,"publisher":{"@id":"https:\/\/swisstrans.info\/pt-pt\/#organization"},"image":{"@id":"https:\/\/swisstrans.info\/pt-pt\/2026\/04\/20\/a-associacao-swiss-supply-sera-dissolvida-no-final-de-abril\/#primaryimage"},"thumbnailUrl":"https:\/\/swisstrans.info\/wp-content\/uploads\/sites\/8\/2026\/04\/Swiss-Supply_Logo_NEU_01_bearbeitet-600x395-1-aspect-ratio-1400-788.webp","keywords":["association logistique Suisse","Branchenimage Logistik","cha\u00eene de valeur","companies logistics","corridors Suisse","corridors Switzerland","Dachverband Logistik","Deutsch Swiss Supply","Digitalisierung Logistik","digitalization logistics","economic importance logistics","entreprises logistiques","Fachkr\u00e4ftemangel Logistik","gestion de la cha\u00eene d'approvisionnement","Hafenbetrieb Schweiz","image de l'industrie logistique","importance \u00e9conomique logistique","industrie du transport suisse","industry image logistics","infrastructure Suisse","infrastructure Switzerland","Infrastruktur Schweiz","Initiative Movement32","Korridore Schweiz","logistics association Switzerland","logistics sector","logistics service providers Switzerland","Logistikbranche","Logistikdienstleister Schweiz","Logistikverband Schweiz","Movement32 initiative","Nachwuchsf\u00f6rderung Logistik","num\u00e9risation logistique","op\u00e9rations portuaires Suisse","organisation fa\u00eeti\u00e8re logistique","partenariats logistiques","Partnerschaften Logistik English Swiss Supply","partnerships logistics Fran\u00e7ais Swiss Supply","p\u00e9nurie de main-d'\u0153uvre logistique","port operations Switzerland","prestataires de services logistiques Suisse","promotion de la jeunesse logistique","recyclage Suisse","Recycling Schweiz","recycling Switzerland","secteur logistique","skilled labor shortage logistics","Supply Chain Management","transport industry Switzerland","Transportwirtschaft Schweiz","umbrella organization logistics","Unternehmen Logistik","value chain","Wertsch\u00f6pfungskette","wirtschaftliche Bedeutung Logistik","youth promotion logistics"],"articleSection":["Logistik &amp; Spedition"],"inLanguage":"pt-PT","potentialAction":[{"@type":"CommentAction","name":"Comment","target":["https:\/\/swisstrans.info\/pt-pt\/2026\/04\/20\/a-associacao-swiss-supply-sera-dissolvida-no-final-de-abril\/#respond"]}]},{"@type":"WebPage","@id":"https:\/\/swisstrans.info\/pt-pt\/2026\/04\/20\/a-associacao-swiss-supply-sera-dissolvida-no-final-de-abril\/","url":"https:\/\/swisstrans.info\/pt-pt\/2026\/04\/20\/a-associacao-swiss-supply-sera-dissolvida-no-final-de-abril\/","name":"A associa\u00e7\u00e3o Swiss Supply ser\u00e1 dissolvida no final de abril - Swisstrans","isPartOf":{"@id":"https:\/\/swisstrans.info\/pt-pt\/#website"},"primaryImageOfPage":{"@id":"https:\/\/swisstrans.info\/pt-pt\/2026\/04\/20\/a-associacao-swiss-supply-sera-dissolvida-no-final-de-abril\/#primaryimage"},"image":{"@id":"https:\/\/swisstrans.info\/pt-pt\/2026\/04\/20\/a-associacao-swiss-supply-sera-dissolvida-no-final-de-abril\/#primaryimage"},"thumbnailUrl":"https:\/\/swisstrans.info\/wp-content\/uploads\/sites\/8\/2026\/04\/Swiss-Supply_Logo_NEU_01_bearbeitet-600x395-1-aspect-ratio-1400-788.webp","datePublished":"2026-04-20T08:53:41+00:00","dateModified":"2026-04-21T10:30:06+00:00","breadcrumb":{"@id":"https:\/\/swisstrans.info\/pt-pt\/2026\/04\/20\/a-associacao-swiss-supply-sera-dissolvida-no-final-de-abril\/#breadcrumb"},"inLanguage":"pt-PT","potentialAction":[{"@type":"ReadAction","target":["https:\/\/swisstrans.info\/pt-pt\/2026\/04\/20\/a-associacao-swiss-supply-sera-dissolvida-no-final-de-abril\/"]}]},{"@type":"ImageObject","inLanguage":"pt-PT","@id":"https:\/\/swisstrans.info\/pt-pt\/2026\/04\/20\/a-associacao-swiss-supply-sera-dissolvida-no-final-de-abril\/#primaryimage","url":"https:\/\/swisstrans.info\/wp-content\/uploads\/sites\/8\/2026\/04\/Swiss-Supply_Logo_NEU_01_bearbeitet-600x395-1-aspect-ratio-1400-788.webp","contentUrl":"https:\/\/swisstrans.info\/wp-content\/uploads\/sites\/8\/2026\/04\/Swiss-Supply_Logo_NEU_01_bearbeitet-600x395-1-aspect-ratio-1400-788.webp","width":600,"height":338},{"@type":"BreadcrumbList","@id":"https:\/\/swisstrans.info\/pt-pt\/2026\/04\/20\/a-associacao-swiss-supply-sera-dissolvida-no-final-de-abril\/#breadcrumb","itemListElement":[{"@type":"ListItem","position":1,"name":"Startseite","item":"https:\/\/swisstrans.info\/pt-pt\/"},{"@type":"ListItem","position":2,"name":"A associa\u00e7\u00e3o Swiss Supply ser\u00e1 dissolvida no final de abril"}]},{"@type":"WebSite","@id":"https:\/\/swisstrans.info\/pt-pt\/#website","url":"https:\/\/swisstrans.info\/pt-pt\/","name":"Swisstrans","description":"A Swisstrans \u00e9 uma plataforma de informa\u00e7\u00e3o para transporte e log\u00edstica na Su\u00ed\u00e7a, existente desde 2002, que liga expedidores a fornecedores de produtos e servi\u00e7os.","publisher":{"@id":"https:\/\/swisstrans.info\/pt-pt\/#organization"},"potentialAction":[{"@type":"SearchAction","target":{"@type":"EntryPoint","urlTemplate":"https:\/\/swisstrans.info\/pt-pt\/?s={search_term_string}"},"query-input":{"@type":"PropertyValueSpecification","valueRequired":true,"valueName":"search_term_string"}}],"inLanguage":"pt-PT"},{"@type":"Organization","@id":"https:\/\/swisstrans.info\/pt-pt\/#organization","name":"Logismedia Group AG","alternateName":"Logismedia Group AG","url":"https:\/\/swisstrans.info\/pt-pt\/","logo":{"@type":"ImageObject","inLanguage":"pt-PT","@id":"https:\/\/swisstrans.info\/pt-pt\/#\/schema\/logo\/image\/","url":"https:\/\/swisstrans.info\/wp-content\/uploads\/sites\/8\/2026\/01\/swisstrans_logo.png","contentUrl":"https:\/\/swisstrans.info\/wp-content\/uploads\/sites\/8\/2026\/01\/swisstrans_logo.png","width":823,"height":164,"caption":"Logismedia Group AG"},"image":{"@id":"https:\/\/swisstrans.info\/pt-pt\/#\/schema\/logo\/image\/"},"sameAs":["https:\/\/www.linkedin.com\/showcase\/swisstrans-info\/"]},{"@type":"Person","@id":"https:\/\/swisstrans.info\/pt-pt\/#\/schema\/person\/7b1593b33567ba798d300c8a1b0b85b1","name":"Andreas M\u00fcller","url":"https:\/\/swisstrans.info\/pt-pt\/author\/logismedia\/"}]}},"_links":{"self":[{"href":"https:\/\/swisstrans.info\/pt-pt\/wp-json\/wp\/v2\/posts\/100752","targetHints":{"allow":["GET"]}}],"collection":[{"href":"https:\/\/swisstrans.info\/pt-pt\/wp-json\/wp\/v2\/posts"}],"about":[{"href":"https:\/\/swisstrans.info\/pt-pt\/wp-json\/wp\/v2\/types\/post"}],"author":[{"embeddable":true,"href":"https:\/\/swisstrans.info\/pt-pt\/wp-json\/wp\/v2\/users\/7"}],"replies":[{"embeddable":true,"href":"https:\/\/swisstrans.info\/pt-pt\/wp-json\/wp\/v2\/comments?post=100752"}],"version-history":[{"count":1,"href":"https:\/\/swisstrans.info\/pt-pt\/wp-json\/wp\/v2\/posts\/100752\/revisions"}],"predecessor-version":[{"id":100805,"href":"https:\/\/swisstrans.info\/pt-pt\/wp-json\/wp\/v2\/posts\/100752\/revisions\/100805"}],"wp:featuredmedia":[{"embeddable":true,"href":"https:\/\/swisstrans.info\/pt-pt\/wp-json\/wp\/v2\/media\/100747"}],"wp:attachment":[{"href":"https:\/\/swisstrans.info\/pt-pt\/wp-json\/wp\/v2\/media?parent=100752"}],"wp:term":[{"taxonomy":"category","embeddable":true,"href":"https:\/\/swisstrans.info\/pt-pt\/wp-json\/wp\/v2\/categories?post=100752"},{"taxonomy":"post_tag","embeddable":true,"href":"https:\/\/swisstrans.info\/pt-pt\/wp-json\/wp\/v2\/tags?post=100752"}],"curies":[{"name":"wp","href":"https:\/\/api.w.org\/{rel}","templated":true}]}}